{"id":110819,"date":"2021-01-04T16:25:00","date_gmt":"2021-01-04T19:25:00","guid":{"rendered":"http:\/\/argentinamunicipal.com.ar\/argentina\/?p=110819"},"modified":"2021-01-04T16:25:00","modified_gmt":"2021-01-04T19:25:00","slug":"gestionan-custodiar-30-hectareas-de-la-ciudad-de-santa-fe-para-proyectar-planes-urbanisticos","status":"publish","type":"post","link":"http:\/\/argentinamunicipal.com.ar\/argentina\/gestionan-custodiar-30-hectareas-de-la-ciudad-de-santa-fe-para-proyectar-planes-urbanisticos\/","title":{"rendered":"Gestionan \u00abcustodiar\u00bb 30 hect\u00e1reas de la ciudad de Santa Fe para proyectar planes urban\u00edsticos"},"content":{"rendered":"<p>Son tierras fiscales ubicadas detr\u00e1s de la Estaci\u00f3n Belgrano y en los barrios Cabal y Los Troncos, donde hay asentamientos irregulares. Las acciones administrativas se realizan ante la Aabe. Obtener esa autorizaci\u00f3n permitir\u00eda intervenir bajo protocolo en los asentamientos, y luego buscar alternativas para la construcci\u00f3n de viviendas.<\/p>\n<p>El gobierno provincial ya remiti\u00f3 los expedientes a la Agencia de Administraci\u00f3n de Bienes del Estado (Aabe) en los que solicita obtener la custodia de unas 30 hect\u00e1reas de terrenos fiscales de tres zonas puntuales de la ciudad: 22,4 hect\u00e1reas de los terrenos detr\u00e1s de la ex Estaci\u00f3n Belgrano, unas seis manzanas en barrio Los Troncos y otro tanto en Cabal. En los tres casos, hay ocupaciones irregulares. La intenci\u00f3n: tras obtener la autorizaci\u00f3n administrativa de la custodia legal, abordar la problem\u00e1tica de los asentamientos y luego, planificar a futuro proyectos urban\u00edsticos.<\/p>\n<p>La gesti\u00f3n est\u00e1 avanzada y \u00ablos expedientes ya est\u00e1n en curso. Esperamos la resoluci\u00f3n final, pero estimamos que la Aabe nos autorizar\u00eda lo que solicitamos\u00bb, la dijo a El Litoral el secretario de H\u00e1bitat, Urbanismo y Vivienda provincial, Amado Zorz\u00f3n. \u00bfQu\u00e9 implicar\u00eda tener la custodia de esos terrenos fiscales? Que desde ese momento, el gobierno santafesino tiene legitimidad jur\u00eddica para poder actuar. \u00abY la idea es que frente a las ocupaciones irregulares, se trate de intervenir r\u00e1pidamente para evitar confrontaciones y buscar soluciones consensuadas\u00bb, a\u00f1adi\u00f3.<\/p>\n<p>La provincia ya cuenta con un protocolo de actuaci\u00f3n ante usurpaciones irregulares (elaborado interministerialmente entras las carteras de Infraestructura y H\u00e1bitat, Desarrollo Social, Derechos Humanos, G\u00e9nero), que se distribuy\u00f3 entre las 365 distritos de la bota santafesina. \u00abEse protocolo representa una sugerencia de c\u00f3mo intervenir ante una situaci\u00f3n de ocupaci\u00f3n, y consta de una serie de pasos. Cada jefe distrital puede aceptarlo o no; pero tuvimos buena recepci\u00f3n, porque la idea es que ante el derecho humano de tener un terreno y una vivienda, se plantea buscar una alternativa soluci\u00f3n para cada caso particular y por la v\u00eda legal, descartando -subray\u00f3 Zorz\u00f3n- el desalojo por la v\u00eda violenta\u00bb.<\/p>\n<p><strong>Proyecciones<\/strong><br \/>\nCon la custodia en mano, lo que se proyecta es dise\u00f1ar intervenciones urban\u00edsticas en los lotes de esos tres sectores (detr\u00e1s de la Belgrano, Cabal y Los Troncos). Consultado sobre qu\u00e9 tipo de planes de vivienda se llevar\u00edan adelante, el funcionario expres\u00f3 que se analizan diversas alternativas: \u00abSe est\u00e1n haciendo consultas a varias universidades (como la UTN), junto a nuestras propias propuestas, sobre todo es el terreno detr\u00e1s de la Estaci\u00f3n Belgrano, que es el m\u00e1s extenso\u00bb.<\/p>\n<p>Respecto de este \u00faltimo sector, Zorz\u00f3n adelant\u00f3 que ya hay estudios de urbanizaci\u00f3n social que se realizaron sobre toda esa zona. Pero hasta tanto no est\u00e9 la custodia legal, no se puede hacer nada: s\u00f3lo ir planificando, y reci\u00e9n despu\u00e9s se resolver\u00e1 qu\u00e9 planes de urbanizaci\u00f3n se desarrollar\u00e1n.<\/p>\n<p>-En gran parte de este amplio predio, hay muchos particulares que fueron haciendo \u00abampliaciones\u00bb de vivienda sobre terrenos que son de Naci\u00f3n. \u00bfC\u00f3mo se act\u00faa ante estos casos complejos?, pregunt\u00f3 El Litoral.<\/p>\n<p>-S\u00ed, esta situaci\u00f3n es m\u00e1s complicada. Pero antes que el desalojo no pac\u00edfico, est\u00e1 la v\u00eda legal. Vamos a ir viendo caso por caso, llegado el momento. Sabemos que hay una cuesti\u00f3n social detr\u00e1s. Por eso digo que todo esto amerita un estudio serio y un trabajo compartido con organizaciones sociales para poder adelante proyectos bien dise\u00f1ados.<\/p>\n<p>En el predio detr\u00e1s de la Estaci\u00f3n hay algunos asentamientos. Lo mismo en Cabal y Los Troncos. En barrio Transporte, la provincia ya tiene la tenencia del predio donde hubo una usurpaci\u00f3n (detr\u00e1s del CIC). Zorz\u00f3n consider\u00f3 que el ejemplo de c\u00f3mo se solucion\u00f3 el conflicto por la toma en un \u00e1rea de ese barrio fue \u00abexitoso\u00bb. \u00abPorque m\u00e1s all\u00e1 de la angustia y la incertidumbre que le genera a la gente, se trabaj\u00f3 y a\u00fan se trabaja con cada una de esas 15 familias. Sin la custodia debe intervenir la Aabe y el juez federal, es un proceso engorroso. Con la custodia, la intervenci\u00f3n es mas \u00e1gil\u00bb.<\/p>\n<p>La Ministra de Infraestructura, Servicios P\u00fablicos y H\u00e1bitat, Silvina Frana, hab\u00eda declarado que la urbanizaci\u00f3n de los barrios populares y el registro de terrenos fiscales (ver Relacionada) tienen como Norte \u00abelaborar pol\u00edticas concretas para comenzar a saldar el d\u00e9ficit habitacional a trav\u00e9s de diferentes programas, como Santa Fe Sin Ranchos, Lote Propio, N\u00facleos B\u00e1sicos -etc\u00e9tera-, para equilibrar los territorios con la infraestructura necesaria y accesos a la educaci\u00f3n, la salud y los servicios p\u00fablicos\u00bb.<\/p>\n<p>Obteniendo la custodia de esos terrenos, el gobierno santafesino podr\u00eda hacerse cargo del mantenimiento y vigilancia de los terrenos, evitando futuros asentamientos y proyectando desarrollos urban\u00edsticos de barrios populares y planes de viviendas.<\/p>\n<p>RUTFU<br \/>\nEl Registro \u00danico de Tierras Fiscales Urbanizables (RUTFU) es una sistema donde se va volcando toda la informaci\u00f3n sobre tierras urbanizables de toda la bota santafesina. \u00abA\u00fan no est\u00e1 completo, porque necesitamos la informaci\u00f3n de muchos municipios que no completaron hasta ahora la documentaci\u00f3n necesaria. Una vez que pueda actualizarse, ser\u00e1 una herramienta muy valiosa para gestionar el suelo pensando en dar la posibilidad de construir viviendas\u00bb, asegur\u00f3 Zorz\u00f3n.<\/p>\n<p>Tambi\u00e9n se analiza en cada caso en \u00edndice de demanda habitacional. \u00abPues no es lo mismo la demanda que hay en las grandes ciudades, como Santa Fe y Rosario, que la que puede haber en una peque\u00f1a localidad de mil o dos mil habitantes. Es algo que siempre implica an\u00e1lisis\u00bb, cerr\u00f3.<\/p>\n<h6>Fuente: El Litoral<\/h6>\n","protected":false},"excerpt":{"rendered":"<p>Son tierras fiscales ubicadas detr\u00e1s de la Estaci\u00f3n Belgrano y en los barrios Cabal y Los Troncos, donde hay asentamientos irregulares.<\/p>\n","protected":false},"author":2,"featured_media":110820,"comment_status":"closed","ping_status":"closed","sticky":false,"template":"","format":"standard","meta":{"footnotes":""},"categories":[2],"tags":[10],"class_list":["post-110819","post","type-post","status-publish","format-standard","has-post-thumbnail","hentry","category-informe-municipal","tag-santa-fe"],"_links":{"self":[{"href":"http:\/\/argentinamunicipal.com.ar\/argentina\/wp-json\/wp\/v2\/posts\/110819","targetHints":{"allow":["GET"]}}],"collection":[{"href":"http:\/\/argentinamunicipal.com.ar\/argentina\/wp-json\/wp\/v2\/posts"}],"about":[{"href":"http:\/\/argentinamunicipal.com.ar\/argentina\/wp-json\/wp\/v2\/types\/post"}],"author":[{"embeddable":true,"href":"http:\/\/argentinamunicipal.com.ar\/argentina\/wp-json\/wp\/v2\/users\/2"}],"replies":[{"embeddable":true,"href":"http:\/\/argentinamunicipal.com.ar\/argentina\/wp-json\/wp\/v2\/comments?post=110819"}],"version-history":[{"count":0,"href":"http:\/\/argentinamunicipal.com.ar\/argentina\/wp-json\/wp\/v2\/posts\/110819\/revisions"}],"wp:featuredmedia":[{"embeddable":true,"href":"http:\/\/argentinamunicipal.com.ar\/argentina\/wp-json\/wp\/v2\/media\/110820"}],"wp:attachment":[{"href":"http:\/\/argentinamunicipal.com.ar\/argentina\/wp-json\/wp\/v2\/media?parent=110819"}],"wp:term":[{"taxonomy":"category","embeddable":true,"href":"http:\/\/argentinamunicipal.com.ar\/argentina\/wp-json\/wp\/v2\/categories?post=110819"},{"taxonomy":"post_tag","embeddable":true,"href":"http:\/\/argentinamunicipal.com.ar\/argentina\/wp-json\/wp\/v2\/tags?post=110819"}],"curies":[{"name":"wp","href":"https:\/\/api.w.org\/{rel}","templated":true}]}}