{"id":110828,"date":"2021-01-05T06:04:35","date_gmt":"2021-01-05T09:04:35","guid":{"rendered":"http:\/\/argentinamunicipal.com.ar\/argentina\/?p=110828"},"modified":"2021-01-05T06:04:35","modified_gmt":"2021-01-05T09:04:35","slug":"durante-el-ultimo-ano-la-provincia-de-santa-fe-saldo-deudas-con-municipios-y-comunas-que-databan-del-2016","status":"publish","type":"post","link":"http:\/\/argentinamunicipal.com.ar\/argentina\/durante-el-ultimo-ano-la-provincia-de-santa-fe-saldo-deudas-con-municipios-y-comunas-que-databan-del-2016\/","title":{"rendered":"Durante el \u00faltimo a\u00f1o la Provincia de Santa Fe sald\u00f3 deudas con municipios y comunas que databan del 2016"},"content":{"rendered":"<p>Se transfiri\u00f3 un monto superior a los cinco mil millones de pesos, lo cual signific\u00f3 un 400 por ciento m\u00e1s que lo transferido en 2019.<\/p>\n<p>El Subsecretario de Comunas de Santa Fe, Carlos Kaufmann, afirm\u00f3 que, durante el \u00faltimo a\u00f1o, la Provincia debi\u00f3 saldar deudas a municipios y comunas que databan del a\u00f1o 2016,\u00a0lo cual signific\u00f3 un 400 por ciento m\u00e1s\u00a0que lo transferido en 2019.<\/p>\n<p>Seg\u00fan detall\u00f3 el funcionario, en el transcurso del 2020 se abonaron en concepto de Fondos de Obras Menores, Fondos de Financiamiento Educativo y otros \u00edtems,\u00a0un monto superior a los cinco mil millones de pesos, como consecuencia del \u201cretraso\u201d durante el \u00faltimo gobierno socialista.<\/p>\n<p>En general, las localidades que acusaban un retraso de pago m\u00e1s prolongado\u00a0correspond\u00edan a gestiones\u00a0Justicialistas y del frente Cambiemos.<\/p>\n<p>En la localidad Los Amores en el Departamento Vera, ejemplific\u00f3 Kaufmann, se le adeudaba fondos de Obras Menores desde el a\u00f1o 2016, \u201ccon el\u00a0argumento\u00a0de no haber presentado rendiciones, mientras lo que en realidad suced\u00eda era que la Provincia no hab\u00eda certificado las obras y de esa manera ten\u00eda retenido todos los fondos atrasados.<\/p>\n<p>La\u00a0dilataci\u00f3n en el pago\u00a0no solo ocasion\u00f3 un perjuicio para las comunidades, sino que gener\u00f3 una fenomenal devaluaci\u00f3n respecto al dinero leg\u00edtimo que correspond\u00eda a cada una de las localidades, \u201cde all\u00ed, la decisi\u00f3n del gobernador Omar Perotti de saldar todas las deudas\u201d, concluy\u00f3 Kaufmann en di\u00e1logo con\u00a0CADENA OH!.<\/p>\n<h6>Fuente: Sin Mordaza<\/h6>\n","protected":false},"excerpt":{"rendered":"<p>Se transfiri\u00f3 un monto superior a los cinco mil millones de pesos, lo cual signific\u00f3 un 400 por ciento m\u00e1s que lo transferido en 2019.<\/p>\n","protected":false},"author":2,"featured_media":110829,"comment_status":"closed","ping_status":"closed","sticky":false,"template":"","format":"standard","meta":{"footnotes":""},"categories":[2],"tags":[10],"class_list":["post-110828","post","type-post","status-publish","format-standard","has-post-thumbnail","hentry","category-informe-municipal","tag-santa-fe"],"_links":{"self":[{"href":"http:\/\/argentinamunicipal.com.ar\/argentina\/wp-json\/wp\/v2\/posts\/110828","targetHints":{"allow":["GET"]}}],"collection":[{"href":"http:\/\/argentinamunicipal.com.ar\/argentina\/wp-json\/wp\/v2\/posts"}],"about":[{"href":"http:\/\/argentinamunicipal.com.ar\/argentina\/wp-json\/wp\/v2\/types\/post"}],"author":[{"embeddable":true,"href":"http:\/\/argentinamunicipal.com.ar\/argentina\/wp-json\/wp\/v2\/users\/2"}],"replies":[{"embeddable":true,"href":"http:\/\/argentinamunicipal.com.ar\/argentina\/wp-json\/wp\/v2\/comments?post=110828"}],"version-history":[{"count":0,"href":"http:\/\/argentinamunicipal.com.ar\/argentina\/wp-json\/wp\/v2\/posts\/110828\/revisions"}],"wp:featuredmedia":[{"embeddable":true,"href":"http:\/\/argentinamunicipal.com.ar\/argentina\/wp-json\/wp\/v2\/media\/110829"}],"wp:attachment":[{"href":"http:\/\/argentinamunicipal.com.ar\/argentina\/wp-json\/wp\/v2\/media?parent=110828"}],"wp:term":[{"taxonomy":"category","embeddable":true,"href":"http:\/\/argentinamunicipal.com.ar\/argentina\/wp-json\/wp\/v2\/categories?post=110828"},{"taxonomy":"post_tag","embeddable":true,"href":"http:\/\/argentinamunicipal.com.ar\/argentina\/wp-json\/wp\/v2\/tags?post=110828"}],"curies":[{"name":"wp","href":"https:\/\/api.w.org\/{rel}","templated":true}]}}