{"id":110857,"date":"2021-01-06T04:52:56","date_gmt":"2021-01-06T07:52:56","guid":{"rendered":"http:\/\/argentinamunicipal.com.ar\/argentina\/?p=110857"},"modified":"2021-01-05T20:00:34","modified_gmt":"2021-01-05T23:00:34","slug":"el-fantasma-del-confinamiento-total-sobrevuela-europa","status":"publish","type":"post","link":"http:\/\/argentinamunicipal.com.ar\/argentina\/el-fantasma-del-confinamiento-total-sobrevuela-europa\/","title":{"rendered":"El fantasma del confinamiento total sobrevuela Europa"},"content":{"rendered":"<p>En el contiente europeo sigue avanzando el coronavirus pese al inicio de campa\u00f1as de vacunaci\u00f3n criticadas por su lentitud, mientras la pandemia aumenta los casos de infectados y fallecidos en Estados Unidos y Am\u00e9rica Latina.<\/p>\n<p>A nivel mundial, en las \u00faltimas 24 horas la Covid-19 dej\u00f3 m\u00e1s de medio mill\u00f3n de casos y m\u00e1s de 10.000 defunciones, elevando los totales a 85,7 millones y 1,85 millones, respectivamente, de acuerdo a la base de datos de la universidad Johns Hopkins.<\/p>\n<p>El fantasma de un confinamiento total sobrevolaba Europa y en este contexto, varios pa\u00edses decidieron endurecer las restricciones para detener un virus que present\u00f3 al menos tres nuevas variantes y una de ellas, la descubierta recientemente en el Reino Unido, ser\u00eda, seg\u00fan expertos, hasta 74% m\u00e1s contagiosa que la original.<\/p>\n<p>Las medidas, justamente, se reforzaron en Inglaterra, donde el nuevo confinamiento que se iniciar\u00e1 el mi\u00e9rcoles estar\u00e1 vigente hasta marzo pr\u00f3ximo, adelant\u00f3 Michael Gove, encargado de la coordinaci\u00f3n de la acci\u00f3n del Gobierno, al canal Sky News.<\/p>\n<p>Horas antes, la primera ministra de Escocia, Nicola Sturgeon, tambi\u00e9n anunci\u00f3 una nueva cuarentena total para la regi\u00f3n durante todo enero desde este martes y ante los crecientes rumores sobre un posible viaje del presidente de Estados Unidos, Donald Trump, record\u00f3 que los extranjeros solo podr\u00e1n ingresar por \u00abmotivos esenciales\u00bb.<\/p>\n<p>Estados Unidos, donde ya se detect\u00f3 la variante brit\u00e1nica del coroanvirus, contin\u00faa a la cabeza de los pa\u00edses m\u00e1s afectados con 20,9 millones de casos y 355.650 decesos, tras sumar 180.477 y 1903, respectivamente, en las \u00faltimas 24 horas.<\/p>\n<p>En tanto, en el Reino Unido, las recientes medidas adoptadas buscan frenar el aumento de enfermos que amenaza con saturar a los hospitales, donde se atiende diariamente a unos 26.600 -un 40% m\u00e1s que en el primer pico de la pandemia, en abril-, al tiempo que prev\u00e9 inocular a unas 13 millones de personas para mediados de febrero, gracias a una aceleraci\u00f3n de la campa\u00f1a con las vacunas de Pfizer\/BioNTech y AstraZeneca\/Oxford.<\/p>\n<p>Frente a la multiplicaci\u00f3n de casos de la mutaci\u00f3n brit\u00e1nica de la Covid-19, en Dinamarca, donde solo est\u00e1n abiertos los comercios esenciales, quedar\u00e1n prohibidas desde el mi\u00e9rcoles las reuniones de m\u00e1s de cinco personas\u00a0-la mitad de lo permitido hasta ahora- tanto bajo techo como en el exterior, y las distancias que deben respetarse entre las personas pasar\u00e1n de uno a dos metros, inform\u00f3 la agencia AFP.<\/p>\n<p>Entretanto, el Gobierno italiano extendi\u00f3 al menos hasta el 15 de este mes el toque de queda nocturno y prohibi\u00f3 los desplazamientos entre regiones, mientras que a partir del jueves pr\u00f3ximo volver\u00e1n a abrir de manera escalonada los bares y locales gastron\u00f3micos.<\/p>\n<p>A su vez, el director cient\u00edfico del hospital Spalanzani de Roma, Giuseppe Ippolito, anunci\u00f3 que el ant\u00eddoto producido por la empresa italiana ReiThera con aporte de fondos estatales, que finaliz\u00f3 la fase 1 con 100 voluntarios, \u00abes seguro\u00bb y que se concretar\u00e1 \u00aba la fase 3 antes del verano\u00bb, mientras que espera llegar a entre 10 y 15 millones de inmunizados con las dosis de Pfizer\/BioNTech antes de abril.<\/p>\n<p>A contramano, en Espa\u00f1a se report\u00f3 el peor dato diario en dos meses con 23.700 contagios y 352 decesos, y en la primera semana de campa\u00f1a se inmuniz\u00f3 contra la Covid-19 solo a 91.718 personas, una cifra muy alejada de las 350.000 unidades que el Ministerio de Sanidad puso a disposici\u00f3n de las regiones del pa\u00eds.<\/p>\n<p>El lento arranque del plan de vacunaci\u00f3n tambi\u00e9n fue criticado en Francia, por lo que el Gobierno prometi\u00f3 \u00abampliar, acelerar y simplificar\u00bb la din\u00e1mica de inoculaci\u00f3n que hasta el viernes pasado contabilizaba 516 personas con la primera dosis aplicada.<\/p>\n<p>\u00abAyer superamos las 2.000 vacunaciones y de aqu\u00ed el jueves volveremos a aumentar de forma muy significativa\u00bb el n\u00famero de vacunas administradas en el pa\u00eds, asegur\u00f3 el ministro de Salud franc\u00e9s, Olivier V\u00e9ran, en una entrevista concedida a la radio RTL.<\/p>\n<p>Por otro lado,\u00a0Alemania resolvi\u00f3 prolongar y reforzar el confinamiento parcial,\u00a0con comercios no esenciales, bares, restaurantes, centros culturales y de ocio y escuelas cerradas hasta el 31 de este mes, mientras se analiza una \u00abproducci\u00f3n conjunta de vacunas\u00bb con Rusia.<\/p>\n<p>Del otro lado del oc\u00e9ano Atl\u00e1ntico, M\u00e9xico autoriz\u00f3 el uso de emergencia de la vacuna de AstraZeneca\/Oxford y que podr\u00eda estar disponible en marzo,\u00a0inform\u00f3 el subsecretario de Salud, Hugo L\u00f3pez-Gatell, en Twitter, al tiempo que prev\u00e9 inmunizar entre 700.000 y 750.000 trabajadores sanitarios con la de Pfizer\/BioNTech.<\/p>\n<p>En Brasil, el segundo pa\u00eds con las muertes por la enfermedad y el tercero con m\u00e1s casos, la canciller\u00eda anunci\u00f3 la llegada de dos millones de dosis de la vacuna de AstraZeneca\/Oxford, producidas en India.<\/p>\n<p>En el marco de la pol\u00e9mica por la incertidumbre del plan de vacunaci\u00f3n, el presidente Jair Bolsonaro afirm\u00f3 que el pa\u00eds est\u00e1 \u00abquebrado\u00bb por la crisis generada por la pandemia y quit\u00f3 ayudas especiales a 68 millones de personas.<\/p>\n<p>Entretanto, en Chile un grupo de diputados de la opositora Democracia Cristiana present\u00f3 un proyecto de ley que busca hacer \u00abobligatoria\u00bb la vacunaci\u00f3n contra el coronavirus, porque as\u00ed se le dar\u00e1 \u00abuna se\u00f1al pol\u00edtica a la ciudadan\u00eda de que vacunarse es importante para la salud de todos, es generar confianza en la poblaci\u00f3n\u00bb.<\/p>\n<p>En Paraguay, el ministro de Salud, Julio Mazzoleni, present\u00f3 un proyecto de ley que busca acelerar las negociaciones por parte del sector p\u00fablico para la compra de inmunizaciones contra la Covid-19 previo a la llegada de las adquiridas a trav\u00e9s del mecanismo Covax, replic\u00f3 la agencia de noticias Sputnik.<\/p>\n<h6>Fuente: Telam<\/h6>\n","protected":false},"excerpt":{"rendered":"<p>En el contiente europeo sigue avanzando el coronavirus pese al inicio de campa\u00f1as de vacunaci\u00f3n criticadas por su lentitud, mientras la pandemia aumenta los casos de infectados y fallecidos en Estados Unidos y Am\u00e9rica Latina.<\/p>\n","protected":false},"author":2,"featured_media":110858,"comment_status":"closed","ping_status":"closed","sticky":false,"template":"","format":"standard","meta":{"footnotes":""},"categories":[22],"tags":[57],"class_list":["post-110857","post","type-post","status-publish","format-standard","has-post-thumbnail","hentry","category-el-mundo","tag-el-mundo"],"_links":{"self":[{"href":"http:\/\/argentinamunicipal.com.ar\/argentina\/wp-json\/wp\/v2\/posts\/110857","targetHints":{"allow":["GET"]}}],"collection":[{"href":"http:\/\/argentinamunicipal.com.ar\/argentina\/wp-json\/wp\/v2\/posts"}],"about":[{"href":"http:\/\/argentinamunicipal.com.ar\/argentina\/wp-json\/wp\/v2\/types\/post"}],"author":[{"embeddable":true,"href":"http:\/\/argentinamunicipal.com.ar\/argentina\/wp-json\/wp\/v2\/users\/2"}],"replies":[{"embeddable":true,"href":"http:\/\/argentinamunicipal.com.ar\/argentina\/wp-json\/wp\/v2\/comments?post=110857"}],"version-history":[{"count":0,"href":"http:\/\/argentinamunicipal.com.ar\/argentina\/wp-json\/wp\/v2\/posts\/110857\/revisions"}],"wp:featuredmedia":[{"embeddable":true,"href":"http:\/\/argentinamunicipal.com.ar\/argentina\/wp-json\/wp\/v2\/media\/110858"}],"wp:attachment":[{"href":"http:\/\/argentinamunicipal.com.ar\/argentina\/wp-json\/wp\/v2\/media?parent=110857"}],"wp:term":[{"taxonomy":"category","embeddable":true,"href":"http:\/\/argentinamunicipal.com.ar\/argentina\/wp-json\/wp\/v2\/categories?post=110857"},{"taxonomy":"post_tag","embeddable":true,"href":"http:\/\/argentinamunicipal.com.ar\/argentina\/wp-json\/wp\/v2\/tags?post=110857"}],"curies":[{"name":"wp","href":"https:\/\/api.w.org\/{rel}","templated":true}]}}