{"id":110860,"date":"2021-01-06T05:01:27","date_gmt":"2021-01-06T08:01:27","guid":{"rendered":"http:\/\/argentinamunicipal.com.ar\/argentina\/?p=110860"},"modified":"2021-01-05T20:15:40","modified_gmt":"2021-01-05T23:15:40","slug":"jair-bolsonaro-brasil-esta-quebrado-no-puedo-hacer-nada","status":"publish","type":"post","link":"http:\/\/argentinamunicipal.com.ar\/argentina\/jair-bolsonaro-brasil-esta-quebrado-no-puedo-hacer-nada\/","title":{"rendered":"Jair Bolsonaro: \u00abBrasil est\u00e1 quebrado, no puedo hacer nada\u00bb"},"content":{"rendered":"<p>En medio de la crisis econ\u00f3mica producto del coronavirus, Jair Bolsonaro justific\u00f3 el cese del apoyo a empresas y familias. Tambi\u00e9n culp\u00f3 a la prensa.<\/p>\n<p>El\u00a0presidente de\u00a0Brasil,\u00a0Jair Bolsonaro, afirm\u00f3 este martes que su pa\u00eds se encuentra \u00abquebrado\u00bb y que no puede hacer nada para resolver la\u00a0crisis generada por la pandemia de\u00a0coronavirus\u00a0Covid-19.\u00a0Las declaraciones ocurren en el marco de los cuestionamientos respecto al cese de las ayudas especiales para 68 millones de personas y el crecimiento de los datos de familias en la miseria.<\/p>\n<p>\u00abBrasil est\u00e1 quebrado, no puedo hacer nada\u00bb, declar\u00f3 Jair Bolsonaro a militantes de ultraderecha y activistas evang\u00e9licos apostados en la puerta del Palacio de la Alvorada, la residencia presidencial. \u00abYo quer\u00eda cambiar las categor\u00edas del Impuesto a las Ganancias, vino el virus, potencializado por estos medios de comunicaci\u00f3n que tenemos. Esta prensa sin car\u00e1cter\u00bb, lament\u00f3 el mandatario y agreg\u00f3: \u00abEs un trabajo incesante de intentar desgastar para sacarnos de aqu\u00ed (del Gobierno) y atender intereses que no pueden revelar\u00bb.<\/p>\n<p>El Gobierno de Brasil decidi\u00f3\u00a0no renovar los subsidios para las empresas a fin de cubrir parte de los salarios y que as\u00ed se mantengan las fuentes de trabajo, y\u00a0el auxilio de emergencia de 120 d\u00f3lares mensuales, que en el tercer trimestre de 2020 redujo a niveles de 1980 los \u00edndices de pobreza.<\/p>\n<p>El fin del auxilio de emergencia en diciembre, m\u00e1s la crisis econ\u00f3mica que elev\u00f3 el \u00edndice del desempleo al 14,3 por ciento en el fin de 2020, tambi\u00e9n tiene su correlato en la cantidad de familias en situaci\u00f3n de miseria, de acuerdo con el Ministerio de la Ciudadan\u00eda.<\/p>\n<p>En\u00a0octubre de 2020, 39,9 millones de personas se encontraban en la miseria\u00a0en Brasil, teniendo en cuenta a los que viven con hasta 89 reales mensuales (16 d\u00f3lares) por cada integrante de la familia. Desde que Jair Bolsonaro asumi\u00f3, 1,3 millones de familias cayeron en la miseria, de acuerdo con datos del Ministerio de la Ciudadan\u00eda.<\/p>\n<p>En febrero de 2016, las familias en situaci\u00f3n de miseria eran de 11.898.567 y en octubre de 2020 pasaron a ser 14.058.673.<\/p>\n<h6>Fuente: Minuto Uno<\/h6>\n","protected":false},"excerpt":{"rendered":"<p>En medio de la crisis econ\u00f3mica producto del coronavirus, Jair Bolsonaro justific\u00f3 el cese del apoyo a empresas y familias. Tambi\u00e9n culp\u00f3 a la prensa.<\/p>\n","protected":false},"author":2,"featured_media":110861,"comment_status":"closed","ping_status":"closed","sticky":false,"template":"","format":"standard","meta":{"footnotes":""},"categories":[22],"tags":[57],"class_list":["post-110860","post","type-post","status-publish","format-standard","has-post-thumbnail","hentry","category-el-mundo","tag-el-mundo"],"_links":{"self":[{"href":"http:\/\/argentinamunicipal.com.ar\/argentina\/wp-json\/wp\/v2\/posts\/110860","targetHints":{"allow":["GET"]}}],"collection":[{"href":"http:\/\/argentinamunicipal.com.ar\/argentina\/wp-json\/wp\/v2\/posts"}],"about":[{"href":"http:\/\/argentinamunicipal.com.ar\/argentina\/wp-json\/wp\/v2\/types\/post"}],"author":[{"embeddable":true,"href":"http:\/\/argentinamunicipal.com.ar\/argentina\/wp-json\/wp\/v2\/users\/2"}],"replies":[{"embeddable":true,"href":"http:\/\/argentinamunicipal.com.ar\/argentina\/wp-json\/wp\/v2\/comments?post=110860"}],"version-history":[{"count":0,"href":"http:\/\/argentinamunicipal.com.ar\/argentina\/wp-json\/wp\/v2\/posts\/110860\/revisions"}],"wp:featuredmedia":[{"embeddable":true,"href":"http:\/\/argentinamunicipal.com.ar\/argentina\/wp-json\/wp\/v2\/media\/110861"}],"wp:attachment":[{"href":"http:\/\/argentinamunicipal.com.ar\/argentina\/wp-json\/wp\/v2\/media?parent=110860"}],"wp:term":[{"taxonomy":"category","embeddable":true,"href":"http:\/\/argentinamunicipal.com.ar\/argentina\/wp-json\/wp\/v2\/categories?post=110860"},{"taxonomy":"post_tag","embeddable":true,"href":"http:\/\/argentinamunicipal.com.ar\/argentina\/wp-json\/wp\/v2\/tags?post=110860"}],"curies":[{"name":"wp","href":"https:\/\/api.w.org\/{rel}","templated":true}]}}