{"id":110863,"date":"2021-01-06T05:00:04","date_gmt":"2021-01-06T08:00:04","guid":{"rendered":"http:\/\/argentinamunicipal.com.ar\/argentina\/?p=110863"},"modified":"2021-01-05T20:26:56","modified_gmt":"2021-01-05T23:26:56","slug":"la-actividad-economica-crecera-49-en-argentina-en-2021","status":"publish","type":"post","link":"http:\/\/argentinamunicipal.com.ar\/argentina\/la-actividad-economica-crecera-49-en-argentina-en-2021\/","title":{"rendered":"La actividad econ\u00f3mica crecer\u00e1 4,9% en Argentina en 2021"},"content":{"rendered":"<p>Esta cifra implica una leve correcci\u00f3n respecto del Reporte de Perspectivas Regionales publicado en octubre \u00faltimo, cuando consider\u00f3 que el nivel de actividad repuntar\u00eda 5,5%. Similares porcentajes se prev\u00e9n para el resto de Latinoam\u00e9rica.<\/p>\n<p>El organismo tambi\u00e9n corrigi\u00f3 las estimaciones de 2020, en las que proyect\u00f3 una retracci\u00f3n de 10,6% en el nivel de actividad contra una ca\u00edda de 12,3% prevista en octubre.<\/p>\n<p>La econom\u00eda crecer\u00e1 4,9% en la Argentina en 2021, seg\u00fan las \u00faltimas estimaciones que public\u00f3 este martes el Banco Mundial.<\/p>\n<p>A trav\u00e9s de la actualizaci\u00f3n de su\u00a0informe Global Economic Prospect (GEP),\u00a0difundido esta tarde, el organismo multilateral revel\u00f3 que espera que la Argentina crezca 4,9%, lo que implica una leve correcci\u00f3n hacia abajo respecto del Reporte de Perspectivas Regionales publicado en octubre \u00faltimo, cuando consider\u00f3 que en nivel de actividad repuntar\u00eda 5,5%.<\/p>\n<p>El reporte anterior fue difundido por el Banco Mundial durante la cumbre anual conjunta con el FMI de octubre pasado.<\/p>\n<p>El organismo tambi\u00e9n corrigi\u00f3 las estimaciones de 2020, en la que proyect\u00f3 una retracci\u00f3n de 10,6% en el nivel de actividad contra una ca\u00edda de 12,3%\u00a0prevista hace apenas tres meses.<\/p>\n<p>\u00abSeg\u00fan las previsiones, la econom\u00eda de Argentina crecer\u00e1 un 4,9% en 2021, dado que la flexibilizaci\u00f3n de las medidas de mitigaci\u00f3n de la pandemia y la disminuci\u00f3n de la incertidumbre en torno a la reestructuraci\u00f3n de la deuda respaldar\u00e1n el consumo y la inversi\u00f3n privados\u00bb, se\u00f1al\u00f3 el reporte.<\/p>\n<p>Seg\u00fan el organismo,\u00a0\u00abla regi\u00f3n de Am\u00e9rica Latina y el Caribe se ha visto gravemente afectada por la pandemia\u00a0de Covid-19, tanto desde el punto de vista sanitario como desde una perspectiva econ\u00f3mica y cinco de las 10 econom\u00edas de mercados emergentes y en desarrollo con la mayor tasa de fallecimientos per c\u00e1pita a causa de dicha enfermedad est\u00e1n situados en la regi\u00f3n\u00bb.<\/p>\n<p>En el Banco Mundial proyectaron que\u00a0en 2020 \u00abla econom\u00eda regional se contrajo un 6,9%\u00a0debido a que los hogares y las empresas exhibieron una conducta de aversi\u00f3n al riesgo y las medidas para controlar la pandemia limitaron las actividades en el sector formal\u00bb.<\/p>\n<p>\u00abPara 2021 se espera que la actividad econ\u00f3mica regional crezca un 3,7%, a medida que se flexibilicen las iniciativas para mitigar la pandemia, se distribuyan vacunas, se estabilicen los precios de los principales productos b\u00e1sicos y mejoren las condiciones externas\u00bb, agreg\u00f3 el organismo.<\/p>\n<p>El Banco Mundial consider\u00f3 que este \u00abrepunte ser\u00e1 muy d\u00e9bil y se produce despu\u00e9s de una d\u00e9cada de crecimiento lento\u00bb.<\/p>\n<p>No obstante, alert\u00f3 que,\u00a0\u00aben un escenario negativo, en el que se retrase ladistribuci\u00f3n de las vacunas, con efectos econ\u00f3micos secundarios, el crecimiento podr\u00eda ser a\u00fan menor, del 1,9%\u00bb.<\/p>\n<p>En Brasil, se prev\u00e9 que el aumento de la confianza de los consumidores y las condiciones crediticias benignas respaldar\u00e1n un repunte del consumo y la inversi\u00f3n privados, que impulsar\u00e1 un crecimiento del 3% en 2021.<\/p>\n<p>Para la econom\u00eda m\u00e1s grande de Am\u00e9rica Latina, \u00abel sector privado se recuperar\u00e1 m\u00e1s lentamente que el industrial\u00a0debido a la persistencia de un cierto grado de aversi\u00f3n al riesgo entre los consumidores.<\/p>\n<p>En tanto, \u00abla proyecci\u00f3n de una recuperaci\u00f3n en M\u00e9xico se basa principalmente en una mejora de las exportaciones a medida que repunta la econom\u00eda estadounidense y la incertidumbre comercial se disipa tras la entrada en vigor del acuerdo entre Estados Unidos, M\u00e9xico y Canad\u00e1 a mediados de 2020\u00bb.<\/p>\n<p>De esta forma, se prev\u00e9 que\u00a0este a\u00f1o el crecimiento en M\u00e9xico \u00abse recuperar\u00e1 y llegar\u00e1 al 3,7%\u00bb, estimaron.<\/p>\n<p>En Colombia, al igual que en la Argentina, \u00abse prev\u00e9 que el crecimiento aumentar\u00e1 al 4,9%, respaldado por la demanda interna\u00bb.<\/p>\n<p>En Am\u00e9rica Central, se espera una recuperaci\u00f3n del crecimiento, al 3,6%, este a\u00f1o, con el respaldo de un mayor ingreso de remesas y una demanda de exportaci\u00f3n m\u00e1s s\u00f3lida, as\u00ed como la reconstrucci\u00f3n despu\u00e9sde dos huracanes.<\/p>\n<p>En el Caribe, se prev\u00e9 un repunte del crecimiento, al 4,5%, \u00abimpulsado por una recuperaci\u00f3n parcial del turismo\u00bb.<\/p>\n<p>Por \u00faltimo, el Banco Mundial alert\u00f3 de riesgos existentes en la regi\u00f3n, ya que la actividad podr\u00eda disminuir por varios factores, entre los que cit\u00f3 la imposibilidad de contener la pandemia, problemas relacionados con la deuda y el financiamiento externo, el resurgimiento de tensiones sociales, da\u00f1os econ\u00f3micos ocasionados por la pandemia cuya gravedad no se previ\u00f3, y perturbaciones relacionadas con el cambio clim\u00e1tico y los desastres naturales.<\/p>\n<h6>Fuente: Telam<\/h6>\n","protected":false},"excerpt":{"rendered":"<p>Esta cifra implica una leve correcci\u00f3n respecto del Reporte de Perspectivas Regionales publicado en octubre \u00faltimo, cuando consider\u00f3 que el nivel de actividad repuntar\u00eda 5,5%. Similares porcentajes se prev\u00e9n para el resto de Latinoam\u00e9rica.<\/p>\n","protected":false},"author":2,"featured_media":110864,"comment_status":"closed","ping_status":"closed","sticky":false,"template":"","format":"standard","meta":{"footnotes":""},"categories":[8],"tags":[21],"class_list":["post-110863","post","type-post","status-publish","format-standard","has-post-thumbnail","hentry","category-informe-nacional","tag-argentina"],"_links":{"self":[{"href":"http:\/\/argentinamunicipal.com.ar\/argentina\/wp-json\/wp\/v2\/posts\/110863","targetHints":{"allow":["GET"]}}],"collection":[{"href":"http:\/\/argentinamunicipal.com.ar\/argentina\/wp-json\/wp\/v2\/posts"}],"about":[{"href":"http:\/\/argentinamunicipal.com.ar\/argentina\/wp-json\/wp\/v2\/types\/post"}],"author":[{"embeddable":true,"href":"http:\/\/argentinamunicipal.com.ar\/argentina\/wp-json\/wp\/v2\/users\/2"}],"replies":[{"embeddable":true,"href":"http:\/\/argentinamunicipal.com.ar\/argentina\/wp-json\/wp\/v2\/comments?post=110863"}],"version-history":[{"count":0,"href":"http:\/\/argentinamunicipal.com.ar\/argentina\/wp-json\/wp\/v2\/posts\/110863\/revisions"}],"wp:featuredmedia":[{"embeddable":true,"href":"http:\/\/argentinamunicipal.com.ar\/argentina\/wp-json\/wp\/v2\/media\/110864"}],"wp:attachment":[{"href":"http:\/\/argentinamunicipal.com.ar\/argentina\/wp-json\/wp\/v2\/media?parent=110863"}],"wp:term":[{"taxonomy":"category","embeddable":true,"href":"http:\/\/argentinamunicipal.com.ar\/argentina\/wp-json\/wp\/v2\/categories?post=110863"},{"taxonomy":"post_tag","embeddable":true,"href":"http:\/\/argentinamunicipal.com.ar\/argentina\/wp-json\/wp\/v2\/tags?post=110863"}],"curies":[{"name":"wp","href":"https:\/\/api.w.org\/{rel}","templated":true}]}}