{"id":110879,"date":"2021-01-06T05:15:52","date_gmt":"2021-01-06T08:15:52","guid":{"rendered":"http:\/\/argentinamunicipal.com.ar\/argentina\/?p=110879"},"modified":"2021-01-05T21:41:14","modified_gmt":"2021-01-06T00:41:14","slug":"otro-paro-politico-de-las-patronales-del-campo","status":"publish","type":"post","link":"http:\/\/argentinamunicipal.com.ar\/argentina\/otro-paro-politico-de-las-patronales-del-campo\/","title":{"rendered":"Otro paro pol\u00edtico de las patronales del campo"},"content":{"rendered":"<p>La Mesa de Enlace sin Coninagro anunci\u00f3 un cese de comercializaci\u00f3n de todos los granos desde el lunes 11 al mi\u00e9rcoles 13 de este mes. El gobierno advirti\u00f3 que ante el paro \u00abno mover\u00e1 un pelo\u00bb la decisi\u00f3n de suspender exportaciones de ma\u00eds. En el interior bonaerense y en C\u00f3rdoba est\u00e1 en marcha la agenda de asambleas de productores \u00abautoconvocados\u00bb en donde hay simpat\u00eda pol\u00edtica por el PRO.<\/p>\n<p>El cierre de las exportaciones de ma\u00edz en enero y febrero sigue moviendo las fichas en el tablero de la pol\u00edtica del agro. La dirigencia de\u00a0la Mesa de Enlace sin Coninagro\u00a0anunci\u00f3 un cese de comercializaci\u00f3n de todos los granos desde el lunes 11 al mi\u00e9rcoles 13 de enero. El gobierno advirti\u00f3 que ante el paro \u00abno mover\u00e1 un pelo\u00bb la decisi\u00f3n de suspender exportaciones.<\/p>\n<p>De todas formas, previo al lockout, las empresas que componen la cadena del ma\u00edz, incluyendo productores e industrias que lo demandan como insumo en el marco del Consejo Agroindustrial Argentino, mantendr\u00e1n una reuni\u00f3n este mi\u00e9rcoles para poder consensuar y acercar alguna propuesta al gobierno, que puertas para adentro de muestras de estar dispuesto a rever la medida siempre que la salida sea negociada y no impuesta.<\/p>\n<p>Como sea, se transita un delicado camino. En el interior bonaerense y en la provincia de C\u00f3rdoba est\u00e1 en marcha la agenda de asambleas de productores \u00abautoconvocados\u00bb en donde hay simpat\u00eda pol\u00edtica por el PRO.<\/p>\n<p><strong>Una pata menos<\/strong><br \/>\nLa decisi\u00f3n de la Mesa de Enlace cont\u00f3 con el apoyo de la Sociedad Rural, Confederaciones Rurales Argentinas y la Federaci\u00f3n Agraria pero no de Coninagro. El lockout es un gui\u00f1o a las bases m\u00e1s duras en contra del gobierno y un poco de pirotecnia ante\u00a0el supuesto riesgo de que la medida del ma\u00edz sea el comienzo de mayor \u00abintervencionismo estatal\u00bb.<\/p>\n<p>\u201cNo es momento para un paro, pero si para reclamar que las medidas tomadas por el gobierno de intervenci\u00f3n y regulaci\u00f3n de los mercados no son las adecuadas y el sector cooperativo las rechaza por completo. No adherir al cese de comercializaci\u00f3n es una medida a favor del pa\u00eds, no a favor del Gobierno.\u00a0Hay un marco social muy complejo y queremos a trav\u00e9s del di\u00e1logo poder solucionar la competitividad del sector agropecuario. No rompemos con la Mesa de Enlace\u201d, dijo\u00a0Carlos Iannizzotto, presidente de Coninagro, al explicar los motivos que llevaron a la entidad a no adherir a la medida de fuerza.<\/p>\n<p>\u201cComo hemos trabajado sobre los consensos, tambi\u00e9n hemos sido respetuosos de la autonom\u00eda que tiene cada una de las entidades al interior de sus \u00f3rganos de Gobierno, y de las divergencias que puedan surgir de esa autonom\u00eda en cuanto a la forma de manifestar el malestar compartido\u201d, dijeron los dirigentes de la Mesa de Enlace en un comunicado.<\/p>\n<p>Las tres entidades que llevar\u00e1n a cabo la protesta insistieron \u00aben la necesidad de revisar esta medida absolutamente negativa para los intereses de todos los argentinos, en un marco del di\u00e1logo con las autoridades que puedan resolver los destinos del futuro del campo y del pa\u00eds\u00bb, en el marco de una reuni\u00f3n celebrada a trav\u00e9s de la plataforma Zoom.<\/p>\n<p><strong>Respuesta oficial<\/strong><br \/>\nHoras antes de la reuni\u00f3n de la dirigencia rural,\u00a0el ministro de Obras P\u00fablicas, Gabriel Katopodis, hab\u00eda advertido que \u00absi hacen un lockout, el Gobierno no se va a mover un cent\u00edmetro\u201d. \u201cQue aquellos que pueden hacer el esfuerzo lo hagan. No solo con el aporte extraordinario sino tambi\u00e9n cumpliendo su responsabilidad en las decisiones que est\u00e1n marcadas por el inter\u00e9s colectivo y no solo por el inter\u00e9s sectorial. Al campo le ha ido muy bien y por una vez debe pensar en el bien de los argentinos. Tuvieron ganancias por encima de la media de los argentinos. El esfuerzo lo tienen que hacer aquellos que puedan hacerlo. Los empresarios pymes, los comerciantes y los laburantes ya han hecho un gran esfuerzo durante el a\u00f1o y no pueden m\u00e1s, necesitan que el Estado los acompa\u00f1e y los apuntale\u201d, indic\u00f3 el ministro.<\/p>\n<p>En paralelo, van a haber\u00a0negociaciones en estos d\u00edas entre los actores de la cadena del ma\u00edz y el gobierno. La idea del Ejecutivo es que entre privados puedan llegar a acuerdos de abastecimiento del ma\u00edz, para evitar faltantes y sobreprecios en las industrias que lo utilizan como insumo.<\/p>\n<p>Por lo pronto, las entidades que re\u00fanen a la cadena de producci\u00f3n de los cuatro cultivos (AcSoja, Maizar, ArgenTrigo y Asagir) criticaron la medida del gobierno al plantear que \u00aberosiona fuertemente la confianza y conduce a que inmediatamente se retraigan las inversiones, tanto las de corto plazo, como puede ser el plan de siembra y paquete tecnol\u00f3gico a aplicar, como tambi\u00e9n en las inversiones de largo plazo, como la decisi\u00f3n de comenzar un programa de Investigaci\u00f3n y desarrollo, o la construcci\u00f3n de una planta industrial. Al mismo tiempo, necesitamos demostrarles a nuestros clientes del exterior que pueden contar un proveedor confiable\u00bb.<\/p>\n<p><strong>Suspensi\u00f3n temporaria<\/strong><br \/>\nLa reacci\u00f3n del agro responde a la decisi\u00f3n del gobierno de\u00a0suspender temporariamente la exportaci\u00f3n de ma\u00edz hasta el primero de marzo de 2021, cuando arranca formalmente la nueva campa\u00f1a de venta 2020\/21 del cereal.<\/p>\n<p>El argumento oficial consiste en la necesidad de asegurar el abastecimiento del grano para los sectores que lo utilizan como materia prima en sus procesos de transformaci\u00f3n, como carne de cerdo, pollo, huevos, leche y feedlot.<\/p>\n<p>Empresarios de la industria aviar, principal demandante de ma\u00edz, tuvieron reuniones en las \u00faltimas semanas con autoridades del Ejecutivo para explicar las dificultad en el acceso al grano a buenos precios, en un contexto de fuerte aumento a nivel internacional. Por eso, presionaban para su salida del programa de Precios M\u00e1ximos.<\/p>\n<p>Los n\u00fameros oficiales marcan que a la fecha se lleva autorizada la exportaci\u00f3n de 34,23 millones de toneladas de ma\u00edz de la presente campa\u00f1a 2019\/20 sobre un total te\u00f3rico exportable de 38,50 millones de toneladas. Es decir que\u00a0ya se vendi\u00f3 al exterior casi el 90 por ciento de lo que se preve\u00eda. Ahora se calcula que a la oferta interna te\u00f3ricamente disponible de unas 4 millones de toneladas se suman las 4 millones que iban a la exportaci\u00f3n.<\/p>\n<p>Los llamados productores autoconvocados tienen armado un\u00a0cronograma de asambleas\u00a0confirmadas para calentar motores en contra del Gobierno. Este martes hubo una concentraci\u00f3n en R\u00edo Cuarto y le seguir\u00e1n en los pr\u00f3ximos d\u00edas encuentros en Bell Ville, Pergamino, Cruce de A012 y ruta 34, cruce ruta 9 y 178, Jes\u00fas Mar\u00eda, Pampa del Pocho y Crespo.<\/p>\n<h6>Fuente: P\u00e1gina 12<\/h6>\n","protected":false},"excerpt":{"rendered":"<p>La Mesa de Enlace sin Coninagro anunci\u00f3 un cese de comercializaci\u00f3n de todos los granos desde el lunes 11 al mi\u00e9rcoles 13 de este mes.<\/p>\n","protected":false},"author":2,"featured_media":110880,"comment_status":"closed","ping_status":"closed","sticky":false,"template":"","format":"standard","meta":{"footnotes":""},"categories":[8],"tags":[21],"class_list":["post-110879","post","type-post","status-publish","format-standard","has-post-thumbnail","hentry","category-informe-nacional","tag-argentina"],"_links":{"self":[{"href":"http:\/\/argentinamunicipal.com.ar\/argentina\/wp-json\/wp\/v2\/posts\/110879","targetHints":{"allow":["GET"]}}],"collection":[{"href":"http:\/\/argentinamunicipal.com.ar\/argentina\/wp-json\/wp\/v2\/posts"}],"about":[{"href":"http:\/\/argentinamunicipal.com.ar\/argentina\/wp-json\/wp\/v2\/types\/post"}],"author":[{"embeddable":true,"href":"http:\/\/argentinamunicipal.com.ar\/argentina\/wp-json\/wp\/v2\/users\/2"}],"replies":[{"embeddable":true,"href":"http:\/\/argentinamunicipal.com.ar\/argentina\/wp-json\/wp\/v2\/comments?post=110879"}],"version-history":[{"count":0,"href":"http:\/\/argentinamunicipal.com.ar\/argentina\/wp-json\/wp\/v2\/posts\/110879\/revisions"}],"wp:featuredmedia":[{"embeddable":true,"href":"http:\/\/argentinamunicipal.com.ar\/argentina\/wp-json\/wp\/v2\/media\/110880"}],"wp:attachment":[{"href":"http:\/\/argentinamunicipal.com.ar\/argentina\/wp-json\/wp\/v2\/media?parent=110879"}],"wp:term":[{"taxonomy":"category","embeddable":true,"href":"http:\/\/argentinamunicipal.com.ar\/argentina\/wp-json\/wp\/v2\/categories?post=110879"},{"taxonomy":"post_tag","embeddable":true,"href":"http:\/\/argentinamunicipal.com.ar\/argentina\/wp-json\/wp\/v2\/tags?post=110879"}],"curies":[{"name":"wp","href":"https:\/\/api.w.org\/{rel}","templated":true}]}}