{"id":110916,"date":"2021-01-07T05:18:45","date_gmt":"2021-01-07T08:18:45","guid":{"rendered":"http:\/\/argentinamunicipal.com.ar\/argentina\/?p=110916"},"modified":"2021-01-06T14:21:22","modified_gmt":"2021-01-06T17:21:22","slug":"guzman-llamo-a-recortar-el-poder-de-los-acreedores-de-deudas-soberanas","status":"publish","type":"post","link":"http:\/\/argentinamunicipal.com.ar\/argentina\/guzman-llamo-a-recortar-el-poder-de-los-acreedores-de-deudas-soberanas\/","title":{"rendered":"Guzm\u00e1n llam\u00f3 a recortar el poder de los acreedores de deudas soberanas"},"content":{"rendered":"<p>El ministro de Econom\u00eda consider\u00f3 que es necesario contrarrestar la \u00abintensa presi\u00f3n de lobby\u00bb de los acreedores de deudas soberanas \u00abpara promover sus intereses\u00bb en detrimento de los pa\u00edses endeudados.<\/p>\n<p>El ministro de Econom\u00eda, Mart\u00edn Guzm\u00e1n, consider\u00f3 que \u00abes necesario instituir un marco internacional que reduzca los desequilibrios de poder econ\u00f3mico\u00bb, de manera de contrarrestar la \u00abintensa presi\u00f3n de lobby\u00bb de los acreedores de deudas soberanas \u00abpara promover sus intereses\u00bb en detrimento de los pa\u00edses endeudados.<\/p>\n<p>\u00abEs necesario instituir un marco internacional que reduzca los desequilibrios de poder econ\u00f3mico que tan a menudo empeoran la situaci\u00f3n de los pa\u00edses endeudados\u00bb, afirm\u00f3 Guzm\u00e1n en una columna de su autor\u00eda publicada en el sitio web de Project Syndicate, una organizaci\u00f3n internacional sin fines de lucro de uni\u00f3n de editores, prensa y asociaci\u00f3n de peri\u00f3dicos.<\/p>\n<p>El titular del Palacio de Hacienda sostuvo que\u00a0\u00abcuando la econom\u00eda pol\u00edtica de un pa\u00eds tiene problemas sin resolver, ni siquiera una mejora de los marcos permitir\u00e1 superarlos\u00bb.<\/p>\n<p>En ese sentido, subray\u00f3 que \u00ablos acreedores privados conservan mucho poder\u00bb, y asegur\u00f3 que \u00abpueden generar una intensa presi\u00f3n de lobby para promover sus intereses, con gran capacidad para debilitar los esfuerzos y la legitimidad no s\u00f3lo de las autoridades del gobierno en cuesti\u00f3n sino tambi\u00e9n de los funcionarios del Fondo Monetario Internacional (FMI)\u00bb.<\/p>\n<p>El funcionario indic\u00f3 que\u00a0\u00aben Argentina, la pandemia lleg\u00f3 en un momento en que el pa\u00eds no ten\u00eda acceso al cr\u00e9dito\u00bb.<\/p>\n<p>\u00abEn este contexto, iniciamos y concluimos una reestructuraci\u00f3n de deuda soberana en la que por primera vez se probaron las cl\u00e1usulas de acci\u00f3n colectiva (CAC) que se adoptaron como nuevo est\u00e1ndar para los mercados en 2014\u00bb, destac\u00f3 el ministro.<\/p>\n<p>Se\u00f1al\u00f3 que\u00a0\u00abtras unos pocos meses de intensas negociaciones, Argentina y sus acreedores llegaron a una soluci\u00f3n\u00bb, y puntualiz\u00f3 que \u00ablos acuerdos negociados ahorrar\u00e1n a Argentina m\u00e1s de US$ 37.000 millones en pagos de la deuda en el transcurso de la pr\u00f3xima d\u00e9cada, con la reducci\u00f3n del tipo de inter\u00e9s promedio en d\u00f3lares desde alrededor del 7% a casi 3%\u00bb.<\/p>\n<p>Adem\u00e1s, destac\u00f3 que \u00abal activarse las cl\u00e1usulas de acci\u00f3n colectiva, la proporci\u00f3n de deuda reestructurada se ampli\u00f3 desde una alta tasa de aceptaci\u00f3n del 93,5% hasta 99%, y 100% para el stock de bonos emitidos conforme a las CAC despu\u00e9s de 2014\u00bb.<\/p>\n<p>Guzm\u00e1n sostuvo que \u00abde este proceso surgen varias ense\u00f1anzas para futuras reestructuraciones de deuda soberana\u00bb, y remarc\u00f3 que \u00aben primer lugar, el papel (positivo o negativo) del FMI es fundamental\u00bb.<\/p>\n<p>Al respecto, subray\u00f3 que \u00abhay un amplio consenso entre los analistas en el sentido de que muchas veces en las \u00faltimas cuatro d\u00e9cadas, el Fondo demor\u00f3 y dificult\u00f3 reestructuraciones de deuda\u00bb, pero afirm\u00f3 que \u00abesta vez, sus contribuciones ayudaron a que nuestra deuda volviera a ser sostenible\u00bb.<\/p>\n<p>En segundo lugar, evalu\u00f3 que \u00abtener CAC mejoradas ayuda, pero no es suficiente\u00bb, y advirti\u00f3 que \u00ablas diferencias de opini\u00f3n entre acreedores y deudores todav\u00eda pueden generar procesos de resoluci\u00f3n prolongados con consecuencias econ\u00f3micas y sociales peligrosas\u00bb.<\/p>\n<p>Por eso consider\u00f3 que \u00abes necesario complementar las nuevas CAC con una mejora de la arquitectura internacional de reestructuraci\u00f3n de deudas soberanas, tarea que el G20 asumi\u00f3 en el contexto de la pandemia\u00bb.<\/p>\n<p>El ministro indic\u00f3 que\u00a0\u00abla reestructuraci\u00f3n argentina de 2020 cont\u00f3 con el beneficio de un amplio apoyo de actores globales muy influyentes\u00bb,\u00a0y precis\u00f3 que \u00abadem\u00e1s del FMI, avalaron el proceso 150 acad\u00e9micos de renombre internacional, incluidos varios premios Nobel, los miembros del G20 y el papa Francisco\u00bb.<\/p>\n<p>Adem\u00e1s, destac\u00f3 que \u00abhubo tambi\u00e9n amplio apoyo interno, y el Congreso Nacional dict\u00f3 r\u00e1pidamente dos leyes que fueron esenciales para el logro de una reestructuraci\u00f3n ordenada\u00bb.<\/p>\n<p>Sin embargo, estim\u00f3 que\u00a0\u00abcomo est\u00e1n las cosas, es probable que la pandemia deje a otros pa\u00edses con problemas de deuda, que ser\u00e1 necesario resolver para garantizar la recuperaci\u00f3n econ\u00f3mica\u00bb.\u00a0pero remarc\u00f3 que \u00abmuchos no tendr\u00e1n la capacidad que tuvo el gobierno argentino para asegurar un terreno de juego parejo durante las negociaciones\u00bb.<\/p>\n<p>Sostuvo que \u00aben el contexto habitual de asimetr\u00edas de poder, estos gobiernos enfrentar\u00e1n demandas excesivas de los acreedores, y tendr\u00e1n que mantenerse firmes para defender los intereses del pueblo al que representan\u00bb.<\/p>\n<p>En consecuencia, afirm\u00f3 que\u00a0\u00abpara que tengan una oportunidad de salir airosos, es necesario instituir un marco internacional que reduzca los desequilibrios de poder econ\u00f3mico que tan a menudo empeoran la situaci\u00f3n de los pa\u00edses endeudados\u00bb.<\/p>\n<h6>Fuente: Telam<\/h6>\n","protected":false},"excerpt":{"rendered":"<p>El ministro de Econom\u00eda consider\u00f3 que es necesario contrarrestar la \u00abintensa presi\u00f3n de lobby\u00bb de los acreedores de deudas soberanas \u00abpara promover sus intereses\u00bb en detrimento de los pa\u00edses endeudados.<\/p>\n","protected":false},"author":2,"featured_media":110917,"comment_status":"closed","ping_status":"closed","sticky":false,"template":"","format":"standard","meta":{"footnotes":""},"categories":[8],"tags":[21],"class_list":["post-110916","post","type-post","status-publish","format-standard","has-post-thumbnail","hentry","category-informe-nacional","tag-argentina"],"_links":{"self":[{"href":"http:\/\/argentinamunicipal.com.ar\/argentina\/wp-json\/wp\/v2\/posts\/110916","targetHints":{"allow":["GET"]}}],"collection":[{"href":"http:\/\/argentinamunicipal.com.ar\/argentina\/wp-json\/wp\/v2\/posts"}],"about":[{"href":"http:\/\/argentinamunicipal.com.ar\/argentina\/wp-json\/wp\/v2\/types\/post"}],"author":[{"embeddable":true,"href":"http:\/\/argentinamunicipal.com.ar\/argentina\/wp-json\/wp\/v2\/users\/2"}],"replies":[{"embeddable":true,"href":"http:\/\/argentinamunicipal.com.ar\/argentina\/wp-json\/wp\/v2\/comments?post=110916"}],"version-history":[{"count":0,"href":"http:\/\/argentinamunicipal.com.ar\/argentina\/wp-json\/wp\/v2\/posts\/110916\/revisions"}],"wp:featuredmedia":[{"embeddable":true,"href":"http:\/\/argentinamunicipal.com.ar\/argentina\/wp-json\/wp\/v2\/media\/110917"}],"wp:attachment":[{"href":"http:\/\/argentinamunicipal.com.ar\/argentina\/wp-json\/wp\/v2\/media?parent=110916"}],"wp:term":[{"taxonomy":"category","embeddable":true,"href":"http:\/\/argentinamunicipal.com.ar\/argentina\/wp-json\/wp\/v2\/categories?post=110916"},{"taxonomy":"post_tag","embeddable":true,"href":"http:\/\/argentinamunicipal.com.ar\/argentina\/wp-json\/wp\/v2\/tags?post=110916"}],"curies":[{"name":"wp","href":"https:\/\/api.w.org\/{rel}","templated":true}]}}