{"id":110924,"date":"2021-01-07T05:00:02","date_gmt":"2021-01-07T08:00:02","guid":{"rendered":"http:\/\/argentinamunicipal.com.ar\/argentina\/?p=110924"},"modified":"2021-01-06T14:28:38","modified_gmt":"2021-01-06T17:28:38","slug":"daniel-arroyo-vamos-a-generar-puestos-de-trabajo-y-urbanizar-barrios-populares","status":"publish","type":"post","link":"http:\/\/argentinamunicipal.com.ar\/argentina\/daniel-arroyo-vamos-a-generar-puestos-de-trabajo-y-urbanizar-barrios-populares\/","title":{"rendered":"Daniel Arroyo: \u201cVamos a generar puestos de trabajo y urbanizar barrios populares\u201d"},"content":{"rendered":"<p>El dirigente defini\u00f3 la situaci\u00f3n social como cr\u00edtica y mostr\u00f3 preocupaci\u00f3n ante el aumento de los contagios de covid. Volvi\u00f3 a asegurar que si hay rebrote, el Gobierno va a generar las medidas de emergencia que se requieren en lo alimentario y en lo laboral.<\/p>\n<p>El ministro de Desarrollo Social, Daniel Arroyo, adelant\u00f3 que este a\u00f1o se concentrar\u00e1 en la generaci\u00f3n de \u201c300 mil puestos de trabajo\u201d en los sectores populares y la urbanizaci\u00f3n de 400 barrios y villas porque \u201cla salida es el trabajo\u201d, pero sin descuidar la situaci\u00f3n alimentaria, y precis\u00f3 que si se produce un rebrote de covid se tomar\u00e1n \u201cmedidas de emergencia para atender la situaci\u00f3n social\u201d.<\/p>\n<p>\u201cPara este a\u00f1o, tenemos previsto generar 300 mil puestos de trabajo, urbanizar 400 barrios populares para resolver los problemas de hacinamiento y, al mismo tiempo, motorizar el empleo vinculado a la construcci\u00f3n. Queremos crear 800 jardines de infantes porque eso permitir\u00e1 incluir a los ni\u00f1os y ni\u00f1as y darles oportunidades. Eso lo vamos a hacer sin dejar de lado la cobertura alimentaria\u201d, indic\u00f3 Arroyo en declaraciones radiales.<\/p>\n<p>El ministro defini\u00f3 a la situaci\u00f3n social como cr\u00edtica, y mostr\u00f3 preocupaci\u00f3n ante el aumento de los contagios de covid. En este sentido, asegur\u00f3 que si hay rebrote, el gobierno va a generar \u201clas medidas de emergencia que se requieren en lo alimentario y en lo que tiene que ver con el trabajo. Antes de navidad estaba bajando un poquito la cantidad de gente en los comedores, por el aumento de las changas en la construcci\u00f3n y lo textil. Ahora estamos viendo qu\u00e9 pasa; si hay rebrote va a haber medidas sociales de excepci\u00f3n para atender la situaci\u00f3n\u201d.<\/p>\n<p>\u201cEl a\u00f1o pasado empec\u00e9 con un presupuesto de 84 mil millones de pesos, pero termin\u00e9 con uno de 240 mil millones de pesos. Hubo una situaci\u00f3n excepcional y el Estado no se retir\u00f3, sino que acompa\u00f1\u00f3 porque nuestro modelo de racionalidad econ\u00f3mica es con todos adentro\u201d, dijo Arroyo y complet\u00f3: \u201cEste a\u00f1o vamos a trabajar con el eje en la reinserci\u00f3n laboral a las personas que no pudieron hacerlo por la pandemia\u201d.<\/p>\n<p>Frente a la pandemia, el estado desarroll\u00f3 tres v\u00edas de asistencia alimentaria, a trav\u00e9s de transferencias a los comedores, con la Tarjeta Alimentar y el sistema de bolsones que se distribuyen en las escuelas. En los \u00faltimos meses de 2020 se relanz\u00f3 el programa Potenciar Trabajo, un ingreso de 10 mil pesos por una contraprestaci\u00f3n laboral de cuatro horas, que en este momento llega a 700 mil personas.<\/p>\n<p>Seg\u00fan el ultimo informe de la UCA, que llega al tercer trimestre de 2020, el 10 por ciento de los argentinos est\u00e1n en situaci\u00f3n de indigencia, que sin la asistencia que despleg\u00f3 el estado hubiera sido de 27 por ciento. En situaci\u00f3n de pobreza est\u00e1 el 44 por ciento de la poblaci\u00f3n -hubiera sido del 53 por ciento sin las pol\u00edticas de ingresos como el IFE y los ATP-.<\/p>\n<p>\u00abLa situaci\u00f3n social es critica porque tenemos pobreza por ingresos, pobreza estructural, de quienes viven hacinados y sin acceso a los servicios,\u00a0 y una nueva pobreza, de gente que en la pandemia se cay\u00f3\u00bb. Arroyo advirti\u00f3 que a este panorama se suma el problema del costo de los alimentos, que a pesar de la situaci\u00f3n de pandemia sufren aumentos sostenidos.<\/p>\n<h6>Fuente: P\u00e1gina 12<\/h6>\n","protected":false},"excerpt":{"rendered":"<p>El dirigente defini\u00f3 la situaci\u00f3n social como cr\u00edtica y mostr\u00f3 preocupaci\u00f3n ante el aumento de los contagios de covid. Volvi\u00f3 a asegurar que si hay rebrote, el Gobierno va a generar las medidas de emergencia que se requieren en lo alimentario y en lo laboral.<\/p>\n","protected":false},"author":2,"featured_media":110925,"comment_status":"closed","ping_status":"closed","sticky":false,"template":"","format":"standard","meta":{"footnotes":""},"categories":[8],"tags":[21],"class_list":["post-110924","post","type-post","status-publish","format-standard","has-post-thumbnail","hentry","category-informe-nacional","tag-argentina"],"_links":{"self":[{"href":"http:\/\/argentinamunicipal.com.ar\/argentina\/wp-json\/wp\/v2\/posts\/110924","targetHints":{"allow":["GET"]}}],"collection":[{"href":"http:\/\/argentinamunicipal.com.ar\/argentina\/wp-json\/wp\/v2\/posts"}],"about":[{"href":"http:\/\/argentinamunicipal.com.ar\/argentina\/wp-json\/wp\/v2\/types\/post"}],"author":[{"embeddable":true,"href":"http:\/\/argentinamunicipal.com.ar\/argentina\/wp-json\/wp\/v2\/users\/2"}],"replies":[{"embeddable":true,"href":"http:\/\/argentinamunicipal.com.ar\/argentina\/wp-json\/wp\/v2\/comments?post=110924"}],"version-history":[{"count":0,"href":"http:\/\/argentinamunicipal.com.ar\/argentina\/wp-json\/wp\/v2\/posts\/110924\/revisions"}],"wp:featuredmedia":[{"embeddable":true,"href":"http:\/\/argentinamunicipal.com.ar\/argentina\/wp-json\/wp\/v2\/media\/110925"}],"wp:attachment":[{"href":"http:\/\/argentinamunicipal.com.ar\/argentina\/wp-json\/wp\/v2\/media?parent=110924"}],"wp:term":[{"taxonomy":"category","embeddable":true,"href":"http:\/\/argentinamunicipal.com.ar\/argentina\/wp-json\/wp\/v2\/categories?post=110924"},{"taxonomy":"post_tag","embeddable":true,"href":"http:\/\/argentinamunicipal.com.ar\/argentina\/wp-json\/wp\/v2\/tags?post=110924"}],"curies":[{"name":"wp","href":"https:\/\/api.w.org\/{rel}","templated":true}]}}