{"id":110942,"date":"2021-01-06T19:29:40","date_gmt":"2021-01-06T22:29:40","guid":{"rendered":"http:\/\/argentinamunicipal.com.ar\/argentina\/?p=110942"},"modified":"2021-01-06T19:31:07","modified_gmt":"2021-01-06T22:31:07","slug":"cine-itinerante-por-los-derechos-comienza-en-la-costanera-oeste-en-santa-fe","status":"publish","type":"post","link":"http:\/\/argentinamunicipal.com.ar\/argentina\/cine-itinerante-por-los-derechos-comienza-en-la-costanera-oeste-en-santa-fe\/","title":{"rendered":"\u00abCine itinerante por los derechos\u201d comienza en la Costanera Oeste en Santa Fe"},"content":{"rendered":"<p>Hoy martes, a las 19, se proyectar\u00e1 \u201cPan y rosas\u201d, la primera pel\u00edcula del ciclo en la sede de la Direcci\u00f3n de Deportes Municipal, en Almirante Brown 5294. La entrada es libre y gratuita.<\/p>\n<p>La sede de la Direcci\u00f3n de Deportes, de Almirante Brown 5294, ser\u00e1 el escenario para la\u00a0proyecci\u00f3n\u00a0de \u201cPan y rosas\u201d, la primera pel\u00edcula de esta iniciativa que se inscribe en Verano Capital, la propuesta municipal con actividades deportivas y culturales para disfrutar de la temporada estival en los solariums y parques de Santa Fe.<\/p>\n<p>El\u00a0ciclo transitar\u00e1 a lo largo del verano por distintos espacios p\u00fablicos\u00a0de Santa Fe Capital como las costaneras Oeste y Este y los parques del Sur y Garay. El ciclo invita a disfrutar de variada filmograf\u00eda, que abordar\u00e1 ejes como discapacidad, infancias, adultos mayores, pueblos originarios, consumidores y usuarios, siempre desde la perspectiva de derechos humanos.<\/p>\n<p>Ileana Robles, directora de Vinculaci\u00f3n Ciudadana municipal, se\u00f1al\u00f3 que la iniciativa tiene como objetivo \u201creflexionar, interpelarnos sobre el\u00a0ejercicio\u00a0pleno de nuestros derechos ciudadanos\u201d. Con esa premisa, la propuesta es coordinada desde la Direcci\u00f3n de Derechos y Vinculaci\u00f3n Ciudadana con las secretar\u00edas de Educaci\u00f3n y Cultura, y Pol\u00edticas de Cuidado y Acci\u00f3n Social, y el acompa\u00f1amientos de Cine Club Santa Fe.<\/p>\n<p>Con entrada libre y gratuita\u00a0se proyectar\u00e1 este martes, a las 19, Pan y rosas, realizada en el a\u00f1o 2000. La pel\u00edcula fue dirigida por Ken Loach y protagonizada por Adrien Brody. La historia cuenta la explotaci\u00f3n de personas encargadas de la limpieza en un edificio de Los \u00c1ngeles y su lucha por mejorar las condiciones laborales, as\u00ed como de hacer uso del derecho a la sindicalizaci\u00f3n.<\/p>\n<h6>Fuente: Sin MOrdaza<\/h6>\n","protected":false},"excerpt":{"rendered":"<p>Hoy martes, a las 19, se proyectar\u00e1 \u201cPan y rosas\u201d, la primera pel\u00edcula del ciclo en la sede de la Direcci\u00f3n de Deportes Municipal, en Almirante Brown 5294. La entrada es libre y gratuita.<br \/>\n\u00a0<\/p>\n","protected":false},"author":2,"featured_media":110945,"comment_status":"closed","ping_status":"closed","sticky":false,"template":"","format":"standard","meta":{"footnotes":""},"categories":[47],"tags":[10],"class_list":["post-110942","post","type-post","status-publish","format-standard","has-post-thumbnail","hentry","category-fiestas","tag-santa-fe"],"_links":{"self":[{"href":"http:\/\/argentinamunicipal.com.ar\/argentina\/wp-json\/wp\/v2\/posts\/110942","targetHints":{"allow":["GET"]}}],"collection":[{"href":"http:\/\/argentinamunicipal.com.ar\/argentina\/wp-json\/wp\/v2\/posts"}],"about":[{"href":"http:\/\/argentinamunicipal.com.ar\/argentina\/wp-json\/wp\/v2\/types\/post"}],"author":[{"embeddable":true,"href":"http:\/\/argentinamunicipal.com.ar\/argentina\/wp-json\/wp\/v2\/users\/2"}],"replies":[{"embeddable":true,"href":"http:\/\/argentinamunicipal.com.ar\/argentina\/wp-json\/wp\/v2\/comments?post=110942"}],"version-history":[{"count":0,"href":"http:\/\/argentinamunicipal.com.ar\/argentina\/wp-json\/wp\/v2\/posts\/110942\/revisions"}],"wp:featuredmedia":[{"embeddable":true,"href":"http:\/\/argentinamunicipal.com.ar\/argentina\/wp-json\/wp\/v2\/media\/110945"}],"wp:attachment":[{"href":"http:\/\/argentinamunicipal.com.ar\/argentina\/wp-json\/wp\/v2\/media?parent=110942"}],"wp:term":[{"taxonomy":"category","embeddable":true,"href":"http:\/\/argentinamunicipal.com.ar\/argentina\/wp-json\/wp\/v2\/categories?post=110942"},{"taxonomy":"post_tag","embeddable":true,"href":"http:\/\/argentinamunicipal.com.ar\/argentina\/wp-json\/wp\/v2\/tags?post=110942"}],"curies":[{"name":"wp","href":"https:\/\/api.w.org\/{rel}","templated":true}]}}