{"id":110991,"date":"2021-01-08T05:45:27","date_gmt":"2021-01-08T08:45:27","guid":{"rendered":"http:\/\/argentinamunicipal.com.ar\/argentina\/?p=110991"},"modified":"2021-01-07T19:59:24","modified_gmt":"2021-01-07T22:59:24","slug":"la-pandemia-de-los-olvidados-el-covid-de-la-otra-orilla-del-rio-parana","status":"publish","type":"post","link":"http:\/\/argentinamunicipal.com.ar\/argentina\/la-pandemia-de-los-olvidados-el-covid-de-la-otra-orilla-del-rio-parana\/","title":{"rendered":"La pandemia de \u00ablos olvidados\u00bb: el Covid de la otra orilla del r\u00edo Paran\u00e1"},"content":{"rendered":"<p>El fot\u00f3grafo Sebasti\u00e1n L\u00f3pez Brach retrat\u00f3 a trav\u00e9s de siete familias c\u00f3mo atravesaron los isle\u00f1os estos meses del 2020.<\/p>\n<p>Oscar trabaja cruzando gente y mercader\u00eda de las islas a Rosario, pero la pandemia de coronavirus y la prohibici\u00f3n de la navegaci\u00f3n lo dejaron casi sin trabajo. Tochi es puestero en el Charigu\u00e9 y salv\u00f3 su casa por poco del fuego. Jon\u00e1s, hijo de Tochi, no va a la escuela desde marzo, pero lejos de ser un pesar, dice que prefiere pasar el d\u00eda en el lomo de \u201cBoca sucia\u201d, su caballo, explorando el monte. Lo mismo dice L\u00e1zaro, que prefiere aprender a pescar con el abuelo en lugar de ir a la escuela. A Benito, con 84 a\u00f1os y m\u00e1s de 20 apencado al Paran\u00e1, el aislamiento lo dej\u00f3 dependiendo d\u00eda a d\u00eda de sus vecinos para conseguir comida y medicamentos, los mismos vecinos que lo salvaron del fuego cuando le lleg\u00f3 a la puerta de la casa. Fabi\u00e1n y \u201cLa Flaca\u201d, como le dicen todos a Viviana, la maestra, tambi\u00e9n tuvieron que darle pelea de muy cerca a las quemas el fin de semana que la Boca de la Milonga fue lo m\u00e1s parecido al infierno. Tiana, de 46 a\u00f1os, su madre Patricia, de 86, y su hija Jasm\u00edn, son de las pocas mujeres puesteras y domadoras de caballos salvajes que hay en la zona: nunca vivieron en otro lado. Entre la bajante y el fuego dicen no haber visto nunca el paisaje como ahora. Al Turco, pescador artesanal, la bajante y la prohibici\u00f3n de navegar lo dejaron casi sin sustento: el miedo a que lo sancionen y las redes vac\u00edas lo tienen a maltraer. Remilly, m\u00e9dico del Charigu\u00e9, se qued\u00f3 en las islas desde marzo, asisti\u00f3 a los vecinos y recorri\u00f3 las 19 mil hect\u00e1reas del humedal para llevar medicamentos y elementos did\u00e1cticos a cada una de las escuelas de isla.<br \/>\nLos retratos de cada uno de ellos, hechos entre d\u00edas de visita y conversaciones, son parte del trabajo que el fot\u00f3grafo rosarino Sebasti\u00e1n L\u00f3pez Brach llev\u00f3 adelante en los \u00faltimos meses en las islas del Delta de Rosario. La zona estuvo signada en estos casi diez meses no s\u00f3lo por la pandemia de coronavirus que tuvo sus casos en la zona pese al aislamiento natural de sus habitantes, sino adem\u00e1s por la bajante que sec\u00f3 los riachos y aisl\u00f3 a\u00fan m\u00e1s a quienes viven kil\u00f3metros adentro y por fuego que asedi\u00f3 a m\u00e1s de 400 mil hect\u00e1reas a lo largo y ancho del humedal esta temporada.<\/p>\n<p>Con fondos de\u00a0National Geographic\u00a0obtenidos a trav\u00e9s de una convocatoria a trabajar especificidades de la pandemia de Covid a lo largo del mundo,\u00a0L\u00f3pez Brach se propuso ponerle caras y nombres, darles voz a trav\u00e9s de la c\u00e1mara, a quienes afirmaron en todos los casos sentirse \u201colvidados\u201d y \u201caislados\u201d desde siempre, y que en muchos casos vieron el proceso mundial del coronavirus como \u201cuna pel\u00edcula ajena y se sintieron acusados cuando el fuego quemaba el humedal y se apuntaba a los isle\u00f1os\u201d, explica el fot\u00f3grafo.<\/p>\n<p>Es que muchos de ellos, como Tochi, trabajan para quienes tienen en esos campos desarrollos ganaderos. \u201cPero lo que ellos dicen y se preguntan es c\u00f3mo alguien puede pensar que van a quemar sus propias casas\u201d, agrega.<\/p>\n<p>L\u00f3pez Brach se\u00f1ala incluso la distancia brutal que existe entre quienes viven su vida desde siembre en el Delta de islas y quienes integran la Multisectorial por el Humedal, dos mundos entre los que es muy dif\u00edcil tender puentes.\u00a0\u201cEn el Congreso de la Naci\u00f3n hay m\u00e1s de diez proyectos presentados en el marco del debate por la Ley de Humedales, sin embargo en solo una de esas propuestas est\u00e1 tenida en cuenta la voz de los isle\u00f1os, sus costumbres y h\u00e1bitos, la forma de vida en las islas, su subsistencia, que nada tiene que ver con el uso del\u00a0r\u00edo\u00a0que hacen quienes llegan desde la ciudad\u201d, afirma.<\/p>\n<p><strong>Un trabajo sostenido<\/strong><br \/>\nNo es la primera vez que el fot\u00f3grafo se adentra en el r\u00edo y, en esta ocasi\u00f3n, en los riachos secos y los montes quemados por el fuego. En septiembre de 2019 y tambi\u00e9n con fondos del National Geographic, puso en marcha un proyecto para documentar los tres principales humedales de la Cuenca del Plata: el Pantanal en Brasil, los Esteros del Iber\u00e1 en Corrientes y el Ba\u00f1ado de la Estrella en Formosa, aunque por ahora todo qued\u00f3 paralizado por la imposibilidad de trasladarse.<\/p>\n<p>Con ese cambio de planes, el humedal de ac\u00e1 nom\u00e1s se convirti\u00f3 el objeto de registro.\u00a0\u201cEl Paran\u00e1 es uno de los r\u00edos m\u00e1s extensos y caudalosos del planeta. Lamentablemente est\u00e1 sufriendo las peores transformaciones de la historia. Como consecuencia de la sequ\u00eda y la escasez de lluvias a causa de la deforestaci\u00f3n en Latinoam\u00e9rica, m\u00e1s precisamente en la Amazonia, el r\u00edo Paran\u00e1 est\u00e1 padeciendo la peor bajante de los \u00faltimos 60 a\u00f1os\u201d, arranca el texto con el que presenta el trabajo.<\/p>\n<p>Registrar las \u201cconsecuencias grav\u00edsimas, no solo para la fauna y la flora, sino tambi\u00e9n para las miles de personas que viven y dependen del r\u00edo para subsistir\u201d, se cuentan entre las metas del proyecto.<\/p>\n<p>La documentaci\u00f3n de \u201clos tiempos de Covid\u201d en el humedal le llev\u00f3 varios meses en la b\u00fasqueda de un retrato sobre c\u00f3mo viven la pandemia del otro lado de la orilla. \u00abClaramente, muy diferente a Rosario\u201d, se\u00f1ala L\u00f3pez Brach. Y agrega que el camino lo fue haciendo \u201ca trav\u00e9s de distintas historias familiares que dan cuenta de c\u00f3mo se adaptan a los cambios que imponen no s\u00f3lo la pandemia sino tambi\u00e9n las modificaciones del territorio\u201d causadas por la bajante y el fuego.<\/p>\n<p><strong>Las historias una a una<\/strong><br \/>\nEn el trabajo y los encuentros con las siete familias, las im\u00e1genes dan cuenta de las diferentes aristas que tuvo la pandemia en el Delta, sumada a la sequ\u00eda, la bajante hist\u00f3rica y los incendios. Si bien el Covid no les resultaba un problema propio, \u201clo fue en los hechos\u201d, dice L\u00f3pez Brach y se\u00f1ala que de hechos hubo algunos contagios y un fallecido en la zona.<\/p>\n<p>Sobre todo recalca que la bajante y la desaparici\u00f3n de los riachos aisl\u00f3 a\u00fan m\u00e1s a los pobladores. \u201cUna persona que se contagia en la isla, tierra adentro, debe hacer horas a caballo para llegar a un centro de salud porque ya no puede navegar todo el trecho, luego cruzar en lancha, bajar en la ciudad y reci\u00e9n ah\u00ed buscar asistencia, el escenario es muy complejo\u201d, se\u00f1ala.<\/p>\n<p>Quiz\u00e1 por eso una de las historias que m\u00e1s lo moviliz\u00f3, admite, fue la Remilly Moulin, un m\u00e9dico de 63 a\u00f1os que con la pandemia decidi\u00f3 instalarse en la isla, pero no s\u00f3lo para atender a quienes habitan los alrededores del Charigu\u00e9.\u00a0Ante la suspensi\u00f3n de las clases y el Covid amenazando, en marzo consigui\u00f3 un helic\u00f3ptero de Entre R\u00edos y en diferentes tramos recorri\u00f3 las 19 mil hect\u00e1reas de Delta que van de Buenos Aires a Santa Fe y Entre R\u00edos, y entreg\u00f3 medicamentos y material pedag\u00f3gico en cuanto puesto y escuela conoc\u00eda.<\/p>\n<p>El Turco (pescador) y Oscar (taxi lancha) fueron de los que quedaron sin trabajo por el virus ante la prohibici\u00f3n de navegaci\u00f3n, y en el caso del primero la bajante lo complic\u00f3 a\u00fan m\u00e1s. Eso no impidi\u00f3 que de vez en cuando sacara al r\u00edo a su nieto L\u00e1zaro para ense\u00f1arle los secretos de la pesca, esa que se hace con las redes que \u00e9l mismo teje a mano.<\/p>\n<p>A Tochi, el puestero, m\u00e1s que la pandemia lo complic\u00f3 el fuego. Pero para llegar a los retratos hubo que componer un camino de di\u00e1logo ya que sus experiencias con los citadinos no hab\u00edan sido buenas. Dice L\u00f3pez Brach que el hombre, como muchos isle\u00f1os, se sent\u00eda \u201catacado\u201d por quienes afirmaban que el fuego era todo producto de la cr\u00eda de ganado. Y, adem\u00e1s, a\u00f1os atr\u00e1s hab\u00eda mandando a su hija a Rosario a hacer el secundario, pero la joven decidi\u00f3 abandonar.<\/p>\n<p>\u201cEs muy dif\u00edcil para ellos venir a la ciudad, la experiencias que tienen mayormente son de incomprensi\u00f3n e incluso de discriminaci\u00f3n, de ser tratados como ignorantes y faltos de educaci\u00f3n. Eso hizo que su hija abandonara la escuela\u201d, cuenta el fot\u00f3grafo, convencido del \u201cdesconocimiento absoluto de la cultura, los conocimientos y la vida de quienes habitan en las islas\u201d. Tan cerca, pero al mismo tiempo tan lejos.\u00a0El Covid casi que fue una excusa para rescatar parte de esa vida del otro lado de la orilla.<\/p>\n<h6>Fuente: La Capital<\/h6>\n","protected":false},"excerpt":{"rendered":"<p>El fot\u00f3grafo Sebasti\u00e1n L\u00f3pez Brach retrat\u00f3 a trav\u00e9s de siete familias c\u00f3mo atravesaron los isle\u00f1os estos meses del 2020.<\/p>\n","protected":false},"author":2,"featured_media":110992,"comment_status":"closed","ping_status":"closed","sticky":false,"template":"","format":"standard","meta":{"footnotes":""},"categories":[2],"tags":[10],"class_list":["post-110991","post","type-post","status-publish","format-standard","has-post-thumbnail","hentry","category-informe-municipal","tag-santa-fe"],"_links":{"self":[{"href":"http:\/\/argentinamunicipal.com.ar\/argentina\/wp-json\/wp\/v2\/posts\/110991","targetHints":{"allow":["GET"]}}],"collection":[{"href":"http:\/\/argentinamunicipal.com.ar\/argentina\/wp-json\/wp\/v2\/posts"}],"about":[{"href":"http:\/\/argentinamunicipal.com.ar\/argentina\/wp-json\/wp\/v2\/types\/post"}],"author":[{"embeddable":true,"href":"http:\/\/argentinamunicipal.com.ar\/argentina\/wp-json\/wp\/v2\/users\/2"}],"replies":[{"embeddable":true,"href":"http:\/\/argentinamunicipal.com.ar\/argentina\/wp-json\/wp\/v2\/comments?post=110991"}],"version-history":[{"count":0,"href":"http:\/\/argentinamunicipal.com.ar\/argentina\/wp-json\/wp\/v2\/posts\/110991\/revisions"}],"wp:featuredmedia":[{"embeddable":true,"href":"http:\/\/argentinamunicipal.com.ar\/argentina\/wp-json\/wp\/v2\/media\/110992"}],"wp:attachment":[{"href":"http:\/\/argentinamunicipal.com.ar\/argentina\/wp-json\/wp\/v2\/media?parent=110991"}],"wp:term":[{"taxonomy":"category","embeddable":true,"href":"http:\/\/argentinamunicipal.com.ar\/argentina\/wp-json\/wp\/v2\/categories?post=110991"},{"taxonomy":"post_tag","embeddable":true,"href":"http:\/\/argentinamunicipal.com.ar\/argentina\/wp-json\/wp\/v2\/tags?post=110991"}],"curies":[{"name":"wp","href":"https:\/\/api.w.org\/{rel}","templated":true}]}}