{"id":111053,"date":"2021-01-11T06:40:34","date_gmt":"2021-01-11T09:40:34","guid":{"rendered":"http:\/\/argentinamunicipal.com.ar\/argentina\/?p=111053"},"modified":"2021-01-11T06:40:34","modified_gmt":"2021-01-11T09:40:34","slug":"chile-quienes-son-los-precandidatos-que-pelearan-por-llegar-a-la-moneda-este-ano","status":"publish","type":"post","link":"http:\/\/argentinamunicipal.com.ar\/argentina\/chile-quienes-son-los-precandidatos-que-pelearan-por-llegar-a-la-moneda-este-ano\/","title":{"rendered":"Chile: Qui\u00e9nes son los precandidatos que pelear\u00e1n por llegar a La Moneda este a\u00f1o"},"content":{"rendered":"<p>Los comicios son el 21 de noviembre pero las internas est\u00e1n fijadas para el 4 de julio y ya hay varios nombres en danza. El \u00faltimo fue el de Paula Narv\u00e1ez, la ex jefa de Gabinete de Michelle Bachelet.<\/p>\n<p>En medio de una crisis social y pol\u00edtica, agravada por la pandemia que ha dejado casi 630.000 contagiados,\u00a0Chile inicia un a\u00f1o clave para el futuro pol\u00edtico del pa\u00eds con las elecciones presidenciales del 21 de noviembre\u00a0y, sin un liderazgo oficialista u opositor claro, las internas de todos los partidos ya empiezan a calentarse.<\/p>\n<p>Las internas est\u00e1n programadas para el 4 de julio y en el mundo pol\u00edtico opositor ya existen varios candidatos y candidatas presidenciales de diferentes partidos, la \u00faltima en aparecer,\u00a0Paula Narv\u00e1ez,\u00a0una psic\u00f3loga y\u00a0ex jefa de gabinete de Michelle Bachelet\u00a0que fue lanzada por la propia expresidenta como su delf\u00edn.<\/p>\n<p>En una carta titulada \u00abNunca m\u00e1s sin nosotras\u00bb, publicada en la plataforma Change.org, la exmandataria chilena describi\u00f3 a la tambi\u00e9n socialista Narv\u00e1ez como \u00abla continuadora natural\u00bb de su legado y, por eso, hizo \u00abun llamado a asumir su deber militante y ser precandidata presidencial del Partido Socialista de Chile\u00bb.<\/p>\n<p>Narv\u00e1ez a\u00fan no recogi\u00f3 el guante p\u00fablicamente.<\/p>\n<p>En paralelo,\u00a0uno de los principales candidatos de la izquierda es el alcalde de la comuna (barrio) de Recoleta, en la capital, del Partido Comunista (PC),\u00a0el arquitecto y soci\u00f3logo Daniel Jadue.<\/p>\n<p>Este dirigente anunci\u00f3 que buscar\u00e1 la reelecci\u00f3n en su barrio, pero tambi\u00e9n aclar\u00f3: \u00abS\u00f3lo dejar\u00eda Recoleta si es que la ciudadan\u00eda me da una tarea m\u00e1s relevante\u00bb.<\/p>\n<p>Jadue es una de las principales figuras en las encuestas en Chile. En la m\u00e1s reciente de Plaza P\u00fablica Cadem, encabez\u00f3 la lista de preferencias de los presidenciales con una intenci\u00f3n del 7%.<\/p>\n<p>En el\u00a0Partido Socialista, mientras tanto, Narv\u00e1ez no es el \u00fanico nombre que se baraja, tambi\u00e9n surgi\u00f3 con fuerza el del excanciller y exsecretario de la Organizaci\u00f3n de Estados Americanos (OEA)\u00a0Jos\u00e9 Miguel Insulza.<\/p>\n<p>Hace poco, en una entrevista con Radio Infinita, el tambi\u00e9n exsenador confirm\u00f3 sus aspiraciones y tambi\u00e9n la creciente tensi\u00f3n dentro de su partido.<\/p>\n<p>\u00abEstoy dispuesto, no tengo problemas respecto de eso. Lo que pasa es que en el partido no hay claridad sobre c\u00f3mo se va a designar el candidato, lo mejor para esto es oficiar procedimientos y plazos\u00bb, asegur\u00f3.<\/p>\n<p>Gran parte de la tensi\u00f3n se debe a que el otro nombre que pisa fuerte en el socialismo es el del presidente del partido,\u00a0\u00c1lvaro Elizalde, quien respet\u00f3 la misma cautela y diplomacia de Insulza y solo afirm\u00f3 a la prensa por ahora que \u00abel PS va a tener un candidato propio que represente sus ideas\u00bb.<\/p>\n<p><strong>Otros nombres<\/strong><\/p>\n<p>En la oposici\u00f3n tambi\u00e9n circula el nombre de la diputada del Partido Humanista (PH)\u00a0Pamela Jiles,\u00a0quien irrumpi\u00f3 en la escena pol\u00edtica tras impulsar el proyecto del segundo retiro del 10% del fondo de pensiones, iniciativa que sirvi\u00f3 para ayudar a los m\u00e1s afectados por la pandemia y que termin\u00f3 representando una importante derrota pol\u00edtica para el Gobierno de Sebasti\u00e1n Pi\u00f1era.<\/p>\n<p>Los otros nombres en boga en la oposici\u00f3n son tres dirigentes del Partido por la Democracia (PPD): el polit\u00f3logo y excanciller de Michelle Bachelet,\u00a0Heraldo Mu\u00f1oz, de 72 a\u00f1os,\u00a0Francisco Vidal,\u00a0profesor de historia y exministro del Interior y ministro Defensa, en los Gobiernos de la Concertaci\u00f3n de Ricardo Lagos y Michelle Bachelet; y\u00a0Jorge Tarud,\u00a0exdiputado (2002-2018) y exembajador de Chile en Arabia Saudita, Australia y la Rep\u00fablica Popular China.<\/p>\n<p><strong>El oficialismo<\/strong><\/p>\n<p>Desde el oficialismo, en tanto, la dispersi\u00f3n no es menor.<\/p>\n<p>Uno de los nombres que m\u00e1s rebot\u00f3 en la prensa, por su larga experiencia en las elecciones presidenciales, es el actual alcalde del acaudalado barrio capitalino de Las Condes,\u00a0Joaqu\u00edn Lav\u00edn,\u00a0de la Uni\u00f3n Dem\u00f3crata Independiente (UDI), una fuerza ligada a la herencia pinochetista.<\/p>\n<p>Lav\u00edn anunci\u00f3 esta semana que no se presentar\u00e1 a la reelecci\u00f3n porque quiere enfocarse en la carrera presidencial, un \u00e1mbito que no se le hace desconocido, tras perder de forma estrecha la elecci\u00f3n de 1999 frente a Ricardo Lagos, y seis a\u00f1os despu\u00e9s, con Pi\u00f1era en las primarias dentro de la extinta coalici\u00f3n de derecha denominada Alianza.<\/p>\n<p>No es la \u00fanica figura presidenciable en la UDI.<\/p>\n<p>Hace dos a\u00f1os, la actual alcaldesa del barrio de Providencia,\u00a0Evelyn Matthei, dej\u00f3 abierta la puerta a una eventual candidatura presidencial, lo que hizo que su nombre aparezca en todas las encuestas. Ella tambi\u00e9n tiene experiencia: en 2013 perdi\u00f3 contra Bachelet.<\/p>\n<p>Un caso parecido es el de la alcaldesa del barrio de Maip\u00fa,\u00a0Cathy Barriga, quien fue propuesta por la presidenta del partido, Jaqueline van Rysselberghe, como una posible candidata a ocupar el m\u00e1s alto rango en La Moneda. Barriga respondi\u00f3 que si la gente se lo pide, lo considerar\u00eda.<\/p>\n<p>Desde el partido de Pi\u00f1era, Renovaci\u00f3n Nacional, el \u00fanico nombre que se discute por ahora es el del exministro de Defensa y excarabinero,\u00a0Mario Desbordes, quien present\u00f3 su renuncia a la cartera a finales de 2020 con la clara intenci\u00f3n de sumarse a la carrera presidencial.<\/p>\n<p>Pero no es el \u00fanico exfuncionario de Pi\u00f1era.<\/p>\n<p>El abogado\u00a0Sebasti\u00e1n Sichel\u00a0se describe como independiente, aunque abandon\u00f3 el Gobierno -era presidente del Banco del Estado y antes ministro del Desarrollo Social y Familia- al mismo tiempo que Desbordes y, seg\u00fan algunos medios, con las mismas intenciones.<\/p>\n<p>Finalmente, el exmilitante de la UDI, el pinochetista\u00a0Jos\u00e9 Antonio Kast, se presenta a trav\u00e9s del Partido Republicano, iniciativa creada en 2018 precisamente para impulsar su carrera hacia la Presidencia. Kast ya se hab\u00eda medido y perdido en las urnas con Pi\u00f1era.<\/p>\n<h6>Fuente: Telam<\/h6>\n","protected":false},"excerpt":{"rendered":"<p>Los comicios son el 21 de noviembre pero las internas est\u00e1n fijadas para el 4 de julio y ya hay varios nombres en danza. El \u00faltimo fue el de Paula Narv\u00e1ez, la ex jefa de Gabinete de Michelle Bachelet.<\/p>\n","protected":false},"author":2,"featured_media":111054,"comment_status":"closed","ping_status":"closed","sticky":false,"template":"","format":"standard","meta":{"footnotes":""},"categories":[22],"tags":[57],"class_list":["post-111053","post","type-post","status-publish","format-standard","has-post-thumbnail","hentry","category-el-mundo","tag-el-mundo"],"_links":{"self":[{"href":"http:\/\/argentinamunicipal.com.ar\/argentina\/wp-json\/wp\/v2\/posts\/111053","targetHints":{"allow":["GET"]}}],"collection":[{"href":"http:\/\/argentinamunicipal.com.ar\/argentina\/wp-json\/wp\/v2\/posts"}],"about":[{"href":"http:\/\/argentinamunicipal.com.ar\/argentina\/wp-json\/wp\/v2\/types\/post"}],"author":[{"embeddable":true,"href":"http:\/\/argentinamunicipal.com.ar\/argentina\/wp-json\/wp\/v2\/users\/2"}],"replies":[{"embeddable":true,"href":"http:\/\/argentinamunicipal.com.ar\/argentina\/wp-json\/wp\/v2\/comments?post=111053"}],"version-history":[{"count":0,"href":"http:\/\/argentinamunicipal.com.ar\/argentina\/wp-json\/wp\/v2\/posts\/111053\/revisions"}],"wp:featuredmedia":[{"embeddable":true,"href":"http:\/\/argentinamunicipal.com.ar\/argentina\/wp-json\/wp\/v2\/media\/111054"}],"wp:attachment":[{"href":"http:\/\/argentinamunicipal.com.ar\/argentina\/wp-json\/wp\/v2\/media?parent=111053"}],"wp:term":[{"taxonomy":"category","embeddable":true,"href":"http:\/\/argentinamunicipal.com.ar\/argentina\/wp-json\/wp\/v2\/categories?post=111053"},{"taxonomy":"post_tag","embeddable":true,"href":"http:\/\/argentinamunicipal.com.ar\/argentina\/wp-json\/wp\/v2\/tags?post=111053"}],"curies":[{"name":"wp","href":"https:\/\/api.w.org\/{rel}","templated":true}]}}