{"id":111069,"date":"2021-01-11T14:10:01","date_gmt":"2021-01-11T17:10:01","guid":{"rendered":"http:\/\/argentinamunicipal.com.ar\/argentina\/?p=111069"},"modified":"2021-01-11T14:10:01","modified_gmt":"2021-01-11T17:10:01","slug":"santa-fe-ingresa-en-zona-de-definiciones-el-recambio-en-el-gabinete-provincial","status":"publish","type":"post","link":"http:\/\/argentinamunicipal.com.ar\/argentina\/santa-fe-ingresa-en-zona-de-definiciones-el-recambio-en-el-gabinete-provincial\/","title":{"rendered":"Santa Fe: Ingresa en zona de definiciones el recambio en el gabinete provincial"},"content":{"rendered":"<p>El actual ministro de Trabajo, Roberto Sukerman, cada vez m\u00e1s cerca de ocupar la estrat\u00e9gica cartera de Gobierno. Qu\u00e9 otros nombres suenan<\/p>\n<p>El retoque del gabinete provincial que viene puliendo el gobernador Omar Perotti ingresa en zona de definiciones. De confirmarse las versiones que ganan fuerza en la escena p\u00fablica santafesina, Roberto Sukerman ser\u00e1 ministro de Gobierno, Justicia, Derechos Humanos y Diversidad, y el actual secretario del \u00e1rea, Juan Manuel Pusineri, subir\u00e1 un escal\u00f3n y asumir\u00e1 la titularidad de la cartera laboral.<br \/>\nEl ministerio pol\u00edtico est\u00e1 vacante desde mediados de noviembre, cuando renunci\u00f3 Esteban Borgonovo. Pocos d\u00edas antes, Perotti hab\u00eda adelantado su intenci\u00f3n de hacer cambios en el gabinete antes de fin de a\u00f1o. Borgonovo percibi\u00f3 que era un candidato firme a salir y antes de que le pidan la renuncia la present\u00f3 \u00e9l. \u201cSiento que en este ministerio es imposible trabajar sin un respaldo firme y expl\u00edcito del gobernador\u201d, dijo en su momento.<\/p>\n<p>Tambi\u00e9n\u00a0desde la oposici\u00f3n vienen cuestionando la ausencia de un interlocutor que tenga el respaldo del gobernador\u00a0para negociar las distintas iniciativas que se tratan en la Legislatura, donde el oficialismo est\u00e1 en minor\u00eda en ambas C\u00e1maras. As\u00ed lo plantearon en el tratamiento de normas clave como el presupuesto 2021 y la ley tributaria.<\/p>\n<p>Desde La Corriente, el espacio referenciado en Agust\u00edn Rossi y que integra Sukerman, aseguraron a\u00a0La Capital\u00a0que todav\u00eda no hubo una convocatoria oficial al ex concejal rosarino a cambiar de asiento en el gabinete.<\/p>\n<p>El presidente del bloque del PJ en Diputados y tambi\u00e9n referente de La Corriente, Leandro Busatto, elogi\u00f3 a Sukerman. \u201cAdem\u00e1s de ser un gran ministro, es un dirigente que hizo competitivo al peronismo rosarino, estuvo a pocos votos de salir intendente \u2014dijo el legislador\u2014. Conjuga experiencia y juventud, es un gran nombre para sumarse al gabinete\u201d.<\/p>\n<p>En su espacio tambi\u00e9n destacaron su compromiso con la gesti\u00f3n. Por ejemplo, se carg\u00f3 al hombro la negociaci\u00f3n en la Legislatura para que Santa Fe adhiera a la ley de ART que, curiosamente, ning\u00fan diputado peronista vot\u00f3 a favor.<\/p>\n<p>Otro de los nombres que suena es el del concejal rosarino Eduardo Toniolli, quien prefiri\u00f3 no hacer declaraciones. En el Movimiento Evita aseguraron que todav\u00eda no hubo un ofrecimiento formal, aunque suenan dos posibles destinos para el secretario general del PJ rosarino: Gobierno y Trabajo.<\/p>\n<p>\u201cDesde el inicio de la gesti\u00f3n, no desde ahora, venimos haciendo un planteo que combina dos ideas: apoyo irrestricto a la gesti\u00f3n, pero a la vez la necesidad de tener mayor amplitud pol\u00edtica\u201d, dijeron desde el Evita, donde remarcaron que aportaron a la gesti\u00f3n varios de sus principales cuadros pol\u00edticos, como Ignacio Rico, Alejandra Fedele y Fernando Ros\u00faa. \u201cPusimos compa\u00f1eros con mucha militancia atr\u00e1s\u201d, subrayaron.<\/p>\n<p>Aunque un viejo dicho de la pol\u00edtica plantea que \u201csi son\u00e1s, sonaste\u201d, ser\u00eda extra\u00f1o en el momento convulsionado que atraviesa el peronismo santafesino que se tiren nombres sobre la mesa para desgastarlos y que eventualmente sean otros los dirigentes que terminen ocupando los espacios institucionales.<\/p>\n<p>Mucho m\u00e1s, despu\u00e9s del conflicto a cielo abierto con el PJ territorial liderado por el senador sanlorencino Armando Traferri. Perotti necesita buena sinton\u00eda con el resto de los espacios peronistas y a ninguno de los principales dirigentes del peronismo le conviene patear el avispero en un a\u00f1o electoral clave.<\/p>\n<p>Tampoco desde el Evita y la Corriente quieren poner plazos para la definici\u00f3n. El que debe tomar la decisi\u00f3n de qui\u00e9nes son sus colaboradores y cu\u00e1ndo se los anuncia es el propio gobernador, sostuvieron.\u00a0S\u00ed aparece marcada en el calendario la tercera semana de enero.<\/p>\n<p><strong>Din\u00e1mica pol\u00edtica<\/strong><br \/>\nPero m\u00e1s all\u00e1 de los nombres,\u00a0en el peronismo santafesino esperan que en la Casa Gris cambien el chip en el segundo a\u00f1o de mandato de Perotti. \u201cDebemos ser mucho m\u00e1s contundentes y din\u00e1micos, y eso no s\u00f3lo se logra oxigenando el gabinete sino con iniciativa pol\u00edtica\u201d, dijo Busatto.<\/p>\n<p>Una de las prioridades en la agenda es la seguridad. \u201cDebemos dar respuestas concretas en este tema, pero hay que ser claros: no estamos conformes con los resultados, pero no podemos pretender modificar en el corto plazo lo que se gener\u00f3 en la \u00faltima d\u00e9cada\u201d, advirti\u00f3.<\/p>\n<p>En este terreno, el slogan de paz y orden parece alejarse: el departamento Rosario termin\u00f3 el 2020 con 212 homicidios, la mayor cantidad desde la segunda mitad de la d\u00e9cada.<\/p>\n<p><strong>Desaf\u00edos<\/strong><br \/>\nTambi\u00e9n buscar\u00e1n contener a los sectores damnificados por la pandemia. Es un t\u00f3pico con el que la oposici\u00f3n machac\u00f3 todo el a\u00f1o pasado: desde el Frente Progresista acusaron al gobierno de \u201csentarse sobre la caja\u201d y sostener una pol\u00edtica ortodoxa cuando la crisis exige lo contrario.<\/p>\n<p>Otro d\u00e9ficit que notan en el peronismo es el comunicacional. Tras la renuncia del vocero Leonardo Ricciardino quien suena para ocupar ese cargo es otro ex periodista: Alejandro Grandinetti. El a\u00f1o pasado, el secretario de Turismo cumpli\u00f3 ese rol en las conferencias de prensa que se desarrollaron en la etapa m\u00e1s dura de la lucha contra el Covid-19.<\/p>\n<p>El que le agreg\u00f3 picante a la noche de domingo fue el diputado nacional Germ\u00e1n Mart\u00ednez, tambi\u00e9n enrolado en La Corriente. Desde su cuenta de Twitter, el legislador apunt\u00f3 con los voceros \u201cen off\u201d de la Casa Gris en cuanto a la renovaci\u00f3n del gabinete. \u201cSi \u2019no le encuentra el agujero al mate\u2019 en la comunicaci\u00f3n, lo mejor ser\u00eda que no hable \u2014escribi\u00f3\u2014. Ni en \u2019off\u2019 ni en \u2019on\u2019\u201d. Mart\u00ednez no quiso hacer declaraciones p\u00fablicas pero un integrante de la agrupaci\u00f3n se\u00f1al\u00f3 que los mensajes que emana la Casa Gris se dirigen m\u00e1s a la interna del peronismo y no la sociedad, a la que se le deber\u00edan explicar los objetivos para el segundo a\u00f1o de mandato de Perotti.<\/p>\n<h6>Fuente: La Capital<\/h6>\n","protected":false},"excerpt":{"rendered":"<p>El actual ministro de Trabajo, Roberto Sukerman, cada vez m\u00e1s cerca de ocupar la estrat\u00e9gica cartera de Gobierno. Qu\u00e9 otros nombres suenan<\/p>\n","protected":false},"author":2,"featured_media":111070,"comment_status":"closed","ping_status":"closed","sticky":false,"template":"","format":"standard","meta":{"footnotes":""},"categories":[4],"tags":[10],"class_list":["post-111069","post","type-post","status-publish","format-standard","has-post-thumbnail","hentry","category-informe-politico","tag-santa-fe"],"_links":{"self":[{"href":"http:\/\/argentinamunicipal.com.ar\/argentina\/wp-json\/wp\/v2\/posts\/111069","targetHints":{"allow":["GET"]}}],"collection":[{"href":"http:\/\/argentinamunicipal.com.ar\/argentina\/wp-json\/wp\/v2\/posts"}],"about":[{"href":"http:\/\/argentinamunicipal.com.ar\/argentina\/wp-json\/wp\/v2\/types\/post"}],"author":[{"embeddable":true,"href":"http:\/\/argentinamunicipal.com.ar\/argentina\/wp-json\/wp\/v2\/users\/2"}],"replies":[{"embeddable":true,"href":"http:\/\/argentinamunicipal.com.ar\/argentina\/wp-json\/wp\/v2\/comments?post=111069"}],"version-history":[{"count":0,"href":"http:\/\/argentinamunicipal.com.ar\/argentina\/wp-json\/wp\/v2\/posts\/111069\/revisions"}],"wp:featuredmedia":[{"embeddable":true,"href":"http:\/\/argentinamunicipal.com.ar\/argentina\/wp-json\/wp\/v2\/media\/111070"}],"wp:attachment":[{"href":"http:\/\/argentinamunicipal.com.ar\/argentina\/wp-json\/wp\/v2\/media?parent=111069"}],"wp:term":[{"taxonomy":"category","embeddable":true,"href":"http:\/\/argentinamunicipal.com.ar\/argentina\/wp-json\/wp\/v2\/categories?post=111069"},{"taxonomy":"post_tag","embeddable":true,"href":"http:\/\/argentinamunicipal.com.ar\/argentina\/wp-json\/wp\/v2\/tags?post=111069"}],"curies":[{"name":"wp","href":"https:\/\/api.w.org\/{rel}","templated":true}]}}