{"id":11113,"date":"2014-07-08T08:31:05","date_gmt":"2014-07-08T11:31:05","guid":{"rendered":"http:\/\/argentinamunicipal.com.ar\/argentina\/?p=11113"},"modified":"2014-07-08T08:31:05","modified_gmt":"2014-07-08T11:31:05","slug":"acuerdo-salarial-con-soyem-en-general-roca","status":"publish","type":"post","link":"http:\/\/argentinamunicipal.com.ar\/argentina\/acuerdo-salarial-con-soyem-en-general-roca\/","title":{"rendered":"Acuerdo salarial con Soyem en General Roca"},"content":{"rendered":"<p><a href=\"http:\/\/argentinamunicipal.com.ar\/argentina\/wp-content\/uploads\/2014\/07\/municipalidad-general-roca.jpg\"><img loading=\"lazy\" decoding=\"async\" class=\"aligncenter size-full wp-image-11114\" src=\"http:\/\/argentinamunicipal.com.ar\/argentina\/wp-content\/uploads\/2014\/07\/municipalidad-general-roca.jpg\" alt=\"municipalidad general roca\" width=\"586\" height=\"386\" srcset=\"http:\/\/argentinamunicipal.com.ar\/argentina\/wp-content\/uploads\/2014\/07\/municipalidad-general-roca.jpg 586w, http:\/\/argentinamunicipal.com.ar\/argentina\/wp-content\/uploads\/2014\/07\/municipalidad-general-roca-300x197.jpg 300w\" sizes=\"auto, (max-width: 586px) 100vw, 586px\" \/><\/a><\/p>\n<p>Con fecha 03 de julio de 2014, el Municipio de General Roca ha firmado un acuerdo de incrementos salariales con el gremio SOYEM, el que comenzar\u00e1 a aplicarse a partir de los haberes de los empleados municipales correspondientes al mes de julio de 2014.<\/p>\n<p>El acuerdo consiste en un incremento de salarios seg\u00fan el siguiente cronograma:<\/p>\n<p>JULIO 2014<\/p>\n<p>* Incremento de 8% en salarios b\u00e1sicos de todas las Categor\u00edas<br \/>\n* Incremento de Asignaciones Familiares:<\/p>\n<p>Valores anteriores \u00a0 \u00a0 \u00a0 \u00a0 \u00a0 \u00a0 \u00a0 \u00a0 \u00a0 \u00a0 \u00a0 \u00a0 \u00a0 \u00a0 \u00a0 \u00a0 \u00a0 \u00a0 \u00a0 \u00a0 \u00a0 \u00a0 \u00a0 \u00a0Nuevos valores<br \/>\nHijo: $ 460 \u00a0 \u00a0 \u00a0 \u00a0 \u00a0 \u00a0 \u00a0 \u00a0 \u00a0 \u00a0 \u00a0 \u00a0 \u00a0 \u00a0 \u00a0 \u00a0 \u00a0 \u00a0 \u00a0 \u00a0 \u00a0 \u00a0 \u00a0 \u00a0 \u00a0 \u00a0 \u00a0 \u00a0 \u00a0 \u00a0 \u00a0 \u00a0 \u00a0 \u00a0 $ 644<br \/>\nHijo con discapacidad: $ 1.500 \u00a0 \u00a0 \u00a0 \u00a0 \u00a0 \u00a0 \u00a0 \u00a0 \u00a0 \u00a0 \u00a0 \u00a0 \u00a0 \u00a0 $ 2.100<\/p>\n<p>SEPTIEMBRE 2014<\/p>\n<p>* Incremento concepto Zona: de 30% (actual) a 33%<\/p>\n<p>OCTUBRE 2014<\/p>\n<p>*Todos los conceptos No Remunerativos se transforman en Remunerativos para quienes se encuentran dentro de los \u00faltimos 10 a\u00f1os o menos previos a jubilarse.<br \/>\nEn la medida que el resto de los empleados ingrese en ese periodo gozaran del mismo beneficio.<\/p>\n<p>DICIEMBRE 2014<\/p>\n<p>* Incremento de 6% en salarios b\u00e1sicos de todas las Categorias<br \/>\nCabe aclarar que con este esquema de incrementos, sumado a los otorgados en el primer semestre de 2014, se ha otorgado un promedio de 40% de incremento anual de sueldo de bolsillo para las categorias m\u00e1s bajas del escalaf\u00f3n, las que concentran m\u00e1s del 70% de los empleados.<\/p>\n<p>Se informa asimismo que los salarios del mes de julio se abonaran el 31\/07\/2014.<\/p>\n<h6>Fuente: ADN R\u00edo Negro<\/h6>\n","protected":false},"excerpt":{"rendered":"<p>Con fecha 03 de julio de 2014, el Municipio de General Roca ha firmado un acuerdo de incrementos salariales con el gremio SOYEM, el que comenzar\u00e1 a aplicarse a partir de los haberes de los empleados municipales correspondientes al mes de julio de 2014. El acuerdo consiste en un incremento de salarios seg\u00fan el siguiente<\/p>\n","protected":false},"author":2,"featured_media":11114,"comment_status":"closed","ping_status":"closed","sticky":false,"template":"","format":"standard","meta":{"footnotes":""},"categories":[7],"tags":[11],"class_list":["post-11113","post","type-post","status-publish","format-standard","has-post-thumbnail","hentry","category-informe-sindical","tag-rio-negro"],"_links":{"self":[{"href":"http:\/\/argentinamunicipal.com.ar\/argentina\/wp-json\/wp\/v2\/posts\/11113","targetHints":{"allow":["GET"]}}],"collection":[{"href":"http:\/\/argentinamunicipal.com.ar\/argentina\/wp-json\/wp\/v2\/posts"}],"about":[{"href":"http:\/\/argentinamunicipal.com.ar\/argentina\/wp-json\/wp\/v2\/types\/post"}],"author":[{"embeddable":true,"href":"http:\/\/argentinamunicipal.com.ar\/argentina\/wp-json\/wp\/v2\/users\/2"}],"replies":[{"embeddable":true,"href":"http:\/\/argentinamunicipal.com.ar\/argentina\/wp-json\/wp\/v2\/comments?post=11113"}],"version-history":[{"count":0,"href":"http:\/\/argentinamunicipal.com.ar\/argentina\/wp-json\/wp\/v2\/posts\/11113\/revisions"}],"wp:featuredmedia":[{"embeddable":true,"href":"http:\/\/argentinamunicipal.com.ar\/argentina\/wp-json\/wp\/v2\/media\/11114"}],"wp:attachment":[{"href":"http:\/\/argentinamunicipal.com.ar\/argentina\/wp-json\/wp\/v2\/media?parent=11113"}],"wp:term":[{"taxonomy":"category","embeddable":true,"href":"http:\/\/argentinamunicipal.com.ar\/argentina\/wp-json\/wp\/v2\/categories?post=11113"},{"taxonomy":"post_tag","embeddable":true,"href":"http:\/\/argentinamunicipal.com.ar\/argentina\/wp-json\/wp\/v2\/tags?post=11113"}],"curies":[{"name":"wp","href":"https:\/\/api.w.org\/{rel}","templated":true}]}}