{"id":111286,"date":"2021-01-18T06:10:27","date_gmt":"2021-01-18T09:10:27","guid":{"rendered":"http:\/\/argentinamunicipal.com.ar\/argentina\/?p=111286"},"modified":"2021-01-18T06:10:27","modified_gmt":"2021-01-18T09:10:27","slug":"santa-fe-festram-advierte-que-el-aumento-de-las-asignaciones-familiares-alcanza-a-los-municipales","status":"publish","type":"post","link":"http:\/\/argentinamunicipal.com.ar\/argentina\/santa-fe-festram-advierte-que-el-aumento-de-las-asignaciones-familiares-alcanza-a-los-municipales\/","title":{"rendered":"Santa Fe: Festram advierte que el aumento de las asignaciones familiares alcanza a los municipales"},"content":{"rendered":"<p>La organizaci\u00f3n sindical asegura que para abonar este beneficio rigen los mismos plazos que con el pago de salarios<\/p>\n<p>La Federaci\u00f3n de Sindicato de Trabajadores Municipales de Santa Fe (Festram), advirti\u00f3 que los nuevos montos de asignaciones familiares alcanzan a los trabajadores y trabajadoras de los municipios y comunas. Con esto, la entidad asegur\u00f3 que las autoridades locales quedan obligadas legalmente a efectivizar los nuevos valores en forma inmediata. \u201cEn caso contrario y a partir de la fecha de vencimiento del pago de haberes, comienza el derecho de reclamo con retenci\u00f3n de tareas\u201d, adelant\u00f3.<br \/>\n\u201cCuando Festram obtuvo una de sus mayores conquista sindicales, a trav\u00e9s de conseguir el Estatuto y Escalaf\u00f3n del Personal de Municipios y Comunas, se estableci\u00f3 por\u00a0primera vez el derecho de los\u00a0trabajadores\u00a0municipales y\u00a0comunales de toda la\u00a0provincia de Santa Fe a percibir\u00a0asignaciones\u00a0familiares\u201d, afirm\u00f3 la organizaci\u00f3n sindical en un comunicado.<\/p>\n<p>As\u00ed, el art\u00edculo 22 de la ley 9.286 establece que \u201cel personal municipal y comunal tiene derecho a percibir las asignaciones familiares que establece la legislaci\u00f3n vigente\u201d. Las administraciones municipales y comunales consideraron que era de aplicaci\u00f3n la ley provincial 9.290, que establec\u00eda las causas y los montos para abonar ese derecho constitucional\u201d.<\/p>\n<p>\u201cDurante la\u00a0segunda etapa neoliberal\u00a0que vivi\u00f3 la Argentina en la gesti\u00f3n de Carlos Menem y en el marco de un proceso de achicamiento del rol del Estado, privatizaciones, flexibilizaci\u00f3n laboral y p\u00e9rdida de derechos sociales, la\u00a0Legislatura\u00a0santafesina, adem\u00e1s de autorizar la privatizaci\u00f3n del Banco Provincial de Santa Fe, tambi\u00e9n\u00a0otorg\u00f3 al Poder Ejecutivo facultades extraordinarias; entre ellas, la de\u00a0fijar los valores de las\u00a0asignaciones\u00a0familiares. Lo que en la pr\u00e1ctica signific\u00f3 un\u00a0virtual congelamiento\u00a0de las mismas y ajuste en los ingresos de los trabajadores, a punto de ser depreciable\u201d, denuncia el gremio.<\/p>\n<p>En este caso, la ley 11.410 le otorga al gobernador de la provincia facultades para disponer el cambio de los valores de las asignaciones familiares, hecho que se produce a trav\u00e9s del decreto 2.348\/20, que establece \u201cincrementar, a partir del 1\u00b0 de diciembre de 2020, en un 200 por ciento el monto de cada una de las asignaciones familiares previstas en la ley N\u00b0 9.290 y sus modificatorias, como as\u00ed tambi\u00e9n de la Asignaci\u00f3n por Hijo menor a cuatro a\u00f1os prevista en los decretos N.\u00ba 1.760\/1989 y N\u00b03.486\/1991.\u201d<\/p>\n<p>Para Festram, si bien es importante la modificaci\u00f3n efectuada, que \u201crompe con el feroz congelamiento impuesto por los gobernadores anteriores\u201d, las\u00a0diferencias con los montos establecidos por el Gobierno\u00a0nacional \u201csiguen siendo abismales: mientras la Naci\u00f3n abona 900 pesos por c\u00f3nyuge, la provincia\u00a0elev\u00f3 su valor\u00a0a 120. Asimismo con la Asignaci\u00f3n por Hijo la relaci\u00f3n es de 3.717 contra 780 pesos\u201d. El Secretario General de Festram, Claudio Leoni, ratific\u00f3 que\u00a0continuar\u00e1n con las acciones legales y sindicales para lograr al menos la equiparaci\u00f3n con la Naci\u00f3n.<\/p>\n<p>\u201cLa Justicia es un valor que se perdi\u00f3 en el mercado, la jueza laboral N.\u00ba 1 de Santa Fe, Delia Biroccesi, desech\u00f3 en tiempo r\u00e9cord la medida cautelar presentada por\u00a0Festram\u00a0para\u00a0preservar la igualdad de derechos entre los mismos ciudadanos y trabajadores. Estamos continuando el tr\u00e1mite por la\u00a0v\u00eda contenciosa administrativa\u00a0esperando que nos toquen jueces consustanciados con los problemas reales de los sectores del trabajo, porque ahora, con el aumento la asignaci\u00f3n por educaci\u00f3n b\u00e1sica de 9 pesos, no llega a un tercio del costo de una goma de borrar\u201d expres\u00f3 Leoni.<\/p>\n<h6>Fuente: La Capital<\/h6>\n","protected":false},"excerpt":{"rendered":"<p>La organizaci\u00f3n sindical asegura que para abonar este beneficio rigen los mismos plazos que con el pago de salarios<\/p>\n","protected":false},"author":2,"featured_media":111287,"comment_status":"closed","ping_status":"closed","sticky":false,"template":"","format":"standard","meta":{"footnotes":""},"categories":[7],"tags":[10],"class_list":["post-111286","post","type-post","status-publish","format-standard","has-post-thumbnail","hentry","category-informe-sindical","tag-santa-fe"],"_links":{"self":[{"href":"http:\/\/argentinamunicipal.com.ar\/argentina\/wp-json\/wp\/v2\/posts\/111286","targetHints":{"allow":["GET"]}}],"collection":[{"href":"http:\/\/argentinamunicipal.com.ar\/argentina\/wp-json\/wp\/v2\/posts"}],"about":[{"href":"http:\/\/argentinamunicipal.com.ar\/argentina\/wp-json\/wp\/v2\/types\/post"}],"author":[{"embeddable":true,"href":"http:\/\/argentinamunicipal.com.ar\/argentina\/wp-json\/wp\/v2\/users\/2"}],"replies":[{"embeddable":true,"href":"http:\/\/argentinamunicipal.com.ar\/argentina\/wp-json\/wp\/v2\/comments?post=111286"}],"version-history":[{"count":0,"href":"http:\/\/argentinamunicipal.com.ar\/argentina\/wp-json\/wp\/v2\/posts\/111286\/revisions"}],"wp:featuredmedia":[{"embeddable":true,"href":"http:\/\/argentinamunicipal.com.ar\/argentina\/wp-json\/wp\/v2\/media\/111287"}],"wp:attachment":[{"href":"http:\/\/argentinamunicipal.com.ar\/argentina\/wp-json\/wp\/v2\/media?parent=111286"}],"wp:term":[{"taxonomy":"category","embeddable":true,"href":"http:\/\/argentinamunicipal.com.ar\/argentina\/wp-json\/wp\/v2\/categories?post=111286"},{"taxonomy":"post_tag","embeddable":true,"href":"http:\/\/argentinamunicipal.com.ar\/argentina\/wp-json\/wp\/v2\/tags?post=111286"}],"curies":[{"name":"wp","href":"https:\/\/api.w.org\/{rel}","templated":true}]}}