{"id":111340,"date":"2021-01-19T04:00:38","date_gmt":"2021-01-19T07:00:38","guid":{"rendered":"http:\/\/argentinamunicipal.com.ar\/argentina\/?p=111340"},"modified":"2021-01-18T08:17:46","modified_gmt":"2021-01-18T11:17:46","slug":"santa-fe-mas-de-2-000-personas-participaron-de-los-paseos-de-mi-ciudad-como-turista","status":"publish","type":"post","link":"http:\/\/argentinamunicipal.com.ar\/argentina\/santa-fe-mas-de-2-000-personas-participaron-de-los-paseos-de-mi-ciudad-como-turista\/","title":{"rendered":"Santa Fe: M\u00e1s de 2.000 personas participaron de los paseos de \u00abMi ciudad como turista\u00bb"},"content":{"rendered":"<p>La propuesta se puso en marcha en enero de 2020. Con los protocolos necesarios, contin\u00fao durante el a\u00f1o. Est\u00e1 integrada por nueve recorridos.<\/p>\n<p>\u00abMi ciudad como turista\u00bb naci\u00f3 hace un a\u00f1o como una propuesta de verano con cinco grandes itinerarios guiados para recorrer de a pie los espacios emblem\u00e1ticos de la capital. Esta iniciativa le hizo frente a la pandemia y, protocolos mediante, contin\u00fao durante todo el 2020. Hoy son nueve los recorridos que se pueden hacer y durante este tiempo, 2.057 personas eligieron esta alternativa tur\u00edstica.<\/p>\n<p>La iniciativa sigue vigente de manera presencial durante los\u00a0s\u00e1bados enero y febrero\u00a0con el fin de generar una oferta tur\u00edstica de verano consolidada. El Paseo Boulevard es el que corresponde este fin de semana. La cita es a las 19 horas y el punto de encuentro es la Plaza Pueyrred\u00f3n, la referencia son los paraguas verde de Santa Fe Capital. Para los otros d\u00edas, se promueve el uso de las audiogu\u00edas.<\/p>\n<p>El programa fue impulsado por el intendente Emilio Jaton con el objetivo de generar las mejores condiciones para que las santafesinas y los santafesinos desarrollen y\/o incrementen la conciencia anfitriona y vocaci\u00f3n embajadora.\u00a0Los nueve paseos invitan a redescubrir la ciudad con ojos de turista.<\/p>\n<p>La iniciativa permite diversificar la oferta tur\u00edstica local, generando una usina de paseos en la ciudad de Santa Fe. Es una herramienta que fomenta el desarrollo del turismo social, porque contribuye a eliminar las barreras econ\u00f3micas, sociales y culturales que impiden a las santafesinas y santafesinos el disfrute de su ciudad.<\/p>\n<p>El programa se ha potenciado a trav\u00e9s de las audiogu\u00edas, que permiten disfrutar de los paseos en cualquier momento del d\u00eda, eliminando las barreras f\u00edsicas y temporales. Actualmente todos los establecimientos hoteleros de la ciudad cuentan con acr\u00edlicos con el c\u00f3digo QR y Spotify para que los turistas puedan escanearlos y acceder a los paseos tur\u00edsticos.<\/p>\n<p><strong>Datos<\/strong><br \/>\nDe las 2.057 personas que participaron de los paseos de \u00abM\u00ed ciudad como turista\u00bb desde el 12 de enero de 2020, 289 son turistas-excursionistas cuyas procedencias son 14 provincias argentinas, pero tambi\u00e9n de 11 pa\u00edses; mientras que 1.768 santafesinas y santafesinos eligieron esta propuesta y llegaron de 28 barrios de la ciudad de Santa Fe.<\/p>\n<p>En este marco y para brindar un mejor servicio, se capacitaron a\u00a057 profesionales Gu\u00edas y T\u00e9cnicos en Turismo, quienes hicieron las pr\u00e1cticas en los distintos paseos tur\u00edsticos: Costanera; Peatonal; Boulevard; Casco Hist\u00f3rico; Museos y Lugares Hist\u00f3ricos; Manzana Jesu\u00edtica; Camino de la Constituci\u00f3n; Cementerio; y Paseo del Puerto.<\/p>\n<p>Sobre esta propuesta, el director Ejecutivo de Turismo municipal, Franco Arone, consider\u00f3: \u00abMi ciudad como turista es el programa de sensibilizaci\u00f3n tur\u00edstica local m\u00e1s importante. Es una herramienta que genera un doble impacto; por un lado incrementa la conciencia anfitriona y vocaci\u00f3n embajadora en los santafesinos y santafesinas, que a partir de los nueve paseos guiados y gratuitos pueden redescubrir la ciudad con ojos de turistas. En tanto que estimula la diversificaci\u00f3n de la oferta tur\u00edstica, asegurando alternativas de disfrute para los turistas que llegan a la ciudad\u00bb.<\/p>\n<p><strong>Recorridos autoguiados<\/strong><br \/>\nLos circuitos que integran el programa \u00abMi ciudad como turista\u00bb tienen la particularidad de poder realizarse de manera autoguiada. Quienes deseen recorrerlos de forma particular pueden acceder a la informaci\u00f3n necesaria sobre cada atractivo descargando las audiogu\u00edas desde el sitio de la Municipalidad o escucharlas a trav\u00e9s de la plataforma Spotify.<\/p>\n<p>Una audiogu\u00eda es un relato pregrabado que se ofrece a las personas para completar un tour de manera individual. De este modo, el sistema electr\u00f3nico permite recorrer cualquier lugar siguiendo la gu\u00eda que indica informaci\u00f3n y detalles sobre la historia de lo que se ve, sea una calle, un inmueble o un objeto.<\/p>\n<p>Arone tambi\u00e9n se refiri\u00f3 a las audiogu\u00edas y asegur\u00f3 que\u00a0\u00abrepresentan una innovaci\u00f3n en la manera de recorrer, descubrir y disfrutar la ciudad de Santa Fe\u00bb;\u00a0y luego agreg\u00f3: \u00abA nivel nacional, y recientemente en el Mercosur, se las reconoce como un desarrollo estrat\u00e9gico e innovador que mejora el acceso a la oferta servicios tur\u00edsticos, e incrementa la competitividad como destino. Los dos desarrollos fueron impulsados por el intendente Emilio Jat\u00f3n, quien ha definido que el turismo sea una verdadera pol\u00edtica de Estado\u00bb.<\/p>\n<h6>Fuente: Sin Mordaza<\/h6>\n","protected":false},"excerpt":{"rendered":"<p>La propuesta se puso en marcha en enero de 2020. Con los protocolos necesarios, contin\u00fao durante el a\u00f1o. Est\u00e1 integrada por nueve recorridos.\u00a0<\/p>\n","protected":false},"author":2,"featured_media":111341,"comment_status":"closed","ping_status":"closed","sticky":false,"template":"","format":"standard","meta":{"footnotes":""},"categories":[2],"tags":[10],"class_list":["post-111340","post","type-post","status-publish","format-standard","has-post-thumbnail","hentry","category-informe-municipal","tag-santa-fe"],"_links":{"self":[{"href":"http:\/\/argentinamunicipal.com.ar\/argentina\/wp-json\/wp\/v2\/posts\/111340","targetHints":{"allow":["GET"]}}],"collection":[{"href":"http:\/\/argentinamunicipal.com.ar\/argentina\/wp-json\/wp\/v2\/posts"}],"about":[{"href":"http:\/\/argentinamunicipal.com.ar\/argentina\/wp-json\/wp\/v2\/types\/post"}],"author":[{"embeddable":true,"href":"http:\/\/argentinamunicipal.com.ar\/argentina\/wp-json\/wp\/v2\/users\/2"}],"replies":[{"embeddable":true,"href":"http:\/\/argentinamunicipal.com.ar\/argentina\/wp-json\/wp\/v2\/comments?post=111340"}],"version-history":[{"count":0,"href":"http:\/\/argentinamunicipal.com.ar\/argentina\/wp-json\/wp\/v2\/posts\/111340\/revisions"}],"wp:featuredmedia":[{"embeddable":true,"href":"http:\/\/argentinamunicipal.com.ar\/argentina\/wp-json\/wp\/v2\/media\/111341"}],"wp:attachment":[{"href":"http:\/\/argentinamunicipal.com.ar\/argentina\/wp-json\/wp\/v2\/media?parent=111340"}],"wp:term":[{"taxonomy":"category","embeddable":true,"href":"http:\/\/argentinamunicipal.com.ar\/argentina\/wp-json\/wp\/v2\/categories?post=111340"},{"taxonomy":"post_tag","embeddable":true,"href":"http:\/\/argentinamunicipal.com.ar\/argentina\/wp-json\/wp\/v2\/tags?post=111340"}],"curies":[{"name":"wp","href":"https:\/\/api.w.org\/{rel}","templated":true}]}}