{"id":111343,"date":"2021-01-19T04:00:15","date_gmt":"2021-01-19T07:00:15","guid":{"rendered":"http:\/\/argentinamunicipal.com.ar\/argentina\/?p=111343"},"modified":"2021-01-18T10:13:22","modified_gmt":"2021-01-18T13:13:22","slug":"plantaron-cinco-mil-arboles-entre-50-municipios-y-ongs-santafesinas","status":"publish","type":"post","link":"http:\/\/argentinamunicipal.com.ar\/argentina\/plantaron-cinco-mil-arboles-entre-50-municipios-y-ongs-santafesinas\/","title":{"rendered":"Plantaron cinco mil \u00e1rboles entre 50 municipios y ONGs santafesinas"},"content":{"rendered":"<p>Fue desde septiembre \u00faltimo, en el marco del programa Plantar Para el Futuro, lanzado por el gobierno provincial. Incluye capacitaci\u00f3n<\/p>\n<p>El gobierno de la provincia de Santa Fe plant\u00f3 unos cinco mil \u00e1rboles entre m\u00e1s de 50 municipios, comunas y organizaciones no gubernamentales (ONGs).<\/p>\n<p>El programa Plantar Para el Futuro, lanzado por el gobierno provincial a trav\u00e9s del Ministerio de Ambiente y Cambio Clim\u00e1tico en septiembre del a\u00f1o pasado, mostr\u00f3 resultados importantes al cierre de su primer a\u00f1o de rodaje, con cinco mil ejemplares plantados. El proceso de capacitaci\u00f3n alcanz\u00f3 a m\u00e1s de un centenar de personas vinculadas al arbolado urbano y periurbano.<\/p>\n<p>\u201cSe priorizan especies nativas y, en el a\u00f1o entrante, el objetivo es ampliar la cantidad de \u00e1rboles, sentar las bases para la producci\u00f3n y lograr autoabastecimiento regional de los distintos ejemplares\u201d, explic\u00f3 Fabricio Fragapane, subsecretario de Protecci\u00f3n de la Naturaleza.<\/p>\n<p>Entre los logros tambi\u00e9n se destacan capacitaciones sobre arbolado urbano destinado a municipios y comunas con 157 participantes; y la formaci\u00f3n de promotores ambientales en Santa Fe y Rosario, en el marco del Plan Incluir.<\/p>\n<p>\u201cLo que viene de aqu\u00ed en adelante es cosechar mediante acciones pol\u00edticas concretas, con las bases y los objetivos ya establecidos\u201d, agreg\u00f3 Fragapane, quien tild\u00f3 al proceso de arbolado p\u00fablico como \u201cuna herramienta de mitigaci\u00f3n de los efectos del cambio clim\u00e1tico e integradora de toda la sociedad\u201d.<\/p>\n<p>Con la mirada puesta en este a\u00f1o que reci\u00e9n comienza, el funcionario se\u00f1al\u00f3 que \u201cel programa sigue en pie; la idea es seguir trabajando con todos los inscriptos en capacitaciones, entrega y plantaci\u00f3n de \u00e1rboles\u201d. Y adelant\u00f3: \u201cEstamos trabajando en una gu\u00eda de arbolado para unificar criterios de plantaci\u00f3n y conservaci\u00f3n de \u00e1rboles junto a municipios y comunas, fomentar y potenciar viveros locales y la producci\u00f3n propia, a partir de la recolecci\u00f3n y clasificaci\u00f3n de semillas para generar plantines de especies arb\u00f3reas en cada zona\u201d.<\/p>\n<p>Cabe agregar que Plantar para el Futuro incorpor\u00f3 la participaci\u00f3n de instituciones intermedias, como actores principales de llegada al territorio y protagonistas en el cuidado de cada ejemplar plantado. Por su parte, las capacitaciones estuvieron a cargo de la Asociaci\u00f3n Nacional de Arboricultura.<\/p>\n<p>\u201cLlevamos a cabo un convenio con el Instituto Nacional de Semillas (Inase) para que las semillas cuenten con certificaci\u00f3n nacional. As\u00ed, junto al Ministerio de Producci\u00f3n, que administra la red provincial de viveros, y el aporte y asesoramiento cient\u00edfico acad\u00e9mico del Etfi (Equipo Forestal Interinstitucional), potenciar la red de viveros en toda la provincia, para que en el mediano plazo cada regi\u00f3n pueda autoabastecerse con \u00e1rboles de calidad certificada seg\u00fan los protocolos t\u00e9cnicos correspondientes\u201d, agreg\u00f3.<\/p>\n<p>El programa mencionado tiene una mirada innovadora de forestaci\u00f3n, pensando no s\u00f3lo en plantar, sino tambi\u00e9n en la selecci\u00f3n de las especies, en su mantenimiento y en la capacitaci\u00f3n necesaria para lograrlo. Esto gener\u00f3 que el mismo sea declarado de inter\u00e9s federal por el Consejo Federal de Medio Ambiente. En su momento, la ministra de Ambiente y Cambio Clim\u00e1tico, Erika Gonnet, destac\u00f3: \u201cJunto al gobernador Omar Perotti presentamos este programa en el marco de las actividades por el D\u00eda del Arbol, poniendo en escena el rol de municipios y comunas, y por primera vez, incluyendo la posibilidad de que organizaciones de la sociedad civil formen parte\u201d.<\/p>\n<p>Para que municipios y comunas puedan acceder al programa, deber\u00e1n presentar su \u201cPlan de Gesti\u00f3n Integral de Arbolado P\u00fablico\u201d.<\/p>\n<h6>Fuente: La capital<\/h6>\n","protected":false},"excerpt":{"rendered":"<p>Fue desde septiembre \u00faltimo, en el marco del programa Plantar Para el Futuro, lanzado por el gobierno provincial. Incluye capacitaci\u00f3n<br \/>\n\u00a0<\/p>\n","protected":false},"author":2,"featured_media":111344,"comment_status":"closed","ping_status":"closed","sticky":false,"template":"","format":"standard","meta":{"footnotes":""},"categories":[2],"tags":[10],"class_list":["post-111343","post","type-post","status-publish","format-standard","has-post-thumbnail","hentry","category-informe-municipal","tag-santa-fe"],"_links":{"self":[{"href":"http:\/\/argentinamunicipal.com.ar\/argentina\/wp-json\/wp\/v2\/posts\/111343","targetHints":{"allow":["GET"]}}],"collection":[{"href":"http:\/\/argentinamunicipal.com.ar\/argentina\/wp-json\/wp\/v2\/posts"}],"about":[{"href":"http:\/\/argentinamunicipal.com.ar\/argentina\/wp-json\/wp\/v2\/types\/post"}],"author":[{"embeddable":true,"href":"http:\/\/argentinamunicipal.com.ar\/argentina\/wp-json\/wp\/v2\/users\/2"}],"replies":[{"embeddable":true,"href":"http:\/\/argentinamunicipal.com.ar\/argentina\/wp-json\/wp\/v2\/comments?post=111343"}],"version-history":[{"count":0,"href":"http:\/\/argentinamunicipal.com.ar\/argentina\/wp-json\/wp\/v2\/posts\/111343\/revisions"}],"wp:featuredmedia":[{"embeddable":true,"href":"http:\/\/argentinamunicipal.com.ar\/argentina\/wp-json\/wp\/v2\/media\/111344"}],"wp:attachment":[{"href":"http:\/\/argentinamunicipal.com.ar\/argentina\/wp-json\/wp\/v2\/media?parent=111343"}],"wp:term":[{"taxonomy":"category","embeddable":true,"href":"http:\/\/argentinamunicipal.com.ar\/argentina\/wp-json\/wp\/v2\/categories?post=111343"},{"taxonomy":"post_tag","embeddable":true,"href":"http:\/\/argentinamunicipal.com.ar\/argentina\/wp-json\/wp\/v2\/tags?post=111343"}],"curies":[{"name":"wp","href":"https:\/\/api.w.org\/{rel}","templated":true}]}}