{"id":111760,"date":"2021-01-28T08:23:03","date_gmt":"2021-01-28T11:23:03","guid":{"rendered":"http:\/\/argentinamunicipal.com.ar\/argentina\/?p=111760"},"modified":"2021-01-28T08:23:03","modified_gmt":"2021-01-28T11:23:03","slug":"santa-fe-compromiso-para-dotar-de-autonomia-a-municipios-y-extender-mandatos-comunales","status":"publish","type":"post","link":"http:\/\/argentinamunicipal.com.ar\/argentina\/santa-fe-compromiso-para-dotar-de-autonomia-a-municipios-y-extender-mandatos-comunales\/","title":{"rendered":"Santa Fe: Compromiso para dotar de autonom\u00eda a municipios y extender mandatos comunales"},"content":{"rendered":"<p>Autoridades provinciales y locales coincidieron en impulsar la discusi\u00f3n legal de ambos temas.\u00a0 \u00abFortalecer la autonom\u00eda es fortalecer los procesos democr\u00e1ticos y el federalismo\u00bb afirm\u00f3 el gobernador. \u00abEs una buena iniciativa\u00bb marc\u00f3 Javkin. El Foro de intendentes radicales consider\u00f3 que es un camino necesario hacia la igualdad.<\/p>\n<p>El gobierno provincial e intendentes y presidentes comunales acordaron avanzar en abrir la discusi\u00f3n para sancionar una ley de autonom\u00eda municipal y para extender a cuatro a\u00f1os los mandatos de dos que establece la Constituci\u00f3n de Santa Fe para presidentes comunales.<\/p>\n<p>\u00abFortalecer la autonom\u00eda es fortalecer los procesos democr\u00e1ticos y el federalismo, que reclamamos como provincia y que tenemos que ser coherentes en ejercitarlo plenamente hacia adentro; este es un elemento trascendental que tenemos que marcar en estos a\u00f1os, afianzando la territorialidad, la autonom\u00eda y la descentralizaci\u00f3n\u00bb, les se\u00f1al\u00f3 el gobernador Omar Perotti al abrir la reuni\u00f3n en el Sal\u00f3n Blanco de Casa de Gobierno. Lo acompa\u00f1aba la vicegobernadora Alejandra Rodenas y los ministros de Gesti\u00f3n P\u00fablica, Marcos Corach, y de Gobierno, Justicia, Derechos Humanos y Diversidad, Roberto Sukerman. En la mesa, un grupo de intendentes encabezados por el rosarino Pablo Javkin y el capitalino Emilio Jat\u00f3n m\u00e1s seis presidentes comunales invitados especialmente (dos PJ, dos Frente Progresista y dos Juntos por el Cambio).<\/p>\n<p>Al t\u00e9rmino del encuentro, Javkin y Jat\u00f3n acompa\u00f1aron a Corach y a Sukerman para evaluar el encuentro ante los medios de prensa.\u00a0 \u00abTenemos cada vez m\u00e1s responsabilidades y a veces no la podemos afrontar. El primer paso es extender los intendentes comunales, despu\u00e9s vendr\u00e1n otros\u00bb se\u00f1al\u00f3 Jat\u00f3n. Javkin valor\u00f3 el acto pol\u00edtico institucional que se hab\u00eda realizado minutos antes. \u00abHay una cada vez mayor demanda de respuestas a los gobiernos locales y necesitamos mayores instrumentos\u00bb, acot\u00f3 el rosarino.<\/p>\n<p>M\u00e1s tarde, el Foro de Intendentes y Presidentes Comunales de la UCR lo consider\u00f3 un camino necesario hacia la igualdad. Pero hizo saber que \u00abpara lograr autonom\u00eda plena se necesita dotar de mayores recursos a los gobiernos locales\u00bb.\u00a0 El documento no dej\u00f3 de recordar que la autonom\u00eda de los municipios es una deuda pendiente en la provincia de Santa Fe, dado que es una garant\u00eda que la misma Constituci\u00f3n Nacional dispone para el r\u00e9gimen municipal. \u00abEs un paso muy importante para lograr mayor institucionalidad, m\u00e1s democracia, m\u00e1s y mejores servicios para los ciudadanos\u00bb.<\/p>\n<p>Corach record\u00f3 que Perotti fue tres veces intendente de Rafaela \u00aby no va a borrar con el codo lo que escribi\u00f3 con la mano\u00bb para afirmar que el gobierno \u00abva a avanzar seriamente en un proceso de autonom\u00eda. Hay una necesidad y los intendentes y presidentes comunales han entendido la seriedad de abordar el proceso. Esta instancia de di\u00e1logo para iniciar una discusi\u00f3n en avanzar en peque\u00f1os hitos\u00bb.<\/p>\n<p>Corach y Sukerman hablaron de avanzar con leyes sobre autonom\u00eda y mandatos comunales admitiendo las dificultades para lograr acuerdos para una reforma de la Constituci\u00f3n. \u00abNo estamos planteando algo formal, sino para mejorar la calidad de vida de los ciudadan\u00eda; la cercan\u00eda les har\u00e1 la vida m\u00e1s f\u00e1cil a todos\u00bb aclar\u00f3 el ministro de Gobierno marcando que s\u00f3lo Santa Fe, Mendoza y Buenos Aires no garantizan la autonom\u00eda a sus municipios.<\/p>\n<p>El sanjavierino Mario Migno, en la reuni\u00f3n, plante\u00f3 la necesidad de hacer una ingenier\u00eda que permita unificar mandatos y elegir todas las autoridades cada cuatro a\u00f1os, tanto en provincia como en\u00a0 municipios y comunas.<\/p>\n<p>\u00abNi apurado, ni despacio, pero Santa Fe tiene que volver a hacer vanguardia en temas institucionales\u00bb\u00a0Roberto Sukerman,ministro de Gobierno<\/p>\n<p>Hubo aplauso virtual cuando desde el gobierno se habl\u00f3 de una ley para que intendentes tengan mandatos de cuatro a\u00f1os. \u00abPara nosotros no hay diferencia entre un municipio y una comuna. Por eso con el Plan Incluir equiparamos a todos, porque sentimos que no hay diferenciaci\u00f3n por tama\u00f1o en lo que cabe a las responsabilidades que cada uno tiene que asumir frente a su vecino, un santafesino o una santafesina. No podemos generar esas divisiones o esas discriminaciones\u00bb, se\u00f1al\u00f3 Perotti al abrir la reuni\u00f3n. \u00abEs una responsabilidad de todos los poderes remover estos obst\u00e1culos que frenan la autonom\u00eda que est\u00e1 consagrada en nuestra Constituci\u00f3n y generan acciones inconstitucionales en nuestro territorio. Desde el Ejecutivo entendemos que esta es la manera de hacerlo. Los municipios y comunas tienen que ser los brazos ejecutores de la pol\u00edtica provincial, fortalecidos y con capacidad de desplegar todas sus energ\u00edas en sus territorios. Y para eso tenemos que ir generando leyes para ponerlos en marcha\u00bb.<\/p>\n<p>Perotti convoc\u00f3 a los intendentes\u00a0 a \u00abponer como meta las acciones que nos permitan ir removiendo los obst\u00e1culos que frenan que nuestros vecinos puedan tener mayor calidad de vida, y mejores respuestas en tiempo y forma de cada uno de los servicios que podamos prestarles desde el Estado. Creo que all\u00ed la poblaci\u00f3n, en el d\u00eda a d\u00eda, en cada uno de sus pueblos y de sus ciudades, es donde va forjando su visi\u00f3n sobre la democracia. Tenemos la posibilidad de moldear una provincia que se equilibre poblacionalmente a trav\u00e9s de un fortalecimiento de la autonom\u00eda, en la que crezcan nuestros pueblos, de que vuelvan muchos habitantes que se trasladaron en busca de mayor calidad de vida o de mayores oportunidades\u00bb, concluy\u00f3.<\/p>\n<p>Al hablar en el plenario, Sukerman entendi\u00f3 que \u00abes una oportunidad hist\u00f3rica, es un hito, porque muchas veces se termin\u00f3 utilizando la autonom\u00eda como escudo para cosas que no se pod\u00edan hacer desde los municipios y no como una espada desde la provincia para avanzar. Lo que estamos planteando es avanzar con un conjunto de proyectos legislativos, que tienen que ser enriquecidos con la mirada de todos. Tenemos que reunirnos para determinar el grado de autonom\u00eda, tenemos que dar a cada uno de los gobierno locales\u00bb.<\/p>\n<p>Corach plante\u00f3 que \u00abseguramente, vamos a avanzar con peque\u00f1os hitos, esta decisi\u00f3n tiene una dimensi\u00f3n jur\u00eddica, econ\u00f3mica, y pol\u00edtica. Hablamos de sacarlo por ley, no hablamos de una reforma constitucional en lo inmediato\u00bb.<\/p>\n<p>PRESENTES<br \/>\nAdem\u00e1s de Perotti y sus ministros, en forma presencial estuvieron en el Sal\u00f3n Blanco los intendentes de Reconquista, Enrique Vallejos; de Santa Fe, Emilio Jat\u00f3n; de Rosario, Pablo Javkin; de Rafaela, Luis Castellano; de Vera, Paula Mitre; de Ca\u00f1ada de G\u00f3mez, Stella Cl\u00e9rici; y los presidentes comunales de Carlos Pellegrini, Marina Bordigoni; de Arteaga, Juli\u00e1n Vignati; de Ca\u00f1ada Rosqu\u00edn, Ulises Puntonet; de Gobernador Crespo, Luciano Lemaire; de Santa Rosa de Calchines, Natalia Galeano y de San Jer\u00f3nimo Sud, Horacio Ciancio.<\/p>\n<p>Encuentro en el municipio<\/p>\n<p>El intendente local, Emilio Jat\u00f3n, invit\u00f3 a su par rosarino, Pablo Javkin, al municipio tras salir del encuentro en Casa de Gobierno para analizar el resultado del encuentro con Perotti y sus ministros. Tambi\u00e9n repasaron temas de gesti\u00f3n, entre ellos el transporte urbano, y coincidieron en la necesidad de fortalecer el Frente Progresista de cara a las elecciones de este a\u00f1o.<\/p>\n<h6>Fuente: El Litoral<\/h6>\n","protected":false},"excerpt":{"rendered":"<p>Autoridades provinciales y locales coincidieron en impulsar la discusi\u00f3n legal de ambos temas.\u00a0 \u00abFortalecer la autonom\u00eda es fortalecer los procesos democr\u00e1ticos y el federalismo\u00bb afirm\u00f3 el gobernador.<\/p>\n","protected":false},"author":2,"featured_media":111761,"comment_status":"closed","ping_status":"closed","sticky":false,"template":"","format":"standard","meta":{"footnotes":""},"categories":[2],"tags":[10],"class_list":["post-111760","post","type-post","status-publish","format-standard","has-post-thumbnail","hentry","category-informe-municipal","tag-santa-fe"],"_links":{"self":[{"href":"http:\/\/argentinamunicipal.com.ar\/argentina\/wp-json\/wp\/v2\/posts\/111760","targetHints":{"allow":["GET"]}}],"collection":[{"href":"http:\/\/argentinamunicipal.com.ar\/argentina\/wp-json\/wp\/v2\/posts"}],"about":[{"href":"http:\/\/argentinamunicipal.com.ar\/argentina\/wp-json\/wp\/v2\/types\/post"}],"author":[{"embeddable":true,"href":"http:\/\/argentinamunicipal.com.ar\/argentina\/wp-json\/wp\/v2\/users\/2"}],"replies":[{"embeddable":true,"href":"http:\/\/argentinamunicipal.com.ar\/argentina\/wp-json\/wp\/v2\/comments?post=111760"}],"version-history":[{"count":0,"href":"http:\/\/argentinamunicipal.com.ar\/argentina\/wp-json\/wp\/v2\/posts\/111760\/revisions"}],"wp:featuredmedia":[{"embeddable":true,"href":"http:\/\/argentinamunicipal.com.ar\/argentina\/wp-json\/wp\/v2\/media\/111761"}],"wp:attachment":[{"href":"http:\/\/argentinamunicipal.com.ar\/argentina\/wp-json\/wp\/v2\/media?parent=111760"}],"wp:term":[{"taxonomy":"category","embeddable":true,"href":"http:\/\/argentinamunicipal.com.ar\/argentina\/wp-json\/wp\/v2\/categories?post=111760"},{"taxonomy":"post_tag","embeddable":true,"href":"http:\/\/argentinamunicipal.com.ar\/argentina\/wp-json\/wp\/v2\/tags?post=111760"}],"curies":[{"name":"wp","href":"https:\/\/api.w.org\/{rel}","templated":true}]}}