{"id":111766,"date":"2021-01-29T04:00:37","date_gmt":"2021-01-29T07:00:37","guid":{"rendered":"http:\/\/argentinamunicipal.com.ar\/argentina\/?p=111766"},"modified":"2021-01-28T09:05:06","modified_gmt":"2021-01-28T12:05:06","slug":"la-salud-municipal-rosarina-debera-atender-los-casos-de-autismo","status":"publish","type":"post","link":"http:\/\/argentinamunicipal.com.ar\/argentina\/la-salud-municipal-rosarina-debera-atender-los-casos-de-autismo\/","title":{"rendered":"La salud municipal rosarina deber\u00e1 atender los casos de autismo"},"content":{"rendered":"<p>En la ciudad s\u00f3lo existe un servicio, que funciona en el hospital Zona Norte. Ahora todos los efectores deber\u00e1n contar con equipos de especialistas<\/p>\n<p>Luego de seis a\u00f1os, el intendente Pablo Javkin firm\u00f3 la reglamentaci\u00f3n de una ordenanza que indica que los efectores municipales deber\u00e1n contar con un equipo de especialistas que puedan detectar y tratar casos de chicos y adolescentes con Trastorno del Espectro Autista (TEA).<br \/>\nEn este momento\u00a0un ni\u00f1o o adolescente con TEA y sin obra social s\u00f3lo puede recibir una atenci\u00f3n especializada en un \u00fanico servicio que existe y es provincial. Se trata de \u201cEl Angel\u201d y funciona\u00a0en el hospital de Ni\u00f1os Zona Norte. Pero, dada la cantidad de consultas, los profesionales\u00a0no dan abasto para responder a tanta demanda.<\/p>\n<p>A partir de la reglamentaci\u00f3n de la ordenanza N\u00ba 9.633 del 2016, que firm\u00f3 Javkin el 18 de este mes, los centros de salud municipal deber\u00e1n contar con equipos de profesionales que puedan realizar \u201cla pesquisa, detecci\u00f3n temprana y diagn\u00f3stico\u201d de quienes presenten sospechas de TEA.<\/p>\n<p>Es decir que se sumar\u00e1n equipos de profesionales especialmente capacitados en esta tem\u00e1tica, en algunos centros de salud municipal u hospitales.<\/p>\n<p>Desde el grupo de\u00a0TGD Padres Rosario TEA, Sol Mateo celebr\u00f3 esta reglamentaci\u00f3n. \u201cHace seis a\u00f1os llevamos la propuesta al Concejo\u00a0y en ese momento la present\u00f3 Daniela Le\u00f3n.\u00a0Desde entonces esperamos la reglamentaci\u00f3n\u00a0para que ahora la Secretar\u00eda de Salud P\u00fablica la implemente\u201d, explic\u00f3 la mujer, quien destac\u00f3 que desde la agrupaci\u00f3n hace a\u00f1os que vienen batallando por instalar esta tem\u00e1tica en la agenda p\u00fablica.<\/p>\n<p>\u201cLos tratamientos que tienen los chicos con TEA son caros y tenemos que pelear mucho con las obras sociales\u00a0para que los reconozcan, incluso presentando recursos de amparo. Si nos cuesta tanto a quienes tenemos cobertura m\u00e9dica,\u00a0es imposible para quien no la tiene, por eso es fundamental que la salud p\u00fablica rosarina brinde este servicio\u201d, recalc\u00f3.<\/p>\n<p>Mientras tanto, en estos a\u00f1os de \u201cespera\u201d,\u00a0los integrantes del grupo de padres lograron que la Municipalidad capacite a profesionales de la salud para que puedan atender estos casos.\u00a0\u201cEl primer obst\u00e1culo con el que nos encontramos es que los m\u00e9dicos desconoc\u00edan el trastorno, y durante 2018 se brindaron varias capacitaciones\u201d, asegur\u00f3 Mateo, quien espera que la implementaci\u00f3n sea \u201cr\u00e1pida\u201d porque ya hay profesionales preparados para atenderla.<\/p>\n<h6>Fuente: La Capital<\/h6>\n","protected":false},"excerpt":{"rendered":"<p>En la ciudad s\u00f3lo existe un servicio, que funciona en el hospital Zona Norte. Ahora todos los efectores deber\u00e1n contar con equipos de especialistas<\/p>\n","protected":false},"author":2,"featured_media":111767,"comment_status":"closed","ping_status":"closed","sticky":false,"template":"","format":"standard","meta":{"footnotes":""},"categories":[2],"tags":[10],"class_list":["post-111766","post","type-post","status-publish","format-standard","has-post-thumbnail","hentry","category-informe-municipal","tag-santa-fe"],"_links":{"self":[{"href":"http:\/\/argentinamunicipal.com.ar\/argentina\/wp-json\/wp\/v2\/posts\/111766","targetHints":{"allow":["GET"]}}],"collection":[{"href":"http:\/\/argentinamunicipal.com.ar\/argentina\/wp-json\/wp\/v2\/posts"}],"about":[{"href":"http:\/\/argentinamunicipal.com.ar\/argentina\/wp-json\/wp\/v2\/types\/post"}],"author":[{"embeddable":true,"href":"http:\/\/argentinamunicipal.com.ar\/argentina\/wp-json\/wp\/v2\/users\/2"}],"replies":[{"embeddable":true,"href":"http:\/\/argentinamunicipal.com.ar\/argentina\/wp-json\/wp\/v2\/comments?post=111766"}],"version-history":[{"count":0,"href":"http:\/\/argentinamunicipal.com.ar\/argentina\/wp-json\/wp\/v2\/posts\/111766\/revisions"}],"wp:featuredmedia":[{"embeddable":true,"href":"http:\/\/argentinamunicipal.com.ar\/argentina\/wp-json\/wp\/v2\/media\/111767"}],"wp:attachment":[{"href":"http:\/\/argentinamunicipal.com.ar\/argentina\/wp-json\/wp\/v2\/media?parent=111766"}],"wp:term":[{"taxonomy":"category","embeddable":true,"href":"http:\/\/argentinamunicipal.com.ar\/argentina\/wp-json\/wp\/v2\/categories?post=111766"},{"taxonomy":"post_tag","embeddable":true,"href":"http:\/\/argentinamunicipal.com.ar\/argentina\/wp-json\/wp\/v2\/tags?post=111766"}],"curies":[{"name":"wp","href":"https:\/\/api.w.org\/{rel}","templated":true}]}}