{"id":111863,"date":"2021-02-01T06:35:16","date_gmt":"2021-02-01T09:35:16","guid":{"rendered":"http:\/\/argentinamunicipal.com.ar\/argentina\/?p=111863"},"modified":"2021-02-01T06:35:16","modified_gmt":"2021-02-01T09:35:16","slug":"la-provincia-proyecta-la-ampliacion-del-parque-nacional-islas-de-santa-fe","status":"publish","type":"post","link":"http:\/\/argentinamunicipal.com.ar\/argentina\/la-provincia-proyecta-la-ampliacion-del-parque-nacional-islas-de-santa-fe\/","title":{"rendered":"La provincia proyecta la ampliaci\u00f3n del Parque Nacional Islas de Santa Fe"},"content":{"rendered":"<p>Se realiza un pormenorizado estudio para incluir m\u00e1s superficie a los humedales protegidos. Pol\u00edticas de preservaci\u00f3n y fomento del ecoturismo<\/p>\n<p>El gobierno de la provincia realiza un trabajo junto a la Fundaci\u00f3n H\u00e1bitat y Desarrollo en el estudio de la ampliaci\u00f3n del Parque Nacional Islas de Santa Fe, que actualmente cuenta con 4.096 hect\u00e1reas. Se trata de una zona de estudio que dispone de 160 mil hect\u00e1reas en el \u00e1rea del delta e islas, entre la capital provincial y Rosario. Esta ecorregi\u00f3n del Paran\u00e1 constituye la reserva de agua dulce m\u00e1s importante del pa\u00eds y es un \u00e1rea de vital importancia para la cr\u00eda y reproducci\u00f3n de especies ict\u00edcolas de alto valor comercial.<\/p>\n<p>\u201cEl Delta del Paran\u00e1 es un humedal de importancia internacional, un ecosistema imprescindible para la salud y el desarrollo de las comunidades costeras, trabajamos en una propuesta que incluye indefectiblemente a los isle\u00f1os en este proceso de construcci\u00f3n y crecimiento\u201d, resalt\u00f3 la ministra de Ambiente y Cambio Clim\u00e1tico, Erika Gonnet. Y puso en valor \u201cel trabajo coordinado con distintos actores, y el di\u00e1logo permanente con el Ministerio de Ambiente y Desarrollo Sostenible de la Naci\u00f3n y la Administraci\u00f3n de Parques Nacionales\u201d.<\/p>\n<p>Gonnet indic\u00f3 que \u201cel gobernador Omar Perotti y el ministro Juan Cabandi\u00e9 coincidieron en la importancia de continuar generando \u00e1reas protegidas, de jurisdicci\u00f3n nacional o provincial, que permitan conservar ecosistemas\u201d.<\/p>\n<p><strong>Iniciativa y precisiones<\/strong><br \/>\n\u201cD\u00edas atr\u00e1s presentamos la iniciativa\u00a0Regenera Santa Fe, que en una primera etapa ampliar\u00e1\u00a0en 2.600 hect\u00e1reas\u00a0las \u00e1reas protegidas de la provincia. Adem\u00e1s, elevamos la propuesta al Gobierno nacional de\u00a0diversos puntos donde instalar Faros de Conservaci\u00f3n\u00a0en territorio santafesino; en esta instancia, desarrollamos una propuesta para la ampliaci\u00f3n del Parque Nacional Islas de Santa Fe\u201d, detall\u00f3 Gonnet.<\/p>\n<p>Sumado a esto, \u201cen menos de un a\u00f1o de gesti\u00f3n logramos que Santa Fe cuente con una Ley de Acci\u00f3n Clim\u00e1tica, para avanzar en el desarrollo de pol\u00edticas de Estado que nos permitan adaptar los territorios y mitigar los efectos del cambio clim\u00e1tico. Es nuestro compromiso avanzar en acciones concretas, transversales, con la participaci\u00f3n de todos los actores y teniendo a las juventudes como principales protagonistas\u201d, a\u00f1adi\u00f3.<\/p>\n<p>El anuncio se enmarca en la v\u00edspera del D\u00eda Internacional de los Humedales, en conmemoraci\u00f3n a aquel 2 de febrero de 1971 en la ciudad iran\u00ed de Ramsar cuando se firm\u00f3 el tratado sobre los Humedales de Importancia Internacional.<\/p>\n<p>Desde principio del siglo XX se perdi\u00f3 el 64 por ciento de los ecosistemas de humedales a nivel mundial, principalmente por la transformaci\u00f3n del uso del suelo (ganader\u00eda, agricultura, industria, miner\u00eda, urbanizaciones, infraestructuras e importaci\u00f3n de modelos productivos de ecosistemas terrestres), el cambio clim\u00e1tico (incendios, sequ\u00edas), entre otros. En Argentina representan el 22 por ciento del territorio nacional, y en la provincia de Santa Fe se destacan tres sitios Ramsar de vital importancia: Jaaukanig\u00e1s, el Delta e Islas del Paran\u00e1 y la Laguna de Melincu\u00e9.<\/p>\n<p><strong>Trabajo mancomunado<\/strong><br \/>\nDesde el Ministerio de Ambiente y Cambio Clim\u00e1tico de la provincia, en un trabajo mancomunado con diferentes organismos locales, provinciales y nacionales, las ONGs, el sector cient\u00edfico-acad\u00e9mico y actores locales, se est\u00e1n impulsando\u00a0estrategias de conservaci\u00f3n y regeneraci\u00f3n de humedales, que son fundamentales para el aprovisionamiento de agua de nuestras ciudades, moderar las temperaturas y amortiguar las crecientes del r\u00edo (y las inundaciones) y disminuir la erosi\u00f3n de nuestras costas. Adem\u00e1s, almacenan carbono (y mitigan los efectos del cambio clim\u00e1tico), conservan unos de los mayores refugios de biodiversidad de la provincia y proveen alimentos, recreaci\u00f3n y turismo a las comunidades aleda\u00f1as.<\/p>\n<p>\u201cEl noroeste de la Argentina, desde Buenos Aires y Misiones, tiene dos caracter\u00edsticas centrales; la m\u00e1xima acumulaci\u00f3n de humedales y la m\u00e1xima acumulaci\u00f3n de pobreza de toda la Rep\u00fablica Argentina. Por lo tanto, las dos pol\u00edticas estrat\u00e9gicas centrales para el noroeste argentino tienen que ser la conservaci\u00f3n de los humedales y el combate a la pobreza mediante el desarrollo sustentable. En este 2 de febrero, D\u00eda de los Humedales, hay que pensar en estos dos t\u00e9rminos como pol\u00edticas prioritarias de la Argentina para su noroeste\u201d, manifest\u00f3, por su parte, Fernando Ardura, Director Ejecutivo de Fundaci\u00f3n H\u00e1bitat y Desarrollo.<\/p>\n<p><strong>Ecoturismo<\/strong><br \/>\nEn paralelo, conscientes de que es necesario planificar las actividades humanas que ejercen presi\u00f3n sobre el humedal, la\u00a0Secretar\u00eda de Turismo de la provincia, junto al Consejo Federal de Inversiones y la Universidad Nacional de Rafaela, est\u00e1 desarrollando un plan ecotur\u00edstico de la ruta nacional 11 para posicionar a la regi\u00f3n como un destino internacional de naturaleza. Para ello, ser\u00e1 fundamental la instalaci\u00f3n y el fortalecimiento de capacidades locales para desarrollar pol\u00edticas y herramientas para la gesti\u00f3n sostenible del turismo, el desarrollo de infraestructura tur\u00edstica receptiva, el posicionamiento de nodos estrat\u00e9gicos, el desarrollo de prestadores locales y el desarrollo de una marca territorial ligada al turismo cultural, gastron\u00f3mico, cient\u00edfico y el ecoturismo.<\/p>\n<p>\u201cDesde la Secretar\u00eda de Turismo creemos que va a haber un fortalecimiento del ecoturismo a ra\u00edz de la experiencia del Covid-19; ecoturismo que est\u00e1 vinculado al disfrute de la naturaleza, es un turismo de cercan\u00eda y regional, siendo el Parque Nacional Islas de Santa Fe uno de los lugares que seguramente m\u00e1s se va a desarrollar\u201d, valor\u00f3 Alejandro Grandinetti, secretario del \u00e1rea.<\/p>\n<p>El funcionario record\u00f3 que \u201clos \u00faltimos relevamientos de visitantes a los parques nacionales en Argentina se hab\u00edan incrementado un 27 por ciento, teniendo en cuenta s\u00f3lo enero de 2020, antes que el Covid-19 llegara al pa\u00eds. Esto nos hace ver que tenemos un gran potencial a desarrollar en la provincia, y para ello estamos desarrollando estudios que nos demuestran la capacidad de recepci\u00f3n y de carga de este espacio en cuanto a turistas, un relevamiento de infraestructura que se tiene actualmente, de la proyectada en funci\u00f3n de la cantidad de visitantes que esperamos recibir y tambi\u00e9n el desarrollo de un corredor tur\u00edstico que abarque desde Granadero Baigorria hasta Santo Tom\u00e9\u201d.<\/p>\n<p>Grandinetti resalt\u00f3 que \u201cese corredor tendr\u00e1 una oferta tur\u00edstica que genere atractivos en s\u00ed mismo y que potencien el Parque Nacional Islas de Santa Fe\u201d. Se han involucrado, sumado a las ya mencionadas, las localidades de San Lorenzo, Timb\u00faes, Oliveros, Puerto Gaboto, Maciel, Barrancas, Monje y Coronda.<\/p>\n<p>\u201cJunto al Ministerio de Ambiente trabajamos en la puesta en valor de los territorios insulares bajo jurisdicci\u00f3n provincial, con la ampliaci\u00f3n de \u00e1reas protegidas y a partir de una explotaci\u00f3n tur\u00edstica sustentable y ecorresponsable\u201d, finaliz\u00f3.<\/p>\n<p>Adem\u00e1s, en articulaci\u00f3n con el sector empresario y los pobladores locales se promover\u00e1 la dinamizaci\u00f3n de sectores productivos para la generaci\u00f3n de empleo verde y equidad social, el fomento actividades econ\u00f3micas de impacto social y ambiental positivo como la pesca artesanal, la apicultura, la ganader\u00eda regenerativa, la agroecolog\u00eda y la producci\u00f3n de especies nativas.<\/p>\n<p>Estas estrategias buscan preservar la biodiversidad, revalorizar la cultura e identidad locales, la diversificaci\u00f3n productiva sostenible, la generaci\u00f3n de empleo local y el fortalecimiento de la gobernanza territorial en las islas del Delta y en las localidades ribere\u00f1as.<\/p>\n<h6>Fuente: La Capital<\/h6>\n","protected":false},"excerpt":{"rendered":"<p>Se realiza un pormenorizado estudio para incluir m\u00e1s superficie a los humedales protegidos. Pol\u00edticas de preservaci\u00f3n y fomento del ecoturismo<\/p>\n","protected":false},"author":2,"featured_media":111864,"comment_status":"closed","ping_status":"closed","sticky":false,"template":"","format":"standard","meta":{"footnotes":""},"categories":[2],"tags":[10],"class_list":["post-111863","post","type-post","status-publish","format-standard","has-post-thumbnail","hentry","category-informe-municipal","tag-santa-fe"],"_links":{"self":[{"href":"http:\/\/argentinamunicipal.com.ar\/argentina\/wp-json\/wp\/v2\/posts\/111863","targetHints":{"allow":["GET"]}}],"collection":[{"href":"http:\/\/argentinamunicipal.com.ar\/argentina\/wp-json\/wp\/v2\/posts"}],"about":[{"href":"http:\/\/argentinamunicipal.com.ar\/argentina\/wp-json\/wp\/v2\/types\/post"}],"author":[{"embeddable":true,"href":"http:\/\/argentinamunicipal.com.ar\/argentina\/wp-json\/wp\/v2\/users\/2"}],"replies":[{"embeddable":true,"href":"http:\/\/argentinamunicipal.com.ar\/argentina\/wp-json\/wp\/v2\/comments?post=111863"}],"version-history":[{"count":0,"href":"http:\/\/argentinamunicipal.com.ar\/argentina\/wp-json\/wp\/v2\/posts\/111863\/revisions"}],"wp:featuredmedia":[{"embeddable":true,"href":"http:\/\/argentinamunicipal.com.ar\/argentina\/wp-json\/wp\/v2\/media\/111864"}],"wp:attachment":[{"href":"http:\/\/argentinamunicipal.com.ar\/argentina\/wp-json\/wp\/v2\/media?parent=111863"}],"wp:term":[{"taxonomy":"category","embeddable":true,"href":"http:\/\/argentinamunicipal.com.ar\/argentina\/wp-json\/wp\/v2\/categories?post=111863"},{"taxonomy":"post_tag","embeddable":true,"href":"http:\/\/argentinamunicipal.com.ar\/argentina\/wp-json\/wp\/v2\/tags?post=111863"}],"curies":[{"name":"wp","href":"https:\/\/api.w.org\/{rel}","templated":true}]}}