{"id":111871,"date":"2021-02-02T04:49:12","date_gmt":"2021-02-02T07:49:12","guid":{"rendered":"http:\/\/argentinamunicipal.com.ar\/argentina\/?p=111871"},"modified":"2021-02-01T19:05:36","modified_gmt":"2021-02-01T22:05:36","slug":"misiones-celebrara-sus-elecciones-legislativas-el-proximo-6-de-junio","status":"publish","type":"post","link":"http:\/\/argentinamunicipal.com.ar\/argentina\/misiones-celebrara-sus-elecciones-legislativas-el-proximo-6-de-junio\/","title":{"rendered":"Misiones celebrar\u00e1 sus elecciones legislativas el pr\u00f3ximo 6 de junio"},"content":{"rendered":"<p>Ese d\u00eda los misioneros elegir\u00e1n en las urnas 20 diputados provinciales y concejales de cada municipio.<\/p>\n<p>El gobernador\u00a0Oscar Herrera Ahuad\u00a0firm\u00f3 el viernes pasado el decreto por el cual se convoc\u00f3 a\u00a0elecciones\u00a0provinciales para el pr\u00f3ximo domingo 6 de junio. Ese d\u00eda los misioneros concurrir\u00e1n a las urnas para elegir 20 diputados provinciales y, concejales en municipios que tienen carta org\u00e1nica.<\/p>\n<p>El decreto fue publicado este lunes en el Bolet\u00edn Oficial de la Provincia.<\/p>\n<p>\u00abEl acto comicial convocado procedentemente se regir\u00e1 por las disposiciones del R\u00e9gimen Electoral Provincial Ley VI &#8211; N6 y normas concordantes vigentes\u00bb, indica el art\u00edculo 2 del decreto N\u00b095<\/p>\n<p>\u00abAdem\u00e1s se invita a las municipalidades de la provincia para que se adhieran a la medida, convocando a realizar comicios para la elecci\u00f3n de autoridades municipales que correspondan en la fecha establecida (6 de junio), a los efectos de realizarlos en forma simult\u00e1nea\u00bb, consigna el art\u00edculo 3 del decreto.<\/p>\n<h6>Fuente: Minuto Uno<\/h6>\n","protected":false},"excerpt":{"rendered":"<p>Ese d\u00eda los misioneros elegir\u00e1n en las urnas 20 diputados provinciales y concejales de cada municipio.<\/p>\n","protected":false},"author":2,"featured_media":111872,"comment_status":"closed","ping_status":"closed","sticky":false,"template":"","format":"standard","meta":{"footnotes":""},"categories":[4],"tags":[27],"class_list":["post-111871","post","type-post","status-publish","format-standard","has-post-thumbnail","hentry","category-informe-politico","tag-misiones"],"_links":{"self":[{"href":"http:\/\/argentinamunicipal.com.ar\/argentina\/wp-json\/wp\/v2\/posts\/111871","targetHints":{"allow":["GET"]}}],"collection":[{"href":"http:\/\/argentinamunicipal.com.ar\/argentina\/wp-json\/wp\/v2\/posts"}],"about":[{"href":"http:\/\/argentinamunicipal.com.ar\/argentina\/wp-json\/wp\/v2\/types\/post"}],"author":[{"embeddable":true,"href":"http:\/\/argentinamunicipal.com.ar\/argentina\/wp-json\/wp\/v2\/users\/2"}],"replies":[{"embeddable":true,"href":"http:\/\/argentinamunicipal.com.ar\/argentina\/wp-json\/wp\/v2\/comments?post=111871"}],"version-history":[{"count":0,"href":"http:\/\/argentinamunicipal.com.ar\/argentina\/wp-json\/wp\/v2\/posts\/111871\/revisions"}],"wp:featuredmedia":[{"embeddable":true,"href":"http:\/\/argentinamunicipal.com.ar\/argentina\/wp-json\/wp\/v2\/media\/111872"}],"wp:attachment":[{"href":"http:\/\/argentinamunicipal.com.ar\/argentina\/wp-json\/wp\/v2\/media?parent=111871"}],"wp:term":[{"taxonomy":"category","embeddable":true,"href":"http:\/\/argentinamunicipal.com.ar\/argentina\/wp-json\/wp\/v2\/categories?post=111871"},{"taxonomy":"post_tag","embeddable":true,"href":"http:\/\/argentinamunicipal.com.ar\/argentina\/wp-json\/wp\/v2\/tags?post=111871"}],"curies":[{"name":"wp","href":"https:\/\/api.w.org\/{rel}","templated":true}]}}