{"id":111900,"date":"2021-02-02T04:24:54","date_gmt":"2021-02-02T07:24:54","guid":{"rendered":"http:\/\/argentinamunicipal.com.ar\/argentina\/?p=111900"},"modified":"2021-02-02T06:30:07","modified_gmt":"2021-02-02T09:30:07","slug":"en-parana-tambien-buscan-fortalecer-la-labor-de-las-cooperativas","status":"publish","type":"post","link":"http:\/\/argentinamunicipal.com.ar\/argentina\/en-parana-tambien-buscan-fortalecer-la-labor-de-las-cooperativas\/","title":{"rendered":"En Paran\u00e1 tambi\u00e9n buscan fortalecer la labor de las cooperativas"},"content":{"rendered":"<p>Paran\u00e1 y otros municipios de la provincia tuvieron un encuentro de trabajo \u2022\u00a0 El prop\u00f3sito fue repasar las gestiones en cada una de las ciudades \u2022 Se trata de localidades donde las \u00e1reas destinadas a abordar este sector han tomado rango institucional y han dado lugar a las distintas problem\u00e1ticas del mismo en la agenda p\u00fablica<\/p>\n<p>La Municipalidad de Paran\u00e1 particip\u00f3 a trav\u00e9s de la Direcci\u00f3n de Cooperativas, dependiente de la Subsecretar\u00eda de Inversi\u00f3n y Empleo. Adem\u00e1s fueron parte Santa Elena, Gualeguaych\u00fa y Concordia.<\/p>\n<p>Estuvieron presentes la ministra de Gobierno y Justicia de Entre R\u00edos, Rosario Romero y el presidente del Instituto de Promoci\u00f3n de Cooperativas y Mutualidades (Ipcymer), Ricardo Etchemendy.<\/p>\n<p>\u00abLa l\u00ednea de trabajo es fortalecer los lazos, territorializar el movimiento cooperativo y vincular al Estado con el entramado productivo potencial para encadenar y agregar valor a nuestros productos y redes comerciales\u201d, explic\u00f3 Jonathan J\u00e1uregui, director de Cooperativas de la Municipalidad de Paran\u00e1.<\/p>\n<p>\u2022 Balance de gesti\u00f3n y estrategia<\/p>\n<p>Durante el 2020, a pesar de la pandemia, \u00abse generaron alternativas para que su impacto fuera leve y se pudiera seguir en marcha, aun en las dificultades. Se trabaj\u00f3 en etapas, desde lograr una institucionalidad para el tema, luego de recibir un Municipio deteriorado en t\u00e9rminos de recursos y de capacidad de respuesta a las demandas; se sigui\u00f3 con medidas inmediatas de inserci\u00f3n productiva, convocando a espacios de comercializaci\u00f3n regulados por el Estado para que le implique al sector un flujo de ingresos para el sustento de familias y posteriormente se avanz\u00f3 en procedimientos internos para incluir a las cooperativas en la obra p\u00fablica, entre otras acciones de fortalecimiento\u201d, detall\u00f3 J\u00e1uregui.<\/p>\n<p>La estrategia de continuidad es promover la organizaci\u00f3n y un horizonte com\u00fan sobre la base de las econom\u00edas regionales, potenciando los mercados locales con una perspectiva de integraci\u00f3n comunitaria, desde aspectos que son competencia de las \u00e1reas municipales como son los espacios de coordinaci\u00f3n, promoci\u00f3n, fortalecimiento y generaci\u00f3n de trabajo.<\/p>\n<h6>Fuente: APFDigital<\/h6>\n","protected":false},"excerpt":{"rendered":"<p>Paran\u00e1 y otros municipios de la provincia tuvieron un encuentro de trabajo \u2022\u00a0 El prop\u00f3sito fue repasar las gestiones en cada una de las ciudades<\/p>\n","protected":false},"author":2,"featured_media":111901,"comment_status":"closed","ping_status":"closed","sticky":false,"template":"","format":"standard","meta":{"footnotes":""},"categories":[2],"tags":[17],"class_list":["post-111900","post","type-post","status-publish","format-standard","has-post-thumbnail","hentry","category-informe-municipal","tag-entre-rios"],"_links":{"self":[{"href":"http:\/\/argentinamunicipal.com.ar\/argentina\/wp-json\/wp\/v2\/posts\/111900","targetHints":{"allow":["GET"]}}],"collection":[{"href":"http:\/\/argentinamunicipal.com.ar\/argentina\/wp-json\/wp\/v2\/posts"}],"about":[{"href":"http:\/\/argentinamunicipal.com.ar\/argentina\/wp-json\/wp\/v2\/types\/post"}],"author":[{"embeddable":true,"href":"http:\/\/argentinamunicipal.com.ar\/argentina\/wp-json\/wp\/v2\/users\/2"}],"replies":[{"embeddable":true,"href":"http:\/\/argentinamunicipal.com.ar\/argentina\/wp-json\/wp\/v2\/comments?post=111900"}],"version-history":[{"count":0,"href":"http:\/\/argentinamunicipal.com.ar\/argentina\/wp-json\/wp\/v2\/posts\/111900\/revisions"}],"wp:featuredmedia":[{"embeddable":true,"href":"http:\/\/argentinamunicipal.com.ar\/argentina\/wp-json\/wp\/v2\/media\/111901"}],"wp:attachment":[{"href":"http:\/\/argentinamunicipal.com.ar\/argentina\/wp-json\/wp\/v2\/media?parent=111900"}],"wp:term":[{"taxonomy":"category","embeddable":true,"href":"http:\/\/argentinamunicipal.com.ar\/argentina\/wp-json\/wp\/v2\/categories?post=111900"},{"taxonomy":"post_tag","embeddable":true,"href":"http:\/\/argentinamunicipal.com.ar\/argentina\/wp-json\/wp\/v2\/tags?post=111900"}],"curies":[{"name":"wp","href":"https:\/\/api.w.org\/{rel}","templated":true}]}}