{"id":111903,"date":"2021-02-02T04:44:11","date_gmt":"2021-02-02T07:44:11","guid":{"rendered":"http:\/\/argentinamunicipal.com.ar\/argentina\/?p=111903"},"modified":"2021-02-02T06:47:00","modified_gmt":"2021-02-02T09:47:00","slug":"moodys-ve-con-buenos-ojos-el-canje-de-deuda-de-cordoba","status":"publish","type":"post","link":"http:\/\/argentinamunicipal.com.ar\/argentina\/moodys-ve-con-buenos-ojos-el-canje-de-deuda-de-cordoba\/","title":{"rendered":"Moody\u2019s ve con buenos ojos el canje de deuda de C\u00f3rdoba"},"content":{"rendered":"<p>La calificadora de riesgo crediticio considera que le brindar\u00e1 \u201cliquidez\u201d para los pr\u00f3ximos dos a\u00f1os.<\/p>\n<p>La agencia de calificaci\u00f3n de riesgo crediticio Moody\u2019s mejor\u00f3 su perspectiva de la deuda de C\u00f3rdoba tras el canje de deuda encarado por la provincia. Moody\u2019s dijo que \u201cextender la fecha de vencimiento de los pagar\u00e9s de 2021 hasta 2025 reducir\u00e1 significativamente el riesgo de refinanciamiento\u201d.<\/p>\n<p>\u201cReprogramar el pago de amortizaci\u00f3n de 710 millones de d\u00f3lares que originalmente vence en junio 2021,\u00a0habr\u00eda representado un desaf\u00edo significativo para la provincia dadas las dif\u00edciles condiciones del mercado\u201d, a\u00f1adi\u00f3 en alusi\u00f3n a la deuda cordobesa.<\/p>\n<p>La agencia indic\u00f3 que \u201cel nuevo cronograma del servicio de la deuda le\u00a0ahorrar\u00e1 a la provincia alrededor de 690 millones de d\u00f3lares en pagos del servicio de la deuda durante los pr\u00f3ximos dos a\u00f1os, facilitando la gesti\u00f3n de liquidez de C\u00f3rdoba, que enfrenta un desaf\u00edo pand\u00e9mico\u201d.<\/p>\n<p>En 2020,\u00a0los ingresos crecieron un 33% en comparaci\u00f3n con 2019, mientras que la tasa de crecimiento del \u00edndice de precios al consumidor fue del 36,1%.<\/p>\n<p>M\u00e1s adelante,\u00a0Moody\u2019s remarc\u00f3 que \u201csi bien la reestructuraci\u00f3n de la deuda proporciona un alivio temporal a las finanzas de la provincia, el riesgo de m\u00e1s reestructuraciones de la deuda ser\u00e1 alto alrededor de 2023, cuando los pagos de la deuda aumentar\u00e1n significativamente\u201d.<\/p>\n<p>La capacidad de C\u00f3rdoba para cumplir con sus pagos\u00a0\u201ces incierta debido al acceso restringido al mercado y un entorno operativo dif\u00edcil\u201d, afirm\u00f3 la calificadora.<\/p>\n<h6>Fuente: Via Pa\u00eds<\/h6>\n","protected":false},"excerpt":{"rendered":"<p>La calificadora de riesgo crediticio considera que le brindar\u00e1 \u201cliquidez\u201d para los pr\u00f3ximos dos a\u00f1os.<\/p>\n","protected":false},"author":2,"featured_media":111904,"comment_status":"closed","ping_status":"closed","sticky":false,"template":"","format":"standard","meta":{"footnotes":""},"categories":[65],"tags":[3],"class_list":["post-111903","post","type-post","status-publish","format-standard","has-post-thumbnail","hentry","category-provincias","tag-cordoba"],"_links":{"self":[{"href":"http:\/\/argentinamunicipal.com.ar\/argentina\/wp-json\/wp\/v2\/posts\/111903","targetHints":{"allow":["GET"]}}],"collection":[{"href":"http:\/\/argentinamunicipal.com.ar\/argentina\/wp-json\/wp\/v2\/posts"}],"about":[{"href":"http:\/\/argentinamunicipal.com.ar\/argentina\/wp-json\/wp\/v2\/types\/post"}],"author":[{"embeddable":true,"href":"http:\/\/argentinamunicipal.com.ar\/argentina\/wp-json\/wp\/v2\/users\/2"}],"replies":[{"embeddable":true,"href":"http:\/\/argentinamunicipal.com.ar\/argentina\/wp-json\/wp\/v2\/comments?post=111903"}],"version-history":[{"count":0,"href":"http:\/\/argentinamunicipal.com.ar\/argentina\/wp-json\/wp\/v2\/posts\/111903\/revisions"}],"wp:featuredmedia":[{"embeddable":true,"href":"http:\/\/argentinamunicipal.com.ar\/argentina\/wp-json\/wp\/v2\/media\/111904"}],"wp:attachment":[{"href":"http:\/\/argentinamunicipal.com.ar\/argentina\/wp-json\/wp\/v2\/media?parent=111903"}],"wp:term":[{"taxonomy":"category","embeddable":true,"href":"http:\/\/argentinamunicipal.com.ar\/argentina\/wp-json\/wp\/v2\/categories?post=111903"},{"taxonomy":"post_tag","embeddable":true,"href":"http:\/\/argentinamunicipal.com.ar\/argentina\/wp-json\/wp\/v2\/tags?post=111903"}],"curies":[{"name":"wp","href":"https:\/\/api.w.org\/{rel}","templated":true}]}}