{"id":111939,"date":"2021-02-03T05:45:43","date_gmt":"2021-02-03T08:45:43","guid":{"rendered":"http:\/\/argentinamunicipal.com.ar\/argentina\/?p=111939"},"modified":"2021-02-02T19:38:23","modified_gmt":"2021-02-02T22:38:23","slug":"la-festram-de-entre-rios-cuestiono-al-gobierno-santafesino-por-el-intento-de-cercenar-derechos-de-los-municipales","status":"publish","type":"post","link":"http:\/\/argentinamunicipal.com.ar\/argentina\/la-festram-de-entre-rios-cuestiono-al-gobierno-santafesino-por-el-intento-de-cercenar-derechos-de-los-municipales\/","title":{"rendered":"La Festram de Entre R\u00edos cuestion\u00f3 al gobierno santafesino por el \u201cintento de cercenar derechos\u201d de los municipales"},"content":{"rendered":"<p>La Federaci\u00f3n Entrerriana de Sindicatos de Trabajadores Municipales (Festram), la organizaci\u00f3n que conduce Mario Barber\u00e1n, cuestion\u00f3 al gobierno santafesino por el \u201cintento de cercenar derechos\u201d de los trabajadores municipales de dicha provincia. De esa manera la entidad sindical entrerriana repudi\u00f3 el Proyecto de \u201cAutonom\u00eda Municipal\u201d impulsado por las autoridades santafesinas, al considerarlo \u201cinconsulto y de car\u00e1cter unilateral\u201d.<\/p>\n<p>A trav\u00e9s de una declaraci\u00f3n gremial, la Festram Entre R\u00edos se\u00f1al\u00f3 que dicha iniciativa \u201csolo se presenta a ojos de los trabajadores como\u00a0una excusa para cercenar sus derechos laborales y salariales\u201d\u00a0y manifest\u00f3:\u00a0\u201cNos solidarizamos con los compa\u00f1eros santafesinos en este triste momento\u201d.<\/p>\n<p>\u201cLa Autonom\u00eda Municipal no puede ser pensada para cercenar derechos de los trabajadores\u201d,\u00a0alert\u00f3 la Federaci\u00f3n entrerriana, al se\u00f1alar \u201cla lamentable situaci\u00f3n que se suscita en la hermana Provincia de Santa Fe, donde\u00a0se pone en duda y en riesgo el derecho de los trabajadores municipales\u00a0a tener su propia paritaria,\u00a0que en los hechos ha sido muy exitosa a trav\u00e9s de los tiempos\u201d.<\/p>\n<p>Esta situaci\u00f3n \u201cha llevado a la Festram Santa Fe a realizar una serie de medidas gremiales entre las que se destaca\u00a0declarar el Estado de Alerta y Movilizaci\u00f3n\u00a0as\u00ed como la presentaci\u00f3n de una\u00a0Reclamaci\u00f3n ante la OIT\u00a0por las manifestaciones de la Corte Suprema de Justicia sobre que existir\u00eda \u2018tensi\u00f3n\u2019 entre la mencionada Ley de Paritarias Municipal, la propia Constituci\u00f3n de Santa Fe y la Constituci\u00f3n Nacional\u201d, destac\u00f3 la entidad entrerriana.<\/p>\n<p>Al respecto, la Festram Entre R\u00edos cuestion\u00f3 que\u00a0\u201cen un acto casi reflejo el Gobierno Provincial env\u00ede un Proyecto de Autonom\u00eda Municipal inconsulto y de car\u00e1cter unilateral\u00a0que solo se presenta a ojos de los trabajadores como\u00a0una excusa para cercenar sus derechos laborales y salariales,\u00a0por lo que nos solidarizamos con los compa\u00f1eros santafesinos en este triste momento\u201d.<\/p>\n<p>En este marco, la Federaci\u00f3n entrerriana manifest\u00f3: \u201cCabr\u00eda recordar a los pol\u00edticos devenidos en juristas que al realizarse la Reforma de la Constituci\u00f3n Nacional de 1994, al referirse al\u00a0concepto \u2018autonom\u00eda\u2019 hab\u00eda consenso en que no tiene un concepto un\u00edvoco,\u00a0pero s\u00ed que se diferenciaba del de \u2018autarqu\u00eda\u2019\u201d.<\/p>\n<p>\u201cPor el contrario, en la Constituci\u00f3n Reformada no solo los municipios son investidos como \u2018aut\u00f3nomos\u2019, tambi\u00e9n son la Universidad, y diferentes Organismos de Control del Estado, etc., pero, a\u00fan con esta idea \u2018multivoca\u2019 de\u00a0la autonom\u00eda nunca fue pensada para derogar derechos de nadie,\u00a0y menos de los trabajadores\u201d, remarc\u00f3 la organizaci\u00f3n que conduce Mario Barber\u00e1n.<\/p>\n<p>En esa l\u00ednea, la Festram Entre R\u00edos indic\u00f3 que \u201cprueba de ello es que en la reforma del a\u00f1o 1994 de la Carta Magna Nacional dej\u00f3\u00a0plenamente vigente el art. 14 bis\u00a0que entre otras cosas manifiesta que: \u2018El trabajo en sus diversas formas gozar\u00e1 de la protecci\u00f3n de las leyes, las que asegurar\u00e1n al trabajador\u2026organizaci\u00f3n sindical libre y democr\u00e1ctica\u2026\u2019 y en su segundo p\u00e1rrafo remata: \u2018Queda garantizado a los gremios: concertar convenios colectivos de trabajo\u2026\u2019\u201d.<\/p>\n<p>De tal manera, la entidad entrerriana se pronunci\u00f3:\u00a0\u201cRatificamos la defensa de la Ley 9.996 de Paritarias Municipal de Santa Fe siendo un objetivo com\u00fan a nuestras organizaciones federativas\u201d.<\/p>\n<p>Asimismo, la Festram record\u00f3 que \u201cen nuestra Provincia de Entre R\u00edos, as\u00ed lo entendieron los convencionales constituyentes al concretar la\u00a0Reforma de la Constituci\u00f3n Provincial Entrerriana\u00a0en el a\u00f1o 2008 incluyendo el art. 82 cuando expresamente reconocen que \u2018El trabajo es un derecho que el Estado protege e impulsa. Promueve el empleo y el trabajo decente, en igualdad de condiciones\u2026\u2019 d\u00e1ndonos una pauta sobre el car\u00e1cter de Constitucionalismo social de la norma y que los trabajadores municipales tiene derecho a sus propias paritarias\u201d.<\/p>\n<p>\u201cY en su primer inciso, expresa que el Estado debe \u2018reglamentar\u2019 \u2026 \u2018especialmente: a) La negociaci\u00f3n colectiva garantizando los principios de irrenunciabilidad, progresividad, primac\u00eda de la realidad, indemnidad, y en caso de duda a favor del trabajador\u2019. As\u00ed mismo dentro del art 240 sobre las competencias de los Municipios, en su inciso 5\u00b0 se le otorga \u201cConcertar convenios colectivos de trabajo y preservar los sistemas locales de seguridad social existentes\u201d, detall\u00f3 la Federaci\u00f3n.<\/p>\n<p>Ante lo expuesto, la declaraci\u00f3n de la Festram concluy\u00f3: \u201cEn estos aciagos momentos queremos manifestar p\u00fablicamente nuestra\u00a0preocupaci\u00f3n por el accionar del Gobierno de la Provincia de Santa Fe y nuestro m\u00e1s en\u00e9rgico repudio\u00a0a todo intento de cercenar derechos adquiridos y garantizados en forma Constitucional a la negociaci\u00f3n colectiva, y espec\u00edficamente\u00a0la defensa de la Ley 9.996 de Paritarias Municipal que ha sido garant\u00eda de paz social durante muchos a\u00f1os\u201d.<\/p>\n<h6>Fuente: Sitio Gremial<\/h6>\n","protected":false},"excerpt":{"rendered":"<p>La Federaci\u00f3n Entrerriana de Sindicatos de Trabajadores Municipales (Festram), la organizaci\u00f3n que conduce Mario Barber\u00e1n, cuestion\u00f3 al gobierno santafesino por el \u201cintento de cercenar derechos\u201d de los trabajadores municipales de dicha provincia.<\/p>\n","protected":false},"author":2,"featured_media":111940,"comment_status":"closed","ping_status":"closed","sticky":false,"template":"","format":"standard","meta":{"footnotes":""},"categories":[7],"tags":[17,10],"class_list":["post-111939","post","type-post","status-publish","format-standard","has-post-thumbnail","hentry","category-informe-sindical","tag-entre-rios","tag-santa-fe"],"_links":{"self":[{"href":"http:\/\/argentinamunicipal.com.ar\/argentina\/wp-json\/wp\/v2\/posts\/111939","targetHints":{"allow":["GET"]}}],"collection":[{"href":"http:\/\/argentinamunicipal.com.ar\/argentina\/wp-json\/wp\/v2\/posts"}],"about":[{"href":"http:\/\/argentinamunicipal.com.ar\/argentina\/wp-json\/wp\/v2\/types\/post"}],"author":[{"embeddable":true,"href":"http:\/\/argentinamunicipal.com.ar\/argentina\/wp-json\/wp\/v2\/users\/2"}],"replies":[{"embeddable":true,"href":"http:\/\/argentinamunicipal.com.ar\/argentina\/wp-json\/wp\/v2\/comments?post=111939"}],"version-history":[{"count":0,"href":"http:\/\/argentinamunicipal.com.ar\/argentina\/wp-json\/wp\/v2\/posts\/111939\/revisions"}],"wp:featuredmedia":[{"embeddable":true,"href":"http:\/\/argentinamunicipal.com.ar\/argentina\/wp-json\/wp\/v2\/media\/111940"}],"wp:attachment":[{"href":"http:\/\/argentinamunicipal.com.ar\/argentina\/wp-json\/wp\/v2\/media?parent=111939"}],"wp:term":[{"taxonomy":"category","embeddable":true,"href":"http:\/\/argentinamunicipal.com.ar\/argentina\/wp-json\/wp\/v2\/categories?post=111939"},{"taxonomy":"post_tag","embeddable":true,"href":"http:\/\/argentinamunicipal.com.ar\/argentina\/wp-json\/wp\/v2\/tags?post=111939"}],"curies":[{"name":"wp","href":"https:\/\/api.w.org\/{rel}","templated":true}]}}