{"id":111951,"date":"2021-02-02T19:55:28","date_gmt":"2021-02-02T22:55:28","guid":{"rendered":"http:\/\/argentinamunicipal.com.ar\/argentina\/?p=111951"},"modified":"2021-02-02T19:55:28","modified_gmt":"2021-02-02T22:55:28","slug":"el-intendente-de-rosario-celebro-el-aniversario-del-banco-municipal-una-fecha-historica-en-un-momento-historico","status":"publish","type":"post","link":"http:\/\/argentinamunicipal.com.ar\/argentina\/el-intendente-de-rosario-celebro-el-aniversario-del-banco-municipal-una-fecha-historica-en-un-momento-historico\/","title":{"rendered":"El intendente de Rosario celebr\u00f3 el aniversario del Banco Municipal: \u00abUna fecha hist\u00f3rica, en un momento hist\u00f3rico\u00bb"},"content":{"rendered":"<p>El intendente ponder\u00f3 la trayectoria de la entidad crediticia p\u00fablica.<\/p>\n<p>El intendente Pablo Javkin presidi\u00f3 este lunes 1\u00b0 de febrero el acto central por el 125 aniversario del Banco Municipal de Rosario, que se desarroll\u00f3 en el sal\u00f3n auditorio de la entidad y en cuyo transcurso se distingui\u00f3 a los empleados m\u00e1s antiguos y a los ex presidentes de la instituci\u00f3n desde el retorno de la democracia. Todos ellos coincidieron en \u00abdestacar el orgullo rosarino de tener un banco p\u00fablico, el \u00fanico de la provincia de Santa Fe y el \u00fanico municipal del pa\u00eds\u00bb.<\/p>\n<p>\u201cDesde que el banco naci\u00f3 tuvo como prioridad a la gente, de estar cerca en momentos dif\u00edciles\u201d, resalt\u00f3 Javkin y subray\u00f3 que \u201cRosario es la\u00a0\u00fanica ciudad del pa\u00eds que ha conservado su banco, de car\u00e1cter p\u00fablico,\u00a0en la \u00f3rbita de un municipio\u201d.<\/p>\n<p>\u201cNuestra ciudad tiene una enorme tradici\u00f3n de construir sobre lo hecho, es un valor que Rosario tiene y se sostiene, y uno de los testigos principales es el Banco Municipal\u201d, a\u00f1adi\u00f3 el intendente en referencia a la centenaria instituci\u00f3n que opera como entidad aut\u00e1rquica y es agente financiero del gobierno local, con 14 sucursales en las ciudades de Rosario, Santa Fe y San Lorenzo, y un centenar de cajeros autom\u00e1ticos en ocho localidades de la provincia.<\/p>\n<p>Javkin record\u00f3 que \u201cnuestra ciudad se hizo sola, peleando, probablemente contra todos los planes, fue ignorada por todos los planes, nadie la pens\u00f3 como capital o como n\u00facleo de desarrollo\u00bb, y ponder\u00f3 que \u00absin embargo, a fuerza de su empuje, a fuerza de todos los complejos momentos que tuvo que atravesar, construy\u00f3 una ciudad fuerte, unida y solidaria\u201d.<\/p>\n<p>En estos duros momentos de pandemia \u201cel valor de contar con una banca p\u00fablica es incalculable\u201d, resalt\u00f3 el titular del Ejecutivo y remarc\u00f3: \u00abEn tiempos cr\u00edticos donde era necesario el apoyo del Estado a quienes m\u00e1s lo necesitaban, tuve una gran ventaja con respecto a cualquier intendente o intendenta de la Argentina\u201d. En ese aspecto rese\u00f1\u00f3 el vital aporte de la banca p\u00fablica local para \u201ccr\u00e9ditos a tasa subsidiadas, a cada uno de los comerciantes que lo necesitaron, a los taxistas, y la iniciativa Vidrieras en Red, pensando en el comercio electr\u00f3nico accesible a todos los rosarinos y rosarinas\u201d.<\/p>\n<p>\u201cEn estos momentos tan dif\u00edciles\u00a0tuvimos que recurrir mucho a nuestro banco, a la hora de sostener la actividad productiva de la ciudad.\u00a0Es una fecha hist\u00f3rica, en un momento hist\u00f3rico, un banco que sin dudas contribuir\u00e1 al apalancamiento de todos los sue\u00f1os que tiene por delante\u00bb, cerr\u00f3 el intendente.<\/p>\n<h6>Fuente: Sin Mordaza<\/h6>\n","protected":false},"excerpt":{"rendered":"<p>El intendente ponder\u00f3 la trayectoria de la entidad crediticia p\u00fablica.<\/p>\n","protected":false},"author":2,"featured_media":111952,"comment_status":"closed","ping_status":"closed","sticky":false,"template":"","format":"standard","meta":{"footnotes":""},"categories":[2],"tags":[10],"class_list":["post-111951","post","type-post","status-publish","format-standard","has-post-thumbnail","hentry","category-informe-municipal","tag-santa-fe"],"_links":{"self":[{"href":"http:\/\/argentinamunicipal.com.ar\/argentina\/wp-json\/wp\/v2\/posts\/111951","targetHints":{"allow":["GET"]}}],"collection":[{"href":"http:\/\/argentinamunicipal.com.ar\/argentina\/wp-json\/wp\/v2\/posts"}],"about":[{"href":"http:\/\/argentinamunicipal.com.ar\/argentina\/wp-json\/wp\/v2\/types\/post"}],"author":[{"embeddable":true,"href":"http:\/\/argentinamunicipal.com.ar\/argentina\/wp-json\/wp\/v2\/users\/2"}],"replies":[{"embeddable":true,"href":"http:\/\/argentinamunicipal.com.ar\/argentina\/wp-json\/wp\/v2\/comments?post=111951"}],"version-history":[{"count":0,"href":"http:\/\/argentinamunicipal.com.ar\/argentina\/wp-json\/wp\/v2\/posts\/111951\/revisions"}],"wp:featuredmedia":[{"embeddable":true,"href":"http:\/\/argentinamunicipal.com.ar\/argentina\/wp-json\/wp\/v2\/media\/111952"}],"wp:attachment":[{"href":"http:\/\/argentinamunicipal.com.ar\/argentina\/wp-json\/wp\/v2\/media?parent=111951"}],"wp:term":[{"taxonomy":"category","embeddable":true,"href":"http:\/\/argentinamunicipal.com.ar\/argentina\/wp-json\/wp\/v2\/categories?post=111951"},{"taxonomy":"post_tag","embeddable":true,"href":"http:\/\/argentinamunicipal.com.ar\/argentina\/wp-json\/wp\/v2\/tags?post=111951"}],"curies":[{"name":"wp","href":"https:\/\/api.w.org\/{rel}","templated":true}]}}