{"id":111960,"date":"2021-02-03T05:03:46","date_gmt":"2021-02-03T08:03:46","guid":{"rendered":"http:\/\/argentinamunicipal.com.ar\/argentina\/?p=111960"},"modified":"2021-02-04T20:30:40","modified_gmt":"2021-02-04T23:30:40","slug":"la-caida-de-la-facturacion-en-la-ciudad-de-rosario-en-2020-rondo-el-10-por-ciento","status":"publish","type":"post","link":"http:\/\/argentinamunicipal.com.ar\/argentina\/la-caida-de-la-facturacion-en-la-ciudad-de-rosario-en-2020-rondo-el-10-por-ciento\/","title":{"rendered":"La ca\u00edda de la facturaci\u00f3n en la ciudad de Rosario en 2020 rond\u00f3 el 10 por ciento"},"content":{"rendered":"<p>El secretario de Desarrollo Econ\u00f3mico y Empleo remarc\u00f3 esa cifra est\u00e1 un punto abajo de la media nacional y se defini\u00f3 co<\/p>\n<p>Con los n\u00fameros de 2020 casi cerrados, el secretario de Desarrollo Econ\u00f3mico y Empleo, Sebasti\u00e1n Chale, anticip\u00f3 que\u00a0la ca\u00edda de la facturaci\u00f3n en\u00a0la ciudad\u00a0en el a\u00f1o de la\u00a0pandemia\u00a0respecto de 2019 ronda el 10 por ciento.\u00a0Si bien los n\u00fameros ser\u00e1n oficialmente presentados la semana pr\u00f3xima, el funcionario municipal anticip\u00f3 el indicador que se suma a la ca\u00edda previa que la\u00a0actividad\u00a0comercial de\u00a0Rosario ya hab\u00eda sufrido en 2019 respecto de 2018 y que hab\u00eda sido del 4,5 por ciento. As\u00ed y todo, el funcionario dijo ser \u201cmoderadamente optimista\u201d.<br \/>\n\u201cEstamos cerrando los n\u00fameros de de diciembre, pero vamos a estar en una ca\u00edda de entre 9,5 y el 10 por ciento en la facturaci\u00f3n\u201d, dijo el responsable de Desarrollo Econ\u00f3mico y Empleo, y se\u00f1al\u00f3 que ese n\u00famero pone a ciudad \u201calgo por debajo del indicador nacional que est\u00e1 en el 11 por ciento\u201d.<br \/>\nPara argumentar su mirada\u00a0\u201cmoderadamente optimista\u201d, Chale se\u00f1al\u00f3 que \u201cla ciudad viene adem\u00e1s con una leve curva hacia arriba que permite pensar en el repunte de la actividad comercial\u201d, aunque advirti\u00f3: \u201cSiempre teniendo un ojo puesto en la curva de casos de coronavirus y el desarrollo de la pandemia y otro en el movimiento comercial porque hay un claro correlato entre esos factores\u201d.<\/p>\n<p>La ventaja tras un a\u00f1o de pandemia, consider\u00f3, es que \u201cya est\u00e1 m\u00e1s claro cu\u00e1les son las medidas que se pueden tomar en materia sanitaria que tienen un mayor impacto en la salud de la poblaci\u00f3n y menos en la actividad econ\u00f3mica\u201d.<\/p>\n<p>El funcionario destac\u00f3 el enero que reci\u00e9n se termina y que la ciudad transit\u00f3 \u201ccon cierta normalidad, colonias de vacaciones y actividades deportivas funcionando y que teniendo en cuenta el contexto y las limitaciones a\u00fan vigentes, fue un buen enero\u201d.<\/p>\n<p>En ese marco, agreg\u00f3 que\u00a0si a partir de marzo se pudiera recuperar con esa misma relativa normalidad la actividad educativa, adem\u00e1s del valor que eso tiene en s\u00ed mismo, \u201ceso mueve alrededor la industria texto, la indumentaria, las librer\u00edas y toda una serie de servicios vinculados\u201d.<\/p>\n<p>La mejora en el empleo, incluso en la mayor de las informalidades, indic\u00f3 que \u201cseguramente habr\u00e1 que esperar unos meses m\u00e1s para ver las mejoras\u201d y detall\u00f3: \u201cLas mediciones de empleo siempre vienen por detr\u00e1s y estamos esperando las mediciones del \u00faltimo trimestre de 2020 que esperamos sean m\u00e1s estables. Pero lo cierto es que el fuerte impacto se ve primero en el sector informal que tambi\u00e9n fue el primero en sentir las consecuencias negativas\u201d.<\/p>\n<h6>Fuente: La Capital<\/h6>\n","protected":false},"excerpt":{"rendered":"<p>El secretario de Desarrollo Econ\u00f3mico y Empleo remarc\u00f3 esa cifra est\u00e1 un punto abajo de la media nacional y se defini\u00f3 como \u00abmoderadamente optimista\u00bb<\/p>\n","protected":false},"author":2,"featured_media":111961,"comment_status":"closed","ping_status":"closed","sticky":false,"template":"","format":"standard","meta":{"footnotes":""},"categories":[2],"tags":[10],"class_list":["post-111960","post","type-post","status-publish","format-standard","has-post-thumbnail","hentry","category-informe-municipal","tag-santa-fe"],"_links":{"self":[{"href":"http:\/\/argentinamunicipal.com.ar\/argentina\/wp-json\/wp\/v2\/posts\/111960","targetHints":{"allow":["GET"]}}],"collection":[{"href":"http:\/\/argentinamunicipal.com.ar\/argentina\/wp-json\/wp\/v2\/posts"}],"about":[{"href":"http:\/\/argentinamunicipal.com.ar\/argentina\/wp-json\/wp\/v2\/types\/post"}],"author":[{"embeddable":true,"href":"http:\/\/argentinamunicipal.com.ar\/argentina\/wp-json\/wp\/v2\/users\/2"}],"replies":[{"embeddable":true,"href":"http:\/\/argentinamunicipal.com.ar\/argentina\/wp-json\/wp\/v2\/comments?post=111960"}],"version-history":[{"count":0,"href":"http:\/\/argentinamunicipal.com.ar\/argentina\/wp-json\/wp\/v2\/posts\/111960\/revisions"}],"wp:featuredmedia":[{"embeddable":true,"href":"http:\/\/argentinamunicipal.com.ar\/argentina\/wp-json\/wp\/v2\/media\/111961"}],"wp:attachment":[{"href":"http:\/\/argentinamunicipal.com.ar\/argentina\/wp-json\/wp\/v2\/media?parent=111960"}],"wp:term":[{"taxonomy":"category","embeddable":true,"href":"http:\/\/argentinamunicipal.com.ar\/argentina\/wp-json\/wp\/v2\/categories?post=111960"},{"taxonomy":"post_tag","embeddable":true,"href":"http:\/\/argentinamunicipal.com.ar\/argentina\/wp-json\/wp\/v2\/tags?post=111960"}],"curies":[{"name":"wp","href":"https:\/\/api.w.org\/{rel}","templated":true}]}}