{"id":111988,"date":"2021-02-03T06:28:16","date_gmt":"2021-02-03T09:28:16","guid":{"rendered":"http:\/\/argentinamunicipal.com.ar\/argentina\/?p=111988"},"modified":"2021-02-03T06:28:16","modified_gmt":"2021-02-03T09:28:16","slug":"comerciantes-paranaenses-preocupados-por-cierre-de-locales-en-el-centro","status":"publish","type":"post","link":"http:\/\/argentinamunicipal.com.ar\/argentina\/comerciantes-paranaenses-preocupados-por-cierre-de-locales-en-el-centro\/","title":{"rendered":"Comerciantes paranaenses, preocupados \u00abpor cierre de locales en el centro\u00bb"},"content":{"rendered":"<p>\u00abSe hace dif\u00edcil mantener un local abierto en el centro, porque los alquileres son muy caros y las ventas han bajado much\u00edsimo\u00bb, dijeron a Elonce TV desde la C\u00e1mara de Comerciantes del Microcentro. Plantearon inquietudes<\/p>\n<p>El encuentro se realiz\u00f3 este lunes, entre la C\u00e1mara de Comerciantes del Microcentro, integrantes del Centro Comercial, la C\u00e1mara de Comerciantes de Cinco Esquinas y representantes del Colegio de Corredores Inmobiliarios de Entre R\u00edos.<\/p>\n<p>As\u00ed lo indic\u00f3 a\u00a0Elonce TV,\u00a0Marcelo Ruggeri, que pertenece a la C\u00e1mara de Comerciantes del Microcentro.<\/p>\n<p>\u00abTrasmitimos la preocupaci\u00f3n de comerciantes del microcentro que hoy est\u00e1n con los contratos de alquiler que se est\u00e1n actualizando, que se hace muy dif\u00edcil mantener un local abierto en el centro, porque los alquileres son muy caros, las ventas han bajado much\u00edsimo. Estamos viendo que cada vez hay m\u00e1s locales vac\u00edos que no se vuelven a ocupar\u00bb, plante\u00f3.<br \/>\nMencion\u00f3 que las inmobiliarias recibieron la inquietud de los comerciantes, pero \u00abellos son intermediarios entre los propietarios y los comerciantes, por lo que nos dijeron que van a trasladar la inquietud nuestra. A ellos tampoco les conviene que est\u00e9n los locales desocupados. Les pedimos que les trasmitan a los locatarios, que busquemos una manera de que no sea tan abrupta la suba de los alquileres\u00bb.<br \/>\nPara ejemplificar la situaci\u00f3n, Ruggeri dijo que \u00abno se ve tanto en la peatonal que es de la zona m\u00e1s buscada, y pese a eso hay locales vac\u00edos ya, sino que se ve m\u00e1s en las paralelas a la peatonal como calles Al\u00e9m, Gualeguaych\u00fa. En inmediaciones a la peatonal hay muchos locales vac\u00edos y se va incrementado su n\u00famero\u00bb.<\/p>\n<p>De la misma manera reconoci\u00f3 que \u00abhay negocios que se cierran y se van a los barrios. Tambi\u00e9n sabemos que en el centro hubo mayor restricci\u00f3n que otros lugares de la ciudad, en cuanto a horarios comerciales y controles que se hac\u00edan. Adem\u00e1s, el transporte urbano hace que la situaci\u00f3n no sea normal. El cliente opta m\u00e1s por quedarse en los negocios de cercan\u00eda. A eso tambi\u00e9n lo est\u00e1 aprovechando algunos comerciantes, a los que les sale mucho m\u00e1s barato buscar un local en un barrio, que quedarse pagando alquileres caros, en el centro\u00bb.<\/p>\n<p>Tambi\u00e9n dijo, se ha incrementado el comercio online. \u00abHay comercios que han tenido que cerrar porque no pueden mantener la estructura funcionando de un local, pero han decidido seguir en el rubro comercial, pero vendiendo a trav\u00e9s de redes sociales y no a trav\u00e9s de un local f\u00edsico\u00bb.<\/p>\n<h6>Fuente: Elonce.com.<\/h6>\n","protected":false},"excerpt":{"rendered":"<p>\u00abSe hace dif\u00edcil mantener un local abierto en el centro, porque los alquileres son muy caros y las ventas han bajado much\u00edsimo\u00bb, dijeron a\u00a0Elonce TV\u00a0desde la C\u00e1mara de Comerciantes del Microcentro. Plantearon inquietudes<\/p>\n","protected":false},"author":2,"featured_media":111989,"comment_status":"closed","ping_status":"closed","sticky":false,"template":"","format":"standard","meta":{"footnotes":""},"categories":[2],"tags":[17],"class_list":["post-111988","post","type-post","status-publish","format-standard","has-post-thumbnail","hentry","category-informe-municipal","tag-entre-rios"],"_links":{"self":[{"href":"http:\/\/argentinamunicipal.com.ar\/argentina\/wp-json\/wp\/v2\/posts\/111988","targetHints":{"allow":["GET"]}}],"collection":[{"href":"http:\/\/argentinamunicipal.com.ar\/argentina\/wp-json\/wp\/v2\/posts"}],"about":[{"href":"http:\/\/argentinamunicipal.com.ar\/argentina\/wp-json\/wp\/v2\/types\/post"}],"author":[{"embeddable":true,"href":"http:\/\/argentinamunicipal.com.ar\/argentina\/wp-json\/wp\/v2\/users\/2"}],"replies":[{"embeddable":true,"href":"http:\/\/argentinamunicipal.com.ar\/argentina\/wp-json\/wp\/v2\/comments?post=111988"}],"version-history":[{"count":0,"href":"http:\/\/argentinamunicipal.com.ar\/argentina\/wp-json\/wp\/v2\/posts\/111988\/revisions"}],"wp:featuredmedia":[{"embeddable":true,"href":"http:\/\/argentinamunicipal.com.ar\/argentina\/wp-json\/wp\/v2\/media\/111989"}],"wp:attachment":[{"href":"http:\/\/argentinamunicipal.com.ar\/argentina\/wp-json\/wp\/v2\/media?parent=111988"}],"wp:term":[{"taxonomy":"category","embeddable":true,"href":"http:\/\/argentinamunicipal.com.ar\/argentina\/wp-json\/wp\/v2\/categories?post=111988"},{"taxonomy":"post_tag","embeddable":true,"href":"http:\/\/argentinamunicipal.com.ar\/argentina\/wp-json\/wp\/v2\/tags?post=111988"}],"curies":[{"name":"wp","href":"https:\/\/api.w.org\/{rel}","templated":true}]}}