{"id":112008,"date":"2021-02-04T06:24:50","date_gmt":"2021-02-04T09:24:50","guid":{"rendered":"http:\/\/argentinamunicipal.com.ar\/argentina\/?p=112008"},"modified":"2021-02-04T06:24:50","modified_gmt":"2021-02-04T09:24:50","slug":"se-necesitaran-cinco-anos-de-crecimiento-economico-para-recuperar-los-empleos-perdidos-por-la-pandemia","status":"publish","type":"post","link":"http:\/\/argentinamunicipal.com.ar\/argentina\/se-necesitaran-cinco-anos-de-crecimiento-economico-para-recuperar-los-empleos-perdidos-por-la-pandemia\/","title":{"rendered":"Se necesitar\u00e1n cinco a\u00f1os de crecimiento econ\u00f3mico para recuperar los empleos perdidos por la pandemia"},"content":{"rendered":"<p>En 2020 alrededor de 1,2 millones de trabajadores quedaron desocupados.<\/p>\n<p>La econom\u00eda argentina necesitar\u00e1 transitar un per\u00edodo de cinco a\u00f1os de crecimiento por encima del 3% para recuperar los empleos perdidos durante la pandemia, estima la consultora ABECEB en un informe divulgado hoy en el que advierte que el principal riesgo es que el 2021 se convierta en un a\u00f1o sin rebote de empleo.<\/p>\n<p>El estudio afirma que durante 2020 alrededor de 1,2 millones de trabajadores quedaron desocupados \u00abcon una baja tres veces m\u00e1s acelerada entre los informales y cuentapropistas que entre los formales\u00bb.<\/p>\n<p>\u00abPara retornar a igual n\u00famero de ocupados que en 2019 se requerir\u00e1n cinco a\u00f1os de crecimiento por encima del 3%, un escenario positivo teniendo en cuenta los profundos desequilibrios macroecon\u00f3micos actuales\u00bb, advierte el documento. La consultora que dirige el ex ministro Dante Sica difundi\u00f3 un informe sobre coyuntura laboral, en el cual alerta que \u00abel riesgo es que 2021 se convierta en un a\u00f1o de rebote sin empleo\u00bb.<\/p>\n<p>No obstante, considera que \u00absi avanza la normalizaci\u00f3n en las horas trabajadas, la econom\u00eda podr\u00eda crecer entre un 3,6% y un 5,3% en el a\u00f1o sin generar ning\u00fan puesto de trabajo. Asumiendo un crecimiento del 5,9% en promedio se generar\u00e1n menos de 500 mil nuevos puestos\u00bb.<\/p>\n<p>El informe sostiene que el sector de la construcci\u00f3n \u00abpodr\u00eda explicar la mitad de la creaci\u00f3n de empleo\u00bb y que en la industria las expectativas \u00abson ligeramente positivas, aunque aparecen alertas en textiles y confecciones, productos del metal y aparatos el\u00e9ctricos\u00bb.<\/p>\n<p>\u00abLa recuperaci\u00f3n podr\u00eda no ser suficiente para revertir el signo en el sector extractivo, los servicios personales y comunales y hoteles y restaurantes, que concentran un quinto del empleo. Las perspectivas son estables para el comercio\u00bb, explica el informe de ABECEB.<\/p>\n<p>\u00abPara que el 43% de la poblaci\u00f3n (tasa de ocupaci\u00f3n de 2019) vuelva a trabajar, se requerir\u00e1n dos a\u00f1os m\u00e1s, al incorporar al an\u00e1lisis el crecimiento poblacional\u00bb, agrega.<\/p>\n<p>Pronostica que \u00ablas formas m\u00e1s flexibles de trabajo, a tiempo parcial, con contratos por tiempo determinado o tercerizados, continuar\u00e1n tomando relevancia en el mundo del trabajo, sin que nuestro pa\u00eds cuente con un marco moderno que encauce este tipo de relaciones laborales\u00bb.<\/p>\n<p>\u00abLas nuevas formas de trabajo como el remoto, el e-commerce y la automatizaci\u00f3n de tareas implican que las brechas laborales continuar\u00e1n acrecent\u00e1ndose a favor de los calificados frente a los no calificados y el empleo formal de calidad probablemente sea el \u00faltimo en reaccionar\u00bb, destaca.<\/p>\n<p>En este sentido precisa que el desaf\u00edo de la recuperaci\u00f3n del empleo no es s\u00f3lo la velocidad sino tambi\u00e9n su calidad. \u00abLos asalariados formales han perdido cerca de un punto de participaci\u00f3n en el total del empleo desde 2012\u00bb, sostiene<\/p>\n<p>Por \u00faltimo destac\u00f3 que \u00abla cuarentena m\u00e1s extensa del mundo implic\u00f3 que, el tercer trimestre (de 2020) se perdieran el doble de horas trabajadas que en el resto del mundo\u00bb y precis\u00f3 que seg\u00fan datos de la Organizaci\u00f3n Internacional del Trabajo mientras en la Argentina cay\u00f3 un 20% interanual, en el mundo cedi\u00f3 10%.<\/p>\n<h6>Fuente: La Voz de San Justo<\/h6>\n","protected":false},"excerpt":{"rendered":"<p>En 2020 alrededor de 1,2 millones de trabajadores quedaron desocupados.<\/p>\n","protected":false},"author":2,"featured_media":112009,"comment_status":"closed","ping_status":"closed","sticky":false,"template":"","format":"standard","meta":{"footnotes":""},"categories":[8],"tags":[21],"class_list":["post-112008","post","type-post","status-publish","format-standard","has-post-thumbnail","hentry","category-informe-nacional","tag-argentina"],"_links":{"self":[{"href":"http:\/\/argentinamunicipal.com.ar\/argentina\/wp-json\/wp\/v2\/posts\/112008","targetHints":{"allow":["GET"]}}],"collection":[{"href":"http:\/\/argentinamunicipal.com.ar\/argentina\/wp-json\/wp\/v2\/posts"}],"about":[{"href":"http:\/\/argentinamunicipal.com.ar\/argentina\/wp-json\/wp\/v2\/types\/post"}],"author":[{"embeddable":true,"href":"http:\/\/argentinamunicipal.com.ar\/argentina\/wp-json\/wp\/v2\/users\/2"}],"replies":[{"embeddable":true,"href":"http:\/\/argentinamunicipal.com.ar\/argentina\/wp-json\/wp\/v2\/comments?post=112008"}],"version-history":[{"count":0,"href":"http:\/\/argentinamunicipal.com.ar\/argentina\/wp-json\/wp\/v2\/posts\/112008\/revisions"}],"wp:featuredmedia":[{"embeddable":true,"href":"http:\/\/argentinamunicipal.com.ar\/argentina\/wp-json\/wp\/v2\/media\/112009"}],"wp:attachment":[{"href":"http:\/\/argentinamunicipal.com.ar\/argentina\/wp-json\/wp\/v2\/media?parent=112008"}],"wp:term":[{"taxonomy":"category","embeddable":true,"href":"http:\/\/argentinamunicipal.com.ar\/argentina\/wp-json\/wp\/v2\/categories?post=112008"},{"taxonomy":"post_tag","embeddable":true,"href":"http:\/\/argentinamunicipal.com.ar\/argentina\/wp-json\/wp\/v2\/tags?post=112008"}],"curies":[{"name":"wp","href":"https:\/\/api.w.org\/{rel}","templated":true}]}}