{"id":112033,"date":"2021-02-04T05:32:27","date_gmt":"2021-02-04T08:32:27","guid":{"rendered":"http:\/\/argentinamunicipal.com.ar\/argentina\/?p=112033"},"modified":"2021-02-04T13:19:21","modified_gmt":"2021-02-04T16:19:21","slug":"por-los-incendios-el-intendente-de-el-bolson-pidio-ayuda-urgente-a-nacion","status":"publish","type":"post","link":"http:\/\/argentinamunicipal.com.ar\/argentina\/por-los-incendios-el-intendente-de-el-bolson-pidio-ayuda-urgente-a-nacion\/","title":{"rendered":"Por los incendios el intendente de El Bols\u00f3n pidi\u00f3 ayuda urgente a Naci\u00f3n"},"content":{"rendered":"<p>A unos 15 km al norte de El Bols\u00f3n por la ruta nacional 40, el fuego de la monta\u00f1a amenaz\u00f3 con bajar hasta sus casas, defendidas por los bomberos voluntarios de varios cuarteles de la regi\u00f3n.<\/p>\n<p>Durante la tarde de ayer, las condiciones ambientales (temperaturas de 35 grados y vientos cruzados) conspiraron contra el plan operativo trazado por los jefes de las brigadas para tratar de controlar las llamas, que siguen consumiendo bosques de pinos y la vegetaci\u00f3n nativa que encuentran a su paso. De igual modo, no pudieron operar los dos aviones hidrantes y el helic\u00f3ptero afectados al sector. \u201cLos ca\u00f1adones hacen de chimenea, es imposible frenar el avance del fuego\u201d, grafic\u00f3 uno de los combatientes.<\/p>\n<p>Seg\u00fan publica Jornada, el intendente de El Bols\u00f3n, Bruno Pogliano, se comunic\u00f3 con funcionarios del Ministerio de Ambiente y Desarrollo Sostenible de la Naci\u00f3n, a quienes solicit\u00f3 \u201cel urgente env\u00edo de aviones hidrantes, recursos materiales y m\u00e1s brigadistas para combatir el\u00a0incendio\u00a0en Cuesta del Ternero\u201d.<\/p>\n<p>Durante la jornada del mi\u00e9rcoles, hubo unos 150 combatientes en los distintos frentes que presenta el siniestro, a quienes se sumaron otras 35 personas abocadas a distinta tareas log\u00edsticas.<\/p>\n<p>Tambi\u00e9n se anticip\u00f3 que en las pr\u00f3ximas horas llegar\u00e1 una dotaci\u00f3n del Ej\u00e9rcito Argentino para dedicarse exclusivamente a preparar las viandas para la gente que trabaja en el per\u00edmetro quemado.<\/p>\n<p>Cabe recordar que esta semana tambi\u00e9n se sumaron a la lucha contra el fuego brigadistas llegados desde distintos cuarteles de la provincia de C\u00f3rdoba, de Neuqu\u00e9n y de Parques Nacionales, entre otros.<\/p>\n<p>Acerca del sector 2, el m\u00e1s complicado por estas horas del incendio forestal que ya consumi\u00f3 6450 hect\u00e1reas, el parte oficial detalla que \u201cel sector alto quedo detenido, pero las llamas se descolgaron ladera abajo debido a los innumerables elementos encendidos que ruedan y se fue de control. Los datos meteorol\u00f3gicos tomados por el t\u00e9cnico observador de este sector indican las condiciones extremas que empujaron al fuego, con m\u00e1ximas de 32\u00b0C, 22% de humedad, vientos de 14-8 km\/h con r\u00e1fagas de 56 km\/h. Debido a la presencia de casas m\u00e1s abajo, sobre la costa del arroyo Ternero, se convoc\u00f3 a bomberos voluntarios y se colocaron tres equipos de bombeo sobre el mencionado curso de agua, para proteger las viviendas existentes. Esta guardia permanecer\u00e1 toda la noche. Cabe destacar que por las condiciones de humo espeso y presencia de corrientes t\u00e9rmicas, en un momento de la tarde los medios a\u00e9reos debieron dejar de volar para preservar la seguridad de pilotos y aeronaves. Se presento adem\u00e1s una situaci\u00f3n de inseguridad del personal debido al comportamiento explosivo, debiendo replegar a pie y en condiciones no seguras\u201d.<\/p>\n<h6>Fuente: El Patag\u00f3nico<\/h6>\n","protected":false},"excerpt":{"rendered":"<p>A unos 15 km al norte de El Bols\u00f3n por la ruta nacional 40, el fuego de la monta\u00f1a amenaz\u00f3 con bajar hasta sus casas, defendidas por los bomberos voluntarios de varios cuarteles de la regi\u00f3n.<\/p>\n","protected":false},"author":2,"featured_media":112034,"comment_status":"closed","ping_status":"closed","sticky":false,"template":"","format":"standard","meta":{"footnotes":""},"categories":[2],"tags":[11],"class_list":["post-112033","post","type-post","status-publish","format-standard","has-post-thumbnail","hentry","category-informe-municipal","tag-rio-negro"],"_links":{"self":[{"href":"http:\/\/argentinamunicipal.com.ar\/argentina\/wp-json\/wp\/v2\/posts\/112033","targetHints":{"allow":["GET"]}}],"collection":[{"href":"http:\/\/argentinamunicipal.com.ar\/argentina\/wp-json\/wp\/v2\/posts"}],"about":[{"href":"http:\/\/argentinamunicipal.com.ar\/argentina\/wp-json\/wp\/v2\/types\/post"}],"author":[{"embeddable":true,"href":"http:\/\/argentinamunicipal.com.ar\/argentina\/wp-json\/wp\/v2\/users\/2"}],"replies":[{"embeddable":true,"href":"http:\/\/argentinamunicipal.com.ar\/argentina\/wp-json\/wp\/v2\/comments?post=112033"}],"version-history":[{"count":0,"href":"http:\/\/argentinamunicipal.com.ar\/argentina\/wp-json\/wp\/v2\/posts\/112033\/revisions"}],"wp:featuredmedia":[{"embeddable":true,"href":"http:\/\/argentinamunicipal.com.ar\/argentina\/wp-json\/wp\/v2\/media\/112034"}],"wp:attachment":[{"href":"http:\/\/argentinamunicipal.com.ar\/argentina\/wp-json\/wp\/v2\/media?parent=112033"}],"wp:term":[{"taxonomy":"category","embeddable":true,"href":"http:\/\/argentinamunicipal.com.ar\/argentina\/wp-json\/wp\/v2\/categories?post=112033"},{"taxonomy":"post_tag","embeddable":true,"href":"http:\/\/argentinamunicipal.com.ar\/argentina\/wp-json\/wp\/v2\/tags?post=112033"}],"curies":[{"name":"wp","href":"https:\/\/api.w.org\/{rel}","templated":true}]}}