{"id":112044,"date":"2021-02-05T05:38:09","date_gmt":"2021-02-05T08:38:09","guid":{"rendered":"http:\/\/argentinamunicipal.com.ar\/argentina\/?p=112044"},"modified":"2021-02-04T19:40:05","modified_gmt":"2021-02-04T22:40:05","slug":"agencia-movil-la-nueva-apuesta-del-gobierno-para-promover-las-politicas-de-empleo-en-todo-el-pais","status":"publish","type":"post","link":"http:\/\/argentinamunicipal.com.ar\/argentina\/agencia-movil-la-nueva-apuesta-del-gobierno-para-promover-las-politicas-de-empleo-en-todo-el-pais\/","title":{"rendered":"Agencia M\u00f3vil, la nueva apuesta del Gobierno para promover las pol\u00edticas de empleo en todo el pa\u00eds"},"content":{"rendered":"<p>Santiago Cafiero destac\u00f3 que la iniciativa del ministerio de Trabajo \u00abes una pol\u00edtica m\u00e1s en la decisi\u00f3n del Gobierno por cuidar el empleo\u00bb.<br \/>\nEl jefe de Gabinete,\u00a0Santiago Cafiero, y el ministro de Trabajo,\u00a0Claudio Moroni,\u00a0presentaron este jueves el Programa Agencia M\u00f3vil,\u00a0iniciativa que busca acercar los programas de la cartera laboral a puntos distantes de la geograf\u00eda nacional\u00a0y que se inscribe en la pol\u00edtica de \u201cterritorialidad\u201d y \u201ccercan\u00eda\u201d del Gobierno. Durante el acto, realizado este mediod\u00eda en las escalinatas del Centro Cultural Kirchner, se presentaron las\u00a0camionetas que\u00a0recorrer\u00e1n el pa\u00eds para complementar el trabajo que ya realizan las m\u00e1s de 40 oficinas que el Ministerio tiene distribuidas en las provincias para la promoci\u00f3n de las pol\u00edticas de\u00a0empleo.<\/p>\n<p>\u201cEn un pa\u00eds con una extensi\u00f3n enorme, la pol\u00edtica p\u00fablica tiene que tener expresiones territoriales. Estas agencias m\u00f3viles le van a permitir al Ministerio una pol\u00edtica de proximidad\u201d, se\u00f1al\u00f3 Cafiero durante la ceremonia.<\/p>\n<p>En ese sentido, dijo que\u00a0el Gobierno nacional \u201cpuso el eje en la recuperaci\u00f3n del empleo, en la validaci\u00f3n y el respeto a todas las normas laborales\u201d\u00a0y \u201cdetermin\u00f3 crear el Ministerio de Trabajo, para que tenga esa fortaleza, para poner al trabajo en el centro de la vida familiar y de la vida en comunidad\u201d.<\/p>\n<p>Asimismo record\u00f3 la implementaci\u00f3n del programa ATP durante la pandemia de coronavirus y dijo que ahora est\u00e1 \u201campliando el Repro, con una l\u00f3gica que es asistir a las empresas para que no se pierdan puestos de trabajo\u201d.<\/p>\n<p>\u201cNo hay una asistencia a la empresa para que recupere rentabilidad, para que recupere ganancias, sino para que se sostengan los niveles de empleo\u201d, agreg\u00f3.<\/p>\n<p>El ministro coordinador tambi\u00e9n se\u00f1al\u00f3 que \u201cArgentina ha tenido la determinaci\u00f3n de un Presidente que, all\u00e1 en marzo, decidi\u00f3 inaugurar una nueva \u00e9poca con una nueva \u00e9tica pol\u00edtica, la del cuidado de la salud, del\u00a0cuidado del empleo\u201d y dijo que el programa de Agencia M\u00f3vil es una iniciativa que va en esa direcci\u00f3n.<\/p>\n<p>Por su parte, Moroni dijo que\u00a0se busca que \u201cla gente tenga mayor capacidad de acceso a los beneficios que da el Ministerio\u201d.<\/p>\n<p>\u201c(Existen) un mont\u00f3n de programas de capacitaci\u00f3n, becas, asistencia en casos de violencia de g\u00e9nero, que a veces por la limitaci\u00f3n de las sedes f\u00edsicas, hay muchos sectores a los que les cuesta acceder.\u00a0La idea es tener estas agencias m\u00f3viles para que recorran el pa\u00eds, con un cronograma para que las personas puedan hacer todo lo mismo que har\u00edan en una sede f\u00edsica del ministerio\u201d, se\u00f1al\u00f3.<\/p>\n<p>De acuerdo a lo explicado, el objetivo del programa presentado es \u00abdescentralizar el servicio de atenci\u00f3n de las Agencias Territoriales del Ministerio de Trabajo y garantizar una mayor presencia institucional\u00a0en el \u00e1mbito territorial para la atenci\u00f3n directa de la ciudadan\u00eda\u00bb.<\/p>\n<p>Asimismo, el proyecto busca \u00abpropiciar instrumentos y \u00e1mbitos que contribuyan a la inserci\u00f3n laboral de empleabilidad y a orientar a la ciudadan\u00eda en materia de derechos laborales\u00bb y persigue la meta de \u00aboptimizar la intervenci\u00f3n territorial\u00bb, seg\u00fan se indic\u00f3.<\/p>\n<p>Las prestaciones que ofrece el plan son \u00abcarga de historias laborales para la adhesi\u00f3n al Programa J\u00f3venes con M\u00e1s y Mejor Trabajo (PJMyMT) y Seguro de Capacitaci\u00f3n y Empleo (SCyE)\u00bb.<\/p>\n<p>Tambi\u00e9n, el \u00abasesoramiento laboral en materia de registraci\u00f3n y derechos laborales con orientaci\u00f3n en leyes protectorias Registro de denuncias vinculadas a trabajo no registrado y competencia federal del Ministerio: Trabajo Infantil, Trata y Trabajo Forzoso\u00bb.<\/p>\n<h6>Fuente: Minuto Uno<\/h6>\n","protected":false},"excerpt":{"rendered":"<p>Santiago Cafiero destac\u00f3 que la iniciativa del ministerio de Trabajo \u00abes una pol\u00edtica m\u00e1s en la decisi\u00f3n del Gobierno por cuidar el empleo\u00bb.<\/p>\n","protected":false},"author":2,"featured_media":112045,"comment_status":"closed","ping_status":"closed","sticky":false,"template":"","format":"standard","meta":{"footnotes":""},"categories":[8],"tags":[21],"class_list":["post-112044","post","type-post","status-publish","format-standard","has-post-thumbnail","hentry","category-informe-nacional","tag-argentina"],"_links":{"self":[{"href":"http:\/\/argentinamunicipal.com.ar\/argentina\/wp-json\/wp\/v2\/posts\/112044","targetHints":{"allow":["GET"]}}],"collection":[{"href":"http:\/\/argentinamunicipal.com.ar\/argentina\/wp-json\/wp\/v2\/posts"}],"about":[{"href":"http:\/\/argentinamunicipal.com.ar\/argentina\/wp-json\/wp\/v2\/types\/post"}],"author":[{"embeddable":true,"href":"http:\/\/argentinamunicipal.com.ar\/argentina\/wp-json\/wp\/v2\/users\/2"}],"replies":[{"embeddable":true,"href":"http:\/\/argentinamunicipal.com.ar\/argentina\/wp-json\/wp\/v2\/comments?post=112044"}],"version-history":[{"count":0,"href":"http:\/\/argentinamunicipal.com.ar\/argentina\/wp-json\/wp\/v2\/posts\/112044\/revisions"}],"wp:featuredmedia":[{"embeddable":true,"href":"http:\/\/argentinamunicipal.com.ar\/argentina\/wp-json\/wp\/v2\/media\/112045"}],"wp:attachment":[{"href":"http:\/\/argentinamunicipal.com.ar\/argentina\/wp-json\/wp\/v2\/media?parent=112044"}],"wp:term":[{"taxonomy":"category","embeddable":true,"href":"http:\/\/argentinamunicipal.com.ar\/argentina\/wp-json\/wp\/v2\/categories?post=112044"},{"taxonomy":"post_tag","embeddable":true,"href":"http:\/\/argentinamunicipal.com.ar\/argentina\/wp-json\/wp\/v2\/tags?post=112044"}],"curies":[{"name":"wp","href":"https:\/\/api.w.org\/{rel}","templated":true}]}}