{"id":112047,"date":"2021-02-05T05:41:59","date_gmt":"2021-02-05T08:41:59","guid":{"rendered":"http:\/\/argentinamunicipal.com.ar\/argentina\/?p=112047"},"modified":"2021-02-04T19:45:43","modified_gmt":"2021-02-04T22:45:43","slug":"cafiero-somos-un-gobierno-peronista-vamos-a-defender-las-paritarias-libres-sin-pisos-ni-techos","status":"publish","type":"post","link":"http:\/\/argentinamunicipal.com.ar\/argentina\/cafiero-somos-un-gobierno-peronista-vamos-a-defender-las-paritarias-libres-sin-pisos-ni-techos\/","title":{"rendered":"Cafiero: \u00abSomos un gobierno peronista. Vamos a defender las paritarias libres, sin pisos ni techos\u00bb"},"content":{"rendered":"<p>El jefe de Gabinete confirm\u00f3 que la pr\u00f3xima semana se convocar\u00e1 a las centrales obreras y a las c\u00e1maras empresariales para avanzar en un acuerdo de precios y salarios.<\/p>\n<p>El jefe de Gabinete, Santiago Cafiero, afirm\u00f3 que desde el Gobierno se defender\u00e1n \u201clas paritarias libres, sin pisos ni techos\u201d y confirm\u00f3 que la pr\u00f3xima semana se convocar\u00e1 a las centrales obreras y a las c\u00e1maras empresariales para avanzar en un acuerdo de precios y salarios.<\/p>\n<p>Tras la reuni\u00f3n realizada ayer del gabinete econ\u00f3mico en Casa de Gobierno, Cafiero se\u00f1al\u00f3:\u00a0\u201cSomos un gobierno peronista: vamos a defender las paritarias libres, sin pisos ni techos\u201d.<\/p>\n<p>En su cuenta de Twitter, el jefe de Gabinete ratific\u00f3 que la pr\u00f3xima semana el Gobierno convocar\u00e1 \u00aba las centrales obreras y los empresarios para avanzar en un acuerdo de precios y salarios\u201d.<\/p>\n<p>\u201cPara hacer crecer la econom\u00eda debemos trabajar unidos en la recuperaci\u00f3n del salario y del consumo\u201d<\/p>\n<p>En ese sentido, Cafiero agreg\u00f3: \u201cPara hacer crecer la econom\u00eda debemos trabajar unidos en la recuperaci\u00f3n del salario y del consumo\u201d.<\/p>\n<p>La convocatoria fue anticipadael mi\u00e9rcoles \u00faltimo por la vicejefa de Gabinete, Cecilia Todesca Bocco, tras la reuni\u00f3n del Gabinete Econ\u00f3mico, que se realiz\u00f3 ayer en Casa de Gobierno.<\/p>\n<p>De la reuni\u00f3n participaron tambi\u00e9n los ministros de Econom\u00eda, Mart\u00edn Guzm\u00e1n; de Desarrollo Productivo, Mat\u00edas Kulfas; de Trabajo, Claudio Moroni; el presidente del BCRA, Miguel Pesce; la titular de la AFIP, Mercedes Marc\u00f3 del Pont; la secretaria de Comercio Interior, Paula Espa\u00f1ol; el secretario de Pol\u00edtica Econ\u00f3mica, Fernando Morra; y la jefa de Gabinete de la cartera de Econom\u00eda, Melina Mallamace.<\/p>\n<h6>Fuente: Telam<\/h6>\n","protected":false},"excerpt":{"rendered":"<p>El jefe de Gabinete confirm\u00f3 que la pr\u00f3xima semana se convocar\u00e1 a las centrales obreras y a las c\u00e1maras empresariales para avanzar en un acuerdo de precios y salarios.<\/p>\n","protected":false},"author":2,"featured_media":112048,"comment_status":"closed","ping_status":"closed","sticky":false,"template":"","format":"standard","meta":{"footnotes":""},"categories":[8],"tags":[21],"class_list":["post-112047","post","type-post","status-publish","format-standard","has-post-thumbnail","hentry","category-informe-nacional","tag-argentina"],"_links":{"self":[{"href":"http:\/\/argentinamunicipal.com.ar\/argentina\/wp-json\/wp\/v2\/posts\/112047","targetHints":{"allow":["GET"]}}],"collection":[{"href":"http:\/\/argentinamunicipal.com.ar\/argentina\/wp-json\/wp\/v2\/posts"}],"about":[{"href":"http:\/\/argentinamunicipal.com.ar\/argentina\/wp-json\/wp\/v2\/types\/post"}],"author":[{"embeddable":true,"href":"http:\/\/argentinamunicipal.com.ar\/argentina\/wp-json\/wp\/v2\/users\/2"}],"replies":[{"embeddable":true,"href":"http:\/\/argentinamunicipal.com.ar\/argentina\/wp-json\/wp\/v2\/comments?post=112047"}],"version-history":[{"count":0,"href":"http:\/\/argentinamunicipal.com.ar\/argentina\/wp-json\/wp\/v2\/posts\/112047\/revisions"}],"wp:featuredmedia":[{"embeddable":true,"href":"http:\/\/argentinamunicipal.com.ar\/argentina\/wp-json\/wp\/v2\/media\/112048"}],"wp:attachment":[{"href":"http:\/\/argentinamunicipal.com.ar\/argentina\/wp-json\/wp\/v2\/media?parent=112047"}],"wp:term":[{"taxonomy":"category","embeddable":true,"href":"http:\/\/argentinamunicipal.com.ar\/argentina\/wp-json\/wp\/v2\/categories?post=112047"},{"taxonomy":"post_tag","embeddable":true,"href":"http:\/\/argentinamunicipal.com.ar\/argentina\/wp-json\/wp\/v2\/tags?post=112047"}],"curies":[{"name":"wp","href":"https:\/\/api.w.org\/{rel}","templated":true}]}}