{"id":112060,"date":"2021-02-05T05:55:01","date_gmt":"2021-02-05T08:55:01","guid":{"rendered":"http:\/\/argentinamunicipal.com.ar\/argentina\/?p=112060"},"modified":"2021-02-04T20:03:13","modified_gmt":"2021-02-04T23:03:13","slug":"el-corazon-del-pacto-anti-inflacionario","status":"publish","type":"post","link":"http:\/\/argentinamunicipal.com.ar\/argentina\/el-corazon-del-pacto-anti-inflacionario\/","title":{"rendered":"El coraz\u00f3n del pacto anti inflacionario"},"content":{"rendered":"<p>Hablan de una \u201cmetodolog\u00eda de trabajo\u201d con empresarios y sindicatos. El objetivo: acordar metas macro y pautas de costos, salarios y precios internacionales.<\/p>\n<p>El pacto de precios y salarios que dar\u00e1 comienzo la pr\u00f3xima semana es para el Gobierno una instancia superior a la de una foto del presidente Alberto Fern\u00e1ndez y sus ministros con empresarios y sindicalistas. En los pasillos de la Casa Rosada, de hecho, gambetean con vehemencia el t\u00e9rmino \u201cacuerdo\u201d. Seg\u00fan detalles a los que accedi\u00f3 P\u00e1gina I12, los ministros del Gabinete Econ\u00f3mico hablan de la instancia como una \u201cmetodolog\u00eda de trabajo\u201d que persistir\u00e1 en el tiempo y tiene como objetivo abordar la cuesti\u00f3n inflacionaria con trabajos de fondo. Mientras, el corto plazo se seguir\u00e1 atendiendo con medidas que el Ejecutivo no considera anti inflacionarias pero s\u00ed de utilidad: desde el acuerdo de carne hasta pr\u00f3ximos convenios por aceite y verduras.<\/p>\n<p>El hermetismo oficial sobre detalles concretos termin\u00f3 en una equiparaci\u00f3n p\u00fablica y medi\u00e1tica de esta instancia de di\u00e1logo con los hist\u00f3ricamente fallidos pactos de precios y salarios. Pero en zona de definici\u00f3n ya hay pautas globales de lo que se viene. En primer lugar, la reuni\u00f3n de la semana pr\u00f3xima tiene a los ministros de Econom\u00eda, Mart\u00edn Guzm\u00e1n; de Desarrollo Productivo, Mat\u00edas Kulfas; y de Trabajo, Claudio Moroni, en la elaboraci\u00f3n de los listados de invitados. Ante los protocolos COVID, se eval\u00faa hacer dos encuentros el mismo d\u00eda para probar reuniones con menos gente. En la inicial estar\u00e1 el Presidente, pero luego seguir\u00e1n peri\u00f3dicamente los ministros t\u00e9cnicos.<\/p>\n<p>En el ministerio de Econom\u00eda confiesan que, de salir bien, la din\u00e1mica ser\u00e1 una recreaci\u00f3n de las reuniones de gabinete econ\u00f3mico del 2020, en las que participaron dirigentes de la Uni\u00f3n Industrial (UIA), CGT, CTA y otras c\u00e1maras, para compartir propuestas y diagn\u00f3sticos. Estos ser\u00e1n algunos de los que se ver\u00e1n las caras el pr\u00f3ximo mi\u00e9rcoles, a los que se sumar\u00e1n dirigentes de la Coordinadora de Productores de Alimentos (Copal), ante la relevancia inflacionaria de los precios de estos productos.<\/p>\n<p>En el Gobierno niegan que en los primeros encuentros haya\u00a0definiciones o marcado de pautas generales. Aseguran que se hered\u00f3 del macrismo una econom\u00eda de precios \u201cdesalineados\u201d y un mercado laboral con situaciones diversas, incluso el privado registrado. As\u00ed, lo que se pondr\u00e1 sobre la mesa por el Estado es un diagn\u00f3stico de la situaci\u00f3n macroecon\u00f3mica que, seg\u00fan el Gobierno, es la explicaci\u00f3n uno de la inflaci\u00f3n.<\/p>\n<p>Luego vendr\u00e1 una charla sobre precios y salarios con los sectores.\u00a0En los borradores de los ministros\u00a0se incluyen las siguientes anotaciones: por qu\u00e9 hay precios m\u00e1s determinantes que otros, cu\u00e1l ser\u00e1 la previsi\u00f3n de tipo de cambio, cu\u00e1nto impacta el salario en los precios y cu\u00e1nto el shock de valores internacionales. En paralelo, hablar\u00e1n con los empresarios casos puntuales para saber por qu\u00e9 han subido tanto algunos productos sin raz\u00f3n aparente. El primero, la carne, que tras un aumento superior al 70 por ciento en 2020, baj\u00f3 30 por ciento por el acuerdo. El segundo, los textiles, que incluso con el comercio cerrado por pandemia, tuvo alzas arriba del 60 por ciento.<\/p>\n<p>El otro punto importante en la mesa ser\u00e1 el\u00a0desacople de precios internacionales\u00a0de los valores locales. En el Gobierno afirman, como ya lo plasm\u00f3 la vicejefa de Gabinete, Cecilia Todesca, que el instrumento m\u00e1s a mano son las retenciones a las exportaciones y no descartan usar el margen disponible de suba para garantizar provisi\u00f3n y consumo interno. Pero aclaran que se intensificaron mesas de di\u00e1logo con los sectores del ma\u00edz, trigo y aceite para \u201caceptar soluciones alternativas o mejores propuestas. Y ver adem\u00e1s la evoluci\u00f3n de los precios internacionales\u201d.<\/p>\n<p><strong>Sueldos, tarifas y combustibles<\/strong><br \/>\n\u201cUn acuerdo es un mismo n\u00famero para todos, sobre todos los temas, y eso no es lo que buscamos\u201d, confi\u00f3 otro de los ministros a este diario. En este contexto, los salarios son un cap\u00edtulo central. Varios funcionarios descartaron, con cabeza en el jefe de Gabinete, Santiago Cafiero, que la idea de estas mesas sea ponerle techo a las paritarias. De hecho, admitieron fuentes oficiales que\u00a0\u201csabemos que cada sector tiene su din\u00e1mica, no es la idea poner un n\u00famero\u201d.<\/p>\n<p>As\u00ed las cosas, habr\u00e1 que mirar en lo inmediato algunas instancias para ver gui\u00f1os puntuales. Primero, qu\u00e9 pasar\u00e1 con las paritarias estatales, como la de docentes. En el Gobierno tienen el dato de que, en los a\u00f1os de Mauricio Macri, solo le ganaron a la inflaci\u00f3n aquellos empleados p\u00fablicos que cobraron menos de 60 mil pesos bruto, sobre todo por bonos y extras percibidos. Por eso, est\u00e1 pendiente una reuni\u00f3n de pauta de los salarios de todo el Estado Nacional, para ver si se marca all\u00ed un sendero. La tarea es tit\u00e1nica porque la discusi\u00f3n fiscal tambi\u00e9n incluye a los Estados Provinciales. El resto de las paritarias se seguir\u00e1n en el marco de las charlas que haya el pr\u00f3ximo mi\u00e9rcoles.<\/p>\n<p>En el Gobierno entienden que\u00a0sin salario no habr\u00e1 recuperaci\u00f3n sostenida\u00a0ni consumo, por esto hay dos puntos finales que ser\u00e1n parte del an\u00e1lisis, en este caso m\u00e1s interno de los ministerios. El primero, el alza de combustibles: la idea es que sigan acompa\u00f1ando la inflaci\u00f3n, sobre todo para que la empresa de bandera YPF recomponga situaci\u00f3n cr\u00edtica. El segundo, las tarifas de servicios p\u00fablicos.<\/p>\n<p>No est\u00e1n tan seguros en las \u00e1reas t\u00e9cnicas que este sea el momento para discutir aumentos sin mirar impacto fiscal, progresividad y capacidad de pago. Y descartan adem\u00e1s que haya en este punto diferencias entre el\u00a0Instituto Patria\u00a0y los hombres m\u00e1s cercanos al Presidente. Por eso, habr\u00e1 un listado de personas subsidiadas que pueden pagar y dejar\u00e1n de tenerlo. Y el resto se analizar\u00e1 con m\u00e1s tiempo.<\/p>\n<h6>Fuente: P\u00e1gina 12<\/h6>\n","protected":false},"excerpt":{"rendered":"<p>Hablan de una \u201cmetodolog\u00eda de trabajo\u201d con empresarios y sindicatos. El objetivo: acordar metas macro y pautas de costos, salarios y precios internacionales.\u00a0<\/p>\n","protected":false},"author":2,"featured_media":112061,"comment_status":"closed","ping_status":"closed","sticky":false,"template":"","format":"standard","meta":{"footnotes":""},"categories":[8],"tags":[21],"class_list":["post-112060","post","type-post","status-publish","format-standard","has-post-thumbnail","hentry","category-informe-nacional","tag-argentina"],"_links":{"self":[{"href":"http:\/\/argentinamunicipal.com.ar\/argentina\/wp-json\/wp\/v2\/posts\/112060","targetHints":{"allow":["GET"]}}],"collection":[{"href":"http:\/\/argentinamunicipal.com.ar\/argentina\/wp-json\/wp\/v2\/posts"}],"about":[{"href":"http:\/\/argentinamunicipal.com.ar\/argentina\/wp-json\/wp\/v2\/types\/post"}],"author":[{"embeddable":true,"href":"http:\/\/argentinamunicipal.com.ar\/argentina\/wp-json\/wp\/v2\/users\/2"}],"replies":[{"embeddable":true,"href":"http:\/\/argentinamunicipal.com.ar\/argentina\/wp-json\/wp\/v2\/comments?post=112060"}],"version-history":[{"count":0,"href":"http:\/\/argentinamunicipal.com.ar\/argentina\/wp-json\/wp\/v2\/posts\/112060\/revisions"}],"wp:featuredmedia":[{"embeddable":true,"href":"http:\/\/argentinamunicipal.com.ar\/argentina\/wp-json\/wp\/v2\/media\/112061"}],"wp:attachment":[{"href":"http:\/\/argentinamunicipal.com.ar\/argentina\/wp-json\/wp\/v2\/media?parent=112060"}],"wp:term":[{"taxonomy":"category","embeddable":true,"href":"http:\/\/argentinamunicipal.com.ar\/argentina\/wp-json\/wp\/v2\/categories?post=112060"},{"taxonomy":"post_tag","embeddable":true,"href":"http:\/\/argentinamunicipal.com.ar\/argentina\/wp-json\/wp\/v2\/tags?post=112060"}],"curies":[{"name":"wp","href":"https:\/\/api.w.org\/{rel}","templated":true}]}}