{"id":112066,"date":"2021-02-05T05:10:20","date_gmt":"2021-02-05T08:10:20","guid":{"rendered":"http:\/\/argentinamunicipal.com.ar\/argentina\/?p=112066"},"modified":"2021-02-04T20:26:36","modified_gmt":"2021-02-04T23:26:36","slug":"112066-2","status":"publish","type":"post","link":"http:\/\/argentinamunicipal.com.ar\/argentina\/112066-2\/","title":{"rendered":"La incertidumbre por la crisis productiva comercial de Rosario sigue m\u00e1s latente que nunca"},"content":{"rendered":"<p>Aunque las actividades comerciales se flexibilizaron pr\u00e1cticamente en su totalidad, la crisis econ\u00f3mica en los sectores m\u00e1s consumidores sigue llevando a la quiebra negocios en distintas \u00e1reas de Rosario.<\/p>\n<p>Rosario parece una ciudad abierta en su totalidad, pese a que a\u00fan sigue habiendo contagios de coronavirus. La restricci\u00f3n nocturna para circular funciona se mantiene vigente y funcionando a rajatabla. Pero, pese a esta nueva \u201cnormalidad\u201d, los sectores productivos de la ciudad siguen padeciendo los coletazos de la crisis desatada por el Covid-19.<\/p>\n<p>Un reciente informe del Instituto de Investigaciones Econ\u00f3micas de la Facultad de Ciencias Econ\u00f3micas de la Universidad Nacional de Rosario (UNR), da cuenta que para diciembre del a\u00f1o pasado, el 12,9% del total de negocios permanec\u00edan vac\u00edos o desocupados en Rosario, lo que representa 1.145 locales.<\/p>\n<p>A partir del relevamiento, se pudo concluir que la proporci\u00f3n de locales vac\u00edos difiere entre el \u00e1rea central de la ciudad y los centros comerciales ubicados en los barrios y zonas: Fisherton, Echesortu, Mendoza Oeste, Tiro Suizo, C\u00f3rdoba (alt.2200-3000) Mendoza (alt.2200-3000), Empalme Graneros, Alberdi y Cafferata (entre Salta y Santa Fe).<\/p>\n<p>A su vez, los negocios ubicados en el microcentro de Rosario, o com\u00fanmente llamado Casco Hist\u00f3rico, se encuentran atravesando por una situaci\u00f3n de mucha desaz\u00f3n, de enorme incertidumbre de cara al futuro porque sencillamente sobra oferta, pero falta demanda.<\/p>\n<p>\u201cLos comercios del casco hist\u00f3rico no escapan a la situaci\u00f3n del resto de la actividad productiva de la ciudad de Rosario y de la Provincia. Estamos viendo ahora coletazos de la pandemia, que se profundiz\u00f3 la crisis econ\u00f3mica\u201d, se\u00f1al\u00f3 a El Litoral el titular de la Asociaci\u00f3n Casco Hist\u00f3rico, Fabio Acosta.<\/p>\n<p>\u201cTanto 2018 como 2019, fueron a\u00f1os recesivos, a lo que se arrastra esta situaci\u00f3n. Nosotros estamos viendo que el Estado en sus distintos niveles est\u00e1n tratando de morigerar el impacto, pero no es suficiente porque sencillamente no aparece la demanda. Hay poca venta. La rueda no gira\u201d, apunt\u00f3.<\/p>\n<p>Por eso mismo, es que \u201cestamos viendo cierre de comercios; algunos esperan que remonte la situaci\u00f3n y ver de qu\u00e9 manera continuar. Ojal\u00e1 se resuelve y se reactive la actividad productiva. Oferta hay al igual que stock, pero falta clientes\u201d, admiti\u00f3 el presidente de la Asociaci\u00f3n.<\/p>\n<p><strong>\u00c1reas m\u00e1s golpeadas<\/strong><br \/>\nEn la zona central de la ciudad, seg\u00fan el informe, se relevaron un total de 7.233 locales comerciales, de los cuales el 28% pertenecen al microcentro, el 11% a las galer\u00edas y el 61% restante en el resto del \u00e1rea comprendida entre boulevard Oro\u00f1o, avenida Pellegrini y el r\u00edo. Del total de los negocios observados, el 86,6% se encuentra en actividad, mientras que el 13,4% restante (1.145 locales) est\u00e1n vac\u00edos o desocupados.<\/p>\n<p>Por su parte, los centros comerciales de los barrios sufrieron menos el impacto del freno econ\u00f3mico por la pandemia, de los 1.673 locales, el 89,5% tuvieron actividad y s\u00f3lo se registr\u00f3 un 10,5% de negocios vac\u00edos. Sin embargo, la proporci\u00f3n de locales deshabitados difiere entre los distintos puntos de la ciudad.<\/p>\n<p>El informe del Instituto de Investigaciones Econ\u00f3micas de la Facultad de Ciencias Econ\u00f3micas de la Universidad Nacional de Rosario (UNR) revela que el centro comercial Cafferata fue el m\u00e1s afectado por la ca\u00edda del consumo, donde la tasa alcanza a casi el 20%.<\/p>\n<p>Le siguen con tasas por encima de la media los dos centros que abarcan las calles C\u00f3rdoba y Mendoza, entre las alturas del 2200 al 3000, con tasas del 17,5% y 16,2% respectivamente. El CC Fisherton y CC Alberdi tambi\u00e9n se encuentran por encima del promedio de los centros comerciales, aunque el segundo por debajo de la media de la ciudad.<\/p>\n<h6>Fuente: El Litoral<\/h6>\n","protected":false},"excerpt":{"rendered":"<p>Aunque las actividades comerciales se flexibilizaron pr\u00e1cticamente en su totalidad, la crisis econ\u00f3mica en los sectores m\u00e1s consumidores sigue llevando a la quiebra negocios en distintas \u00e1reas de Rosario.<\/p>\n","protected":false},"author":2,"featured_media":112067,"comment_status":"closed","ping_status":"closed","sticky":false,"template":"","format":"standard","meta":{"footnotes":""},"categories":[2],"tags":[10],"class_list":["post-112066","post","type-post","status-publish","format-standard","has-post-thumbnail","hentry","category-informe-municipal","tag-santa-fe"],"_links":{"self":[{"href":"http:\/\/argentinamunicipal.com.ar\/argentina\/wp-json\/wp\/v2\/posts\/112066","targetHints":{"allow":["GET"]}}],"collection":[{"href":"http:\/\/argentinamunicipal.com.ar\/argentina\/wp-json\/wp\/v2\/posts"}],"about":[{"href":"http:\/\/argentinamunicipal.com.ar\/argentina\/wp-json\/wp\/v2\/types\/post"}],"author":[{"embeddable":true,"href":"http:\/\/argentinamunicipal.com.ar\/argentina\/wp-json\/wp\/v2\/users\/2"}],"replies":[{"embeddable":true,"href":"http:\/\/argentinamunicipal.com.ar\/argentina\/wp-json\/wp\/v2\/comments?post=112066"}],"version-history":[{"count":0,"href":"http:\/\/argentinamunicipal.com.ar\/argentina\/wp-json\/wp\/v2\/posts\/112066\/revisions"}],"wp:featuredmedia":[{"embeddable":true,"href":"http:\/\/argentinamunicipal.com.ar\/argentina\/wp-json\/wp\/v2\/media\/112067"}],"wp:attachment":[{"href":"http:\/\/argentinamunicipal.com.ar\/argentina\/wp-json\/wp\/v2\/media?parent=112066"}],"wp:term":[{"taxonomy":"category","embeddable":true,"href":"http:\/\/argentinamunicipal.com.ar\/argentina\/wp-json\/wp\/v2\/categories?post=112066"},{"taxonomy":"post_tag","embeddable":true,"href":"http:\/\/argentinamunicipal.com.ar\/argentina\/wp-json\/wp\/v2\/tags?post=112066"}],"curies":[{"name":"wp","href":"https:\/\/api.w.org\/{rel}","templated":true}]}}