{"id":112074,"date":"2021-02-05T05:15:09","date_gmt":"2021-02-05T08:15:09","guid":{"rendered":"http:\/\/argentinamunicipal.com.ar\/argentina\/?p=112074"},"modified":"2021-02-04T20:42:10","modified_gmt":"2021-02-04T23:42:10","slug":"las-paso-la-vacunacion-y-los-precios-los-temas-del-encuentro-que-convoco-fernandez","status":"publish","type":"post","link":"http:\/\/argentinamunicipal.com.ar\/argentina\/las-paso-la-vacunacion-y-los-precios-los-temas-del-encuentro-que-convoco-fernandez\/","title":{"rendered":"Las PASO, la vacunaci\u00f3n y los precios, los temas del encuentro que convoc\u00f3 Fern\u00e1ndez"},"content":{"rendered":"<p>El Presidente se reuni\u00f3 con Sergio Massa, M\u00e1ximo Kirchner, Eduardo De Pedro y Santiago Cafiero para ajustar la agenda del Gobierno en los pr\u00f3ximos d\u00edas. \u00bfQu\u00e9 se analiz\u00f3 en cada uno de los temas?<\/p>\n<p>El presidente Alberto Fern\u00e1ndez almorz\u00f3 en Casa Rosada con Sergio Massa, M\u00e1ximo Kirchner, Santiago Cafiero y Eduardo \u00abWado\u00bb De Pedro, con agenda en la vacunaci\u00f3n, las PASO y los precios.<\/p>\n<p>As\u00ed lo revelaron a la agencia NA fuentes cercanas a quienes participaron de la reuni\u00f3n, que se se extendi\u00f3 por unas dos horas en el primer piso de Balcarce 50.<\/p>\n<p>Durante el encuentro se plantearon \u201ctres posibles escenarios\u201d de cara a las PASO de este a\u00f1o, que actualmente se desarrollar\u00edan el segundo domingo de agosto y la elecci\u00f3n general de los comicios legislativos ser\u00edan el cuarto domingo de octubre.<\/p>\n<p>El primer escenario plantea \u201cpostergar la fecha de las PASO para el \u00faltimo domingo de octubre y realizar la elecci\u00f3n general en noviembre\u201d, lo que permitir\u00eda que \u201cest\u00e9 avanzada la campa\u00f1a de vacunaci\u00f3n y as\u00ed tener recorrido un periodo de inmunizaci\u00f3n\u201d de la sociedad.<\/p>\n<p>En tanto, una segunda opci\u00f3n es \u201cunificar un mismo d\u00eda las PASO y la elecci\u00f3n general\u201d, con el prop\u00f3sito de \u201cmovilizar a la sociedad un s\u00f3lo domingo y as\u00ed disminuir el riesgo de contagio\u201d.<\/p>\n<p>Un posible tercer escenario es que \u201cse suspendan por \u00fanica vez las PASO\u201d, teniendo en cuenta que \u201cser\u00e1 necesario tomar la decisi\u00f3n con el mayor consenso posible\u201d.<\/p>\n<p>Las fuentes consultadas precisaron que todos los participantes del almuerzo \u201cvan a avanzar con los tres posibles escenarios, trabajando con Gerardo Morales (Jujuy) y Gustavo Vald\u00e9s (Corrientes), gobernadores de partidos provinciales y del peronismo\u201d.<\/p>\n<p>\u201cLa idea es ver cu\u00e1l de los tres escenarios tiene un mayor consenso. Igualmente, para hacer la modificaci\u00f3n ser\u00e1 necesario la aprobaci\u00f3n de una ley en el Congreso de la Naci\u00f3n\u201d, subrayaron.<\/p>\n<p>Respecto de la vacunaci\u00f3n, se realiz\u00f3 \u201cun balance positivo\u201d respecto de c\u00f3mo se viene transitando el calendario de vacunaci\u00f3n contra el coronavirus, y detallaron que \u201cse hizo hincapi\u00e9 en el tema del stock y la log\u00edstica\u201d.<\/p>\n<p>\u201cSe analiz\u00f3 c\u00f3mo se va a avanzar con la vacunaci\u00f3n y la forma de ampliar el stock de vacunas. Est\u00e1 muy avanzada la negociaci\u00f3n por la vacuna china\u201d, explicaron.<\/p>\n<p>Por otra parte, existe preocupaci\u00f3n en el Gobierno nacional por el tema precios, por lo que avanzaron en nuevas herramientas para su control.<\/p>\n<p>\u201cEl prop\u00f3sito es atacar r\u00e1pidamente el tema de los precios y evitar que los salarios pierdan sobre los precios\u201d, graficaron.<\/p>\n<h6>Fuente: El Tribuno<\/h6>\n","protected":false},"excerpt":{"rendered":"<p>El Presidente se reuni\u00f3 con Sergio Massa, M\u00e1ximo Kirchner, Eduardo De Pedro y Santiago Cafiero para ajustar la agenda del Gobierno en los pr\u00f3ximos d\u00edas. \u00bfQu\u00e9 se analiz\u00f3 en cada uno de los temas?<\/p>\n","protected":false},"author":2,"featured_media":112075,"comment_status":"closed","ping_status":"closed","sticky":false,"template":"","format":"standard","meta":{"footnotes":""},"categories":[4],"tags":[21],"class_list":["post-112074","post","type-post","status-publish","format-standard","has-post-thumbnail","hentry","category-informe-politico","tag-argentina"],"_links":{"self":[{"href":"http:\/\/argentinamunicipal.com.ar\/argentina\/wp-json\/wp\/v2\/posts\/112074","targetHints":{"allow":["GET"]}}],"collection":[{"href":"http:\/\/argentinamunicipal.com.ar\/argentina\/wp-json\/wp\/v2\/posts"}],"about":[{"href":"http:\/\/argentinamunicipal.com.ar\/argentina\/wp-json\/wp\/v2\/types\/post"}],"author":[{"embeddable":true,"href":"http:\/\/argentinamunicipal.com.ar\/argentina\/wp-json\/wp\/v2\/users\/2"}],"replies":[{"embeddable":true,"href":"http:\/\/argentinamunicipal.com.ar\/argentina\/wp-json\/wp\/v2\/comments?post=112074"}],"version-history":[{"count":0,"href":"http:\/\/argentinamunicipal.com.ar\/argentina\/wp-json\/wp\/v2\/posts\/112074\/revisions"}],"wp:featuredmedia":[{"embeddable":true,"href":"http:\/\/argentinamunicipal.com.ar\/argentina\/wp-json\/wp\/v2\/media\/112075"}],"wp:attachment":[{"href":"http:\/\/argentinamunicipal.com.ar\/argentina\/wp-json\/wp\/v2\/media?parent=112074"}],"wp:term":[{"taxonomy":"category","embeddable":true,"href":"http:\/\/argentinamunicipal.com.ar\/argentina\/wp-json\/wp\/v2\/categories?post=112074"},{"taxonomy":"post_tag","embeddable":true,"href":"http:\/\/argentinamunicipal.com.ar\/argentina\/wp-json\/wp\/v2\/tags?post=112074"}],"curies":[{"name":"wp","href":"https:\/\/api.w.org\/{rel}","templated":true}]}}