{"id":112090,"date":"2021-02-08T06:04:37","date_gmt":"2021-02-08T09:04:37","guid":{"rendered":"http:\/\/argentinamunicipal.com.ar\/argentina\/?p=112090"},"modified":"2021-02-08T06:04:37","modified_gmt":"2021-02-08T09:04:37","slug":"el-soem-logro-un-aumento-del-20-por-ciento-para-los-trabajadores-municipales-de-federacion","status":"publish","type":"post","link":"http:\/\/argentinamunicipal.com.ar\/argentina\/el-soem-logro-un-aumento-del-20-por-ciento-para-los-trabajadores-municipales-de-federacion\/","title":{"rendered":"El SOEM logr\u00f3 un aumento del 20 por ciento para los trabajadores municipales de Federaci\u00f3n"},"content":{"rendered":"<p>El Sindicato de Obreros y Empleados Municipales de Federaci\u00f3n (SOEM), el gremio liderado por Sergio Fontana, logr\u00f3 un aumento salarial del 20 por ciento para los trabajadores de la comuna local. La suba se aplicar\u00e1 con un 8 por ciento a partir de febrero y un 4 por ciento desde marzo. El SOEM tambi\u00e9n consigui\u00f3 el reconocimiento del 8 por ciento pendiente de 2019 y acord\u00f3 negociar con las autoridades su pr\u00f3ximo pago.<\/p>\n<p>La conducci\u00f3n del SOEM vivi\u00f3 este viernes una intensa jornada,\u00a0con negociaciones ante las autoridades y deliberaciones con los afiliados. Convocada una asamblea de trabajadores para la noche para resolver el inicio un plan de lucha, ante la falta de respuestas a sus reclamos salariales, en horas del mediod\u00eda el sindicato recibi\u00f3 desde el Ejecutivo una propuesta de aumento.<\/p>\n<p>\u201cAl mediod\u00eda nos tiraron una propuesta\u00a0de darnos un 12 de aumento ahora, en dos veces, el 6 por ciento en febrero y el 6 por ciento en marzo, y reconocieron el 8 por ciento que nos deb\u00edan de la paritaria de 2019, que no lo quer\u00edan reconocer\u201d, indic\u00f3 el secretario General del SOEM.<\/p>\n<p>El dirigente explic\u00f3 que frente a ese primer ofrecimiento\u00a0\u201cno lo aceptamos\u201d\u00a0y cont\u00f3: \u201cPedimos todo el 12 por ciento para febrero, nos dijeron que era imposible, entonces\u00a0acordamos un 8 por ciento en febrero y un 4 por ciento en marzo.\u00a0Despu\u00e9s arreglar por ese 8 por ciento que nos deben de 2019\u201d.<\/p>\n<p>\u201cCuando nos sentemos en marzo o abril, para la paritaria de 2021, vamos a ir poniendo un porcentaje para llegar a ese 8 por ciento que nos deben y as\u00ed\u00a0con eso llegar en junio, a m\u00e1s tardar, al 36 por ciento,\u00a0que es lo que fue la inflaci\u00f3n del a\u00f1o pasado\u201d, indic\u00f3 el secretario General del SOEM, en declaraciones que public\u00f3 el medio local\u00a0La \u00daltima Campana.<\/p>\n<p>Durante la negociaci\u00f3n\u00a0\u201ctambi\u00e9n pedimos que el Ejecutivo Municipal no cobre este aumento y tambi\u00e9n nos dieron el OK\u201d, explic\u00f3 Fontana. Al respecto, el dirigente manifest\u00f3: \u201cLa gente nos ped\u00eda como gesto del Ejecutivo que este aumento no lo cobre. De esa manera,\u00a0al no cobrarlo ellos, pueden poner un poquito m\u00e1s de porcentaje al trabajador\u201d.<\/p>\n<p>\u201cLa asamblea aprob\u00f3 esta propuesta\u00a0y vamos a firmar un acta con el Ejecutivo para llevar a cabo esto que es un logro de toda la gente\u201d, confirm\u00f3 el titular del SOEM Federaci\u00f3n, y expres\u00f3: \u201cM\u00e1s all\u00e1 que uno siempre quiere m\u00e1s, es un buen acuerdo.\u00a0Con esto vamos a llegar al 36 por ciento que fue la inflaci\u00f3n de 2020\u201d.<\/p>\n<p>Por otra parte, el referente sindical destac\u00f3: \u201cComo siempre lo ha hecho el SOEM, no aceptamos ning\u00fan bono en negro,\u00a0va todo en blanco y al b\u00e1sico del trabajador y tambi\u00e9n para los jubilados\u00a0que son los que trabajaron toda la vida\u201d.<\/p>\n<p>\u201cEsto es un logro del SOEM y de los trabajadores afiliados que nos respaldan.\u00a0Vamos a seguir luchando como siempre\u201d, concluy\u00f3 Fontana.<\/p>\n<h6>Fuente: Sitio Gremial<\/h6>\n","protected":false},"excerpt":{"rendered":"<p>El Sindicato de Obreros y Empleados Municipales de Federaci\u00f3n (SOEM), el gremio liderado por Sergio Fontana, logr\u00f3 un aumento salarial del 20 por ciento para los trabajadores de la comuna local.<\/p>\n","protected":false},"author":2,"featured_media":112091,"comment_status":"closed","ping_status":"closed","sticky":false,"template":"","format":"standard","meta":{"footnotes":""},"categories":[7],"tags":[17],"class_list":["post-112090","post","type-post","status-publish","format-standard","has-post-thumbnail","hentry","category-informe-sindical","tag-entre-rios"],"_links":{"self":[{"href":"http:\/\/argentinamunicipal.com.ar\/argentina\/wp-json\/wp\/v2\/posts\/112090","targetHints":{"allow":["GET"]}}],"collection":[{"href":"http:\/\/argentinamunicipal.com.ar\/argentina\/wp-json\/wp\/v2\/posts"}],"about":[{"href":"http:\/\/argentinamunicipal.com.ar\/argentina\/wp-json\/wp\/v2\/types\/post"}],"author":[{"embeddable":true,"href":"http:\/\/argentinamunicipal.com.ar\/argentina\/wp-json\/wp\/v2\/users\/2"}],"replies":[{"embeddable":true,"href":"http:\/\/argentinamunicipal.com.ar\/argentina\/wp-json\/wp\/v2\/comments?post=112090"}],"version-history":[{"count":0,"href":"http:\/\/argentinamunicipal.com.ar\/argentina\/wp-json\/wp\/v2\/posts\/112090\/revisions"}],"wp:featuredmedia":[{"embeddable":true,"href":"http:\/\/argentinamunicipal.com.ar\/argentina\/wp-json\/wp\/v2\/media\/112091"}],"wp:attachment":[{"href":"http:\/\/argentinamunicipal.com.ar\/argentina\/wp-json\/wp\/v2\/media?parent=112090"}],"wp:term":[{"taxonomy":"category","embeddable":true,"href":"http:\/\/argentinamunicipal.com.ar\/argentina\/wp-json\/wp\/v2\/categories?post=112090"},{"taxonomy":"post_tag","embeddable":true,"href":"http:\/\/argentinamunicipal.com.ar\/argentina\/wp-json\/wp\/v2\/tags?post=112090"}],"curies":[{"name":"wp","href":"https:\/\/api.w.org\/{rel}","templated":true}]}}