{"id":1121,"date":"2014-02-14T23:37:49","date_gmt":"2014-02-15T02:37:49","guid":{"rendered":"http:\/\/argentinamunicipal.com.ar\/argentina\/?p=1121"},"modified":"2014-02-14T23:38:15","modified_gmt":"2014-02-15T02:38:15","slug":"en-las-heras-el-municipio-dicta-taller-sobre-uso-de-redes-sociales","status":"publish","type":"post","link":"http:\/\/argentinamunicipal.com.ar\/argentina\/en-las-heras-el-municipio-dicta-taller-sobre-uso-de-redes-sociales\/","title":{"rendered":"En Las Heras, el Municipio dicta taller sobre uso de redes sociales"},"content":{"rendered":"<p>&nbsp;<\/p>\n<p><a href=\"http:\/\/argentinamunicipal.com.ar\/argentina\/wp-content\/uploads\/2014\/02\/IMG36125.jpg\"><img loading=\"lazy\" decoding=\"async\" class=\"alignright  wp-image-1122\" alt=\"IMG36125\" src=\"http:\/\/argentinamunicipal.com.ar\/argentina\/wp-content\/uploads\/2014\/02\/IMG36125.jpg\" width=\"384\" height=\"288\" srcset=\"http:\/\/argentinamunicipal.com.ar\/argentina\/wp-content\/uploads\/2014\/02\/IMG36125.jpg 640w, http:\/\/argentinamunicipal.com.ar\/argentina\/wp-content\/uploads\/2014\/02\/IMG36125-300x225.jpg 300w\" sizes=\"auto, (max-width: 384px) 100vw, 384px\" \/><\/a>El \u00e1rea del joven, dependiente de la municipalidad de Las Heras, realizo un nuevo taller en esta oportunidad el temario fue \u201cuso de redes sociales\u201d, el mismo estuvo a cargo de Marcos Olave.<\/p>\n<p>Las redes sociales son comunidades on line de personas con intereses o actividades en com\u00fan. Conect\u00e1ndose a trav\u00e9s de internet generando contactos afines, tanto para fines sociales como comerciales, durante el taller se implemento la modalidad de trabajo en el uso de la t\u00e9cnica grupal denominada \u00abgrupo focal\u00bb permitiendo as\u00ed una charla amena donde se compartieron opiniones y conocimientos. En el mismo se pudo apreciar una nutrida participaci\u00f3n de asistentes a las nuevas tecnolog\u00edas que utiliza la sociedad en general, formando parte de la vida cotidiana de todos los grupos etarios.<\/p>\n<p>El origen de las redes sociales se remonta al menos a 1995, cuando el estadounidense Randy Conrads cre\u00f3 el sitio Web classmates.com. Con esta red social pretend\u00eda que la gente pudiera recuperar o mantener el contacto con antiguos compa\u00f1eros del colegio, instituto, universidad, en el 2002 comenzaron a aparecer los primeros sitios Web que promocionaban redes de c\u00edrculos de amigos en l\u00ednea o relaciones en las comunidades virtuales. La popularidad de estos sitios creci\u00f3 r\u00e1pidamente y se fueron perfeccionando hasta conformar el espacio de las redes sociales en internet.<\/p>\n<p>Las redes sociales contin\u00faan creciendo y ganando adeptos en forma acelerada. Su auge se ha producido hace no m\u00e1s de cinco a\u00f1os, en parte gracias al avance de las conexiones a internet y al aumento en la cantidad de personas con acceso a una computadora. Hi5, MySpace, Facebook, Twitter y Orkut son las redes sociales m\u00e1s populares.<\/p>\n<p>Facebook fue creado originalmente para fomentar las redes universitarias; posteriormente se ampli\u00f3 para incluir a los estudiantes de secundaria, profesionales y finalmente a todos los usuarios potenciales de internet. A diferencia de otras redes sociales, en Facebook los usuarios solo pueden hacer p\u00fablicos sus perfiles a otros usuarios del sitio. Hoy en d\u00eda \u00bfqui\u00e9n no tiene un perfil en Facebook? Sin duda Facebook es la red social que m\u00e1s usuarios atrae.<\/p>\n<p>Asimismo se informa que el pr\u00f3ximo mi\u00e9rcoles se brindara un nuevo taller siendo el tema a tratar la autoestima y la autoimagen, con el \u00fanico objetivo de generar conciencia, transmitir conocimiento y crear herramientas.<\/p>\n<h6>Fuente: La Opini\u00f3n Austral<\/h6>\n","protected":false},"excerpt":{"rendered":"<p>&nbsp; El \u00e1rea del joven, dependiente de la municipalidad de Las Heras, realizo un nuevo taller en esta oportunidad el temario fue \u201cuso de redes sociales\u201d, el mismo estuvo a cargo de Marcos Olave. Las redes sociales son comunidades on line de personas con intereses o actividades en com\u00fan. Conect\u00e1ndose a trav\u00e9s de internet generando<\/p>\n","protected":false},"author":1,"featured_media":1122,"comment_status":"closed","ping_status":"closed","sticky":false,"template":"","format":"standard","meta":{"footnotes":""},"categories":[2],"tags":[29],"class_list":["post-1121","post","type-post","status-publish","format-standard","has-post-thumbnail","hentry","category-informe-municipal","tag-santa-cruz"],"_links":{"self":[{"href":"http:\/\/argentinamunicipal.com.ar\/argentina\/wp-json\/wp\/v2\/posts\/1121","targetHints":{"allow":["GET"]}}],"collection":[{"href":"http:\/\/argentinamunicipal.com.ar\/argentina\/wp-json\/wp\/v2\/posts"}],"about":[{"href":"http:\/\/argentinamunicipal.com.ar\/argentina\/wp-json\/wp\/v2\/types\/post"}],"author":[{"embeddable":true,"href":"http:\/\/argentinamunicipal.com.ar\/argentina\/wp-json\/wp\/v2\/users\/1"}],"replies":[{"embeddable":true,"href":"http:\/\/argentinamunicipal.com.ar\/argentina\/wp-json\/wp\/v2\/comments?post=1121"}],"version-history":[{"count":0,"href":"http:\/\/argentinamunicipal.com.ar\/argentina\/wp-json\/wp\/v2\/posts\/1121\/revisions"}],"wp:featuredmedia":[{"embeddable":true,"href":"http:\/\/argentinamunicipal.com.ar\/argentina\/wp-json\/wp\/v2\/media\/1122"}],"wp:attachment":[{"href":"http:\/\/argentinamunicipal.com.ar\/argentina\/wp-json\/wp\/v2\/media?parent=1121"}],"wp:term":[{"taxonomy":"category","embeddable":true,"href":"http:\/\/argentinamunicipal.com.ar\/argentina\/wp-json\/wp\/v2\/categories?post=1121"},{"taxonomy":"post_tag","embeddable":true,"href":"http:\/\/argentinamunicipal.com.ar\/argentina\/wp-json\/wp\/v2\/tags?post=1121"}],"curies":[{"name":"wp","href":"https:\/\/api.w.org\/{rel}","templated":true}]}}