{"id":112111,"date":"2021-02-08T06:23:01","date_gmt":"2021-02-08T09:23:01","guid":{"rendered":"http:\/\/argentinamunicipal.com.ar\/argentina\/?p=112111"},"modified":"2021-02-08T06:23:01","modified_gmt":"2021-02-08T09:23:01","slug":"la-insolita-reaccion-de-las-patronales-rurales-y-la-oposicion-a-la-advertencia-de-alberto-fernandez-de-intervenir-en-el-precio-de-los-alimentos","status":"publish","type":"post","link":"http:\/\/argentinamunicipal.com.ar\/argentina\/la-insolita-reaccion-de-las-patronales-rurales-y-la-oposicion-a-la-advertencia-de-alberto-fernandez-de-intervenir-en-el-precio-de-los-alimentos\/","title":{"rendered":"La ins\u00f3lita reacci\u00f3n de las patronales rurales y la oposici\u00f3n a la advertencia de Alberto Fern\u00e1ndez de intervenir en el precio de los alimentos"},"content":{"rendered":"<p>En una entrevista exclusiva con P\u00e1ginaI12, el primer mandatario dijo que si no se resolv\u00eda el conflicto a trav\u00e9s del di\u00e1logo, el Gobierno intervendr\u00e1 subiendo las retenciones o estableciendo cupos. La furiosa reacci\u00f3n de las entidades rurales y las cr\u00edticas del macrismo. La defensa de Nicol\u00e1s Trotta, Jorge Capitanich, Sergio Massa, la CGT y los gremios docentes a los temas planteados en la charla del Presidente con este diario.<\/p>\n<p>Las patronales rurales y Juntos por el Cambio no tardaron en reaccionar ante las declaraciones del presidente Alberto Fern\u00e1ndez, que en una entrevista con P\u00e1ginaI12 asegur\u00f3 que si los productores segu\u00edan especulando con los precios de los alimentos en un contexto de pandemia, \u00abobligaban al Estado a resolver\u00bb el conflicto mediante dos herramientas: la suba de retenciones o la fijaci\u00f3n de cupos. Ricardo Buryaile y Luis Etchevehere, ambos ex ministros de Agroindustria de la gesti\u00f3n de Mauricio Macri, fueron los primeros en recoger el guante. Buryaile, actual diputado nacional por Formosa, escribi\u00f3 una \u201ccarta abierta a Alberto Fern\u00e1ndez\u201d, difundida por la UCR, en la que escribi\u00f3: \u00abNunca la amenaza puede ser una invitaci\u00f3n al di\u00e1logo\u201d. Etchevehere, en tanto, se\u00f1al\u00f3: \u201cla historia se repite. Ponen la falsa excusa del precio de los alimentos para volver a saquear al campo y tener caja para las pr\u00f3ximas elecciones\u201d. En di\u00e1logo con P\u00e1ginaI12, fuentes oficiales afirmaron que \u00abse viene transitando una l\u00ednea de acuerdos, pero eso requiere el compromiso de todos los eslabones de la cadena\u00bb y el gobernador de Chaco, Jorge Capitanich, afirm\u00f3 a este diario que lo que busca el Gobierno Nacional no es desincentivar las exportaciones, sino tener precios accesibles para el pueblo argentino.<\/p>\n<p>Buryaile y Etchevehere, ambos ex ministros de Agroindustria de la gesti\u00f3n de Mauricio Macri, estuvieron entre los principales portavoces de la protesta por la advertencia del Presidente. Buryaile, actual diputado nacional por Formosa, escribi\u00f3 en su carta abierta: \u201camenaza a los productores agropecuarios con subas de retenciones y cupos para desacoplar precios. Nunca la amenaza puede ser una invitaci\u00f3n al di\u00e1logo\u201d. Etchevehere, en tanto, se\u00f1al\u00f3: \u201cla historia se repite. Ponen la falsa excusa del precio de los alimentos para volver a saquear al campo y tener caja para las pr\u00f3ximas elecciones\u201d, y agreg\u00f3 que \u201clas retenciones no bajan precio de alimentos Alberto Fern\u00e1ndez, es la inflaci\u00f3n!\u201d.<\/p>\n<p>En la misma l\u00ednea se manifestaron la Sociedad Rural Argentina (SRA), la Federaci\u00f3n Agraria Argentina (FAA) y las Confederaciones Rurales Argentinas (CRA), al afirmar que \u201cel sector primario, adem\u00e1s de no ser formador de precios, es el que menos participaci\u00f3n tiene en la cadena de cualquier producto\u00bb. Adem\u00e1s, pidieron una reducci\u00f3n \u00aben el paquete impositivo\u201d. Carlos Vila Moret, vicepresidente de la Sociedad Rural, reafirm\u00f3 que las declaraciones de Fern\u00e1ndez \u00abson preocupantes porque desconocen la din\u00e1mica de la formaci\u00f3n de precios y parten de una mirada prejuiciosa en la que el campo y los productores somos siempre los culpables\u00bb.<\/p>\n<p>Carlos Achetoni, presidente de la FAA,\u00a0advirti\u00f3 que \u201ccobrarle m\u00e1s retenciones o cerrar la exportaci\u00f3n es poner en situaci\u00f3n de repensar y desalentar al sector productivo para las pr\u00f3ximas campa\u00f1as\u201d. Por \u00faltimo, el presidente de Confederaciones Rurales Argentinas (CRA), Jorge Chemes, resalt\u00f3 que \u00abno deja de sorprenderme la falta de capacidad de entendimiento por parte de los funcionarios cuando le tratamos de transmitir de que el sector primario, adem\u00e1s de no ser formadores de precios, es el que menos participaci\u00f3n tiene en la cadena de cualquier producto. Por supuesto, hay que resaltar que quien tiene la mayor proporci\u00f3n es el Estado porque lo que m\u00e1s pesa es el paquete impositivo\u201d.<\/p>\n<p>El diputado nacional de Juntos por el Cambio y vicepresidente del PRO, Federico Angelini, insisti\u00f3 con los mismos argumentos de las patronales rurales en di\u00e1logo con\u00a0\u00a0P\u00e1gina\/12: \u00abel control de precios funcion\u00f3 siempre mal en Argentina. Lo que hay que hacer es reducir la carga impositiva para los productores porque de toda la cadena es el que menos recibe\u00bb, afirm\u00f3. Adem\u00e1s, resumi\u00f3 que \u00abno toda la carne se exporta. Una cosa es el lomo que se exporta y otra muy diferente la carne sin hueso que es la que comemos los argentinos\u00bb. Al ser consultado sobre la explicaci\u00f3n que dio Fern\u00e1ndez acerca de que ahora el pa\u00eds comenz\u00f3 a exportar carne con hueso a China, Angelini expres\u00f3 que \u00ablo que dice de China el presidente son cifras m\u00ednimas y la verdad es que eso todos reconocen que no afecta en el precio\u00bb.<\/p>\n<p>El diputado\u00a0Mario Negri, en tanto, plante\u00f3 que \u00abel Gobierno est\u00e1 instalado en un pasado que ya fracas\u00f3.\u00a0Enfrentarse al campo es pegarse un tiro en el pie. Quieren control de precios, atrasar el tipo de cambio, esto ya lo vivimos en el cristinismo. Creo que el Presidente simplifica\u00a0y est\u00e1 desesperado por encontrar culpables. Busca meter miedo\u201d. Cristian Ritondo, a trav\u00e9s de su cuenta de Tuiter, se sum\u00f3 a los repudios de los opositores y puntualiz\u00f3 que \u00ablimitar y ponerle trabas constantemente a uno de los motores de la econom\u00eda de nuestro pa\u00eds es llevarnos directamente a la desinversi\u00f3n y el atraso\u00bb. Sin embargo, en sus explicaciones, los funcionarios de Cambiemos no mencionaron en ning\u00fan momento los aumentos de la retenciones a las exportaciones decretados por el expresidente Mauricio Macri en septiembre de 2018.<\/p>\n<p>Desde la CGT\u00a0plantearon el\u00a0conflicto en otros t\u00e9rminos.\u00a0Jos\u00e9 Luis Lingeri, secretario de acci\u00f3n social de la central obrera, subray\u00f3 en di\u00e1logo con\u00a0P\u00e1ginaI12\u00a0que\u00a0 \u00ablos trabajadores argentinos no cobran su salario en d\u00f3lares,\u00a0lo cobran en pesos. Por lo tanto, la situaci\u00f3n econ\u00f3mica y macroecon\u00f3mica se tendr\u00e1 que amoldar a esa realidad\u00bb.<\/p>\n<p><strong>La vuelta a clases presenciales<\/strong><br \/>\nLa importancia del di\u00e1logo para la etapa que transita el pa\u00eds en el marco de la pandemia tendr\u00e1 tambi\u00e9n centralidad en la vuelta a las clases presenciales. El ministro de Educaci\u00f3n,\u00a0Nicol\u00e1s Trotta, reafirm\u00f3 a este diario\u00a0lo\u00a0dicho por el Presidente acerca de que la vuelta o no a la presencialidad es otro falso dilema, y sobre la importancia de\u00a0construir acuerdos como la \u00fanica forma de lograr una vuelta segura.\u00a0\u00abLa agenda que trabajamos desde Naci\u00f3n siempre fue la de una presencialidad cuidada, segura para las escuelas y las familias. Eso es lo que afirm\u00f3 el Presidente. Es un dilema falso presencialidad si o presencialidad no, porque todos los actores del sistema educativo estamos embarcados en el desaf\u00edo de volver a la presencialidad y trabajando para eso\u00bb, asegur\u00f3.<\/p>\n<p>Roberto Baradel, secretario general de Suteba, subray\u00f3 a\u00a0P\u00e1ginaI12\u00a0con respecto a este tema que \u00abestoy de acuerdo con lo que plantea el Presidente y es un falso debate el que quiere instalar la oposici\u00f3n, junto a los medios hegem\u00f3nicos de comunicaci\u00f3n. Todos queremos la presencialidad y para eso ha trabajado el gobierno nacional, la provincia de Buenos Aires y muchas otras provincias\u00bb. \u00abEl a\u00f1o pasado trabajamos los protocolos muy seriamente a nivel nacional en el Consejo Federal de Educaci\u00f3n y eso se est\u00e1 llevando a la pr\u00e1ctica en la provincia de Buenos Aires\u00bb, puntualiz\u00f3. Adem\u00e1s, destac\u00f3 que exista por parte del gobierno \u00abun compromiso para vacunar a los docentes, porque eso ser\u00e1 clave\u00bb.<\/p>\n<p>En otro pasaje de la entrevista de este domingo, Fern\u00e1ndez indic\u00f3 que el de Cambiemos \u00abfue un gobierno que en materia educativa no hizo otra cosa que retrasar la educaci\u00f3n y retacearle recursos\u00bb. Vinculado a este tema, Baradel opin\u00f3 que \u00ablos gobiernos de Macri y Vidal fueron a la educaci\u00f3n p\u00fablica lo que la pandemia es a la econom\u00eda. Hubo una enorme desinversi\u00f3n a nivel nacional, eliminaron las paritarias, intentaron bajarnos el salario, interrumpieron el programa Conectar Igualdad, redujeron la inversi\u00f3n de educaci\u00f3n que antes representaba el 6.5 del PBI y pas\u00f3 a representar el 4.8, interrumpieron los programas de formaci\u00f3n y actualizaci\u00f3n docente, y adem\u00e1s no invirtieron en las escuelas, lo cual termin\u00f3 en la tragedia de la escuela de Moreno. Abandonaron los hospitales y las escuelas\u00bb, denunci\u00f3.<\/p>\n<p><strong>La recomposici\u00f3n salarial<\/strong><br \/>\nEl tema salarial fue otro de los t\u00f3picos que toc\u00f3 Fern\u00e1ndez en la entrevista e indic\u00f3 que estos \u00abvienen muy retrasados y hay que recomponerlos\u00bb. El presidente de la C\u00e1mara de Diputados,\u00a0Sergio Massa, respald\u00f3 al mandatario\u00a0en declaraciones radiales al afirmar que \u00abel desaf\u00edo que tenemos este a\u00f1o es la recuperaci\u00f3n econ\u00f3mica\u00bb, que debe ir de la mano de \u00abla recuperaci\u00f3n del ingreso de todos los argentinos y la recuperaci\u00f3n del poder de compra\u00bb, como una de las grandes prioridades del 2021. Luego remarc\u00f3 que \u00aball\u00ed el clave el rol del Estado protegiendo y cuidando\u00bb. \u00abComo principio rector, los actores del Estado tienen que encontrar previsibilidad a largo plazo, pero que est\u00e9 atada al inter\u00e9s colectivo, del ciudadano, y no al inter\u00e9s de un empresario\u00bb, afirm\u00f3 Massa. Para el presidente de la C\u00e1mara, la tarea del Gobierno no es \u00abplantear soluciones m\u00e1gicas sino plantear un sendero\u00bb, sino lograr \u00abequilibrio fiscal, super\u00e1vit comercial y un r\u00e9gimen de acumulaci\u00f3n de reservas\u00bb, entre otros objetivos.<\/p>\n<p>Lingeri, en tanto, se\u00f1al\u00f3 que \u00abestoy de acuerdo con las declaraciones que ha expresado el Presidente. Hubo una p\u00e9rdida real del salario de 20 puntos y eso es algo que no se puede recuperar de la noche a la ma\u00f1ana. Macri dej\u00f3 una inflaci\u00f3n en el orden del 53.8 por ciento, y el a\u00f1o pasado se cerr\u00f3 con una inflaci\u00f3n cercana al 36 por ciento, o sea que se baj\u00f3 casi 20 puntos y la pauta presupuestaria est\u00e1 dada en un 29 por ciento en el presupuesto nacional\u00bb.<\/p>\n<p>La recomposici\u00f3n salarial es otro de los asuntos para los que el Poder Ejecutivo deber\u00e1 mostrar capacidad de di\u00e1logo y consenso. Sobre esto hizo hincapi\u00e9 Lingeri al mencionar que \u00abel acuerdo econ\u00f3mico y social la CGT lo ha venido planteando desde hace tiempo. Ojal\u00e1 esto pueda concretarse lo m\u00e1s pronto posible, no va a ser f\u00e1cil porque hay muchas actividades y diversas cuestiones que se pueden contraponer de un lado y del otro, pero si hay voluntad pol\u00edtica creo que se podr\u00e1 avanzar en ese sentido\u00bb.<\/p>\n<p><strong>La discusi\u00f3n por las PASO<\/strong><br \/>\nOtro tema abordado por el mandatario y que tambi\u00e9n desat\u00f3 fuertes repercusiones fue el del debate sobre la suspensi\u00f3n o no de las elecciones primarias, abiertas, simultaneas y obligatorias (PASO). Fern\u00e1ndez opin\u00f3 que hab\u00eda que evaluarlo seg\u00fan la situaci\u00f3n sanitaria, pero que \u00abde todos modos hay una ley que las establece, que a m\u00ed me parece muy buena, y es un tema que tendr\u00e1 que ver el Congreso. Otros plantean postergarlas hasta septiembre y la elecci\u00f3n en noviembre\u00bb. En ese sentido, Sergio Massa, dijo que \u00abentre gastar en boletas y gastar en vacunas, en este contexto, yo prefiero gastar en vacunas\u00bb. Y desde la oposici\u00f3n, Negri destac\u00f3 que \u00abla unificaci\u00f3n de las Paso y las elecciones generales es un disparate que no cuaja\u00bb. Luego, asegur\u00f3 que \u00abJuntos por el Cambio defiende las Paso y las sostiene\u00bb.<\/p>\n<p>\u00abEl\u00a0Presidente habl\u00f3 de los principales problemas que hoy tienen los argentinos y que est\u00e1n vinculados a la pandemia y al gran desfasaje que hay entre salarios y precios\u00bb, expres\u00f3 en di\u00e1logo con\u00a0P\u00e1ginaI12\u00a0la diputada y vicejefa del bloque del Frente de Todos en la c\u00e1mara baja, Cecilia Moreau. \u00abComparto en que ha habido una muy buena parte de la oposici\u00f3n que tuvo y tiene mucha irresponsabilidad con el manejo, sobre todo, de las vacunas, pero en general de los distintos temas vinculados a la pandemia. El problema es que esa actitud no solo entorpece al gobierno, sino que entorpece la vida de la gente\u00bb, puntualiz\u00f3. Adem\u00e1s, Moreau adelant\u00f3 que \u00abdesde el parlamento seguramente vamos a empezar a tratar un paquete de leyes vinculadas a este tema para poder ordenar el precio de los alimentos\u00bb. \u00abEl Presidente est\u00e1 mirando para adelante y pone el eje donde lo tiene que poner\u00bb, concluy\u00f3.<\/p>\n<h6>Fuente: P\u00e1gina 12<\/h6>\n","protected":false},"excerpt":{"rendered":"<p>En una entrevista exclusiva con P\u00e1ginaI12, el primer mandatario dijo que si no se resolv\u00eda el conflicto a trav\u00e9s del di\u00e1logo, el Gobierno intervendr\u00e1 subiendo las retenciones o estableciendo cupos.<\/p>\n","protected":false},"author":2,"featured_media":112112,"comment_status":"closed","ping_status":"closed","sticky":false,"template":"","format":"standard","meta":{"footnotes":""},"categories":[8],"tags":[21],"class_list":["post-112111","post","type-post","status-publish","format-standard","has-post-thumbnail","hentry","category-informe-nacional","tag-argentina"],"_links":{"self":[{"href":"http:\/\/argentinamunicipal.com.ar\/argentina\/wp-json\/wp\/v2\/posts\/112111","targetHints":{"allow":["GET"]}}],"collection":[{"href":"http:\/\/argentinamunicipal.com.ar\/argentina\/wp-json\/wp\/v2\/posts"}],"about":[{"href":"http:\/\/argentinamunicipal.com.ar\/argentina\/wp-json\/wp\/v2\/types\/post"}],"author":[{"embeddable":true,"href":"http:\/\/argentinamunicipal.com.ar\/argentina\/wp-json\/wp\/v2\/users\/2"}],"replies":[{"embeddable":true,"href":"http:\/\/argentinamunicipal.com.ar\/argentina\/wp-json\/wp\/v2\/comments?post=112111"}],"version-history":[{"count":0,"href":"http:\/\/argentinamunicipal.com.ar\/argentina\/wp-json\/wp\/v2\/posts\/112111\/revisions"}],"wp:featuredmedia":[{"embeddable":true,"href":"http:\/\/argentinamunicipal.com.ar\/argentina\/wp-json\/wp\/v2\/media\/112112"}],"wp:attachment":[{"href":"http:\/\/argentinamunicipal.com.ar\/argentina\/wp-json\/wp\/v2\/media?parent=112111"}],"wp:term":[{"taxonomy":"category","embeddable":true,"href":"http:\/\/argentinamunicipal.com.ar\/argentina\/wp-json\/wp\/v2\/categories?post=112111"},{"taxonomy":"post_tag","embeddable":true,"href":"http:\/\/argentinamunicipal.com.ar\/argentina\/wp-json\/wp\/v2\/tags?post=112111"}],"curies":[{"name":"wp","href":"https:\/\/api.w.org\/{rel}","templated":true}]}}