{"id":112114,"date":"2021-02-08T06:26:50","date_gmt":"2021-02-08T09:26:50","guid":{"rendered":"http:\/\/argentinamunicipal.com.ar\/argentina\/?p=112114"},"modified":"2021-02-08T06:26:50","modified_gmt":"2021-02-08T09:26:50","slug":"la-cgt-y-otros-espacios-ratifican-predisposicion-a-discutir-un-acuerdo-pero-quieren-paritarias-libres","status":"publish","type":"post","link":"http:\/\/argentinamunicipal.com.ar\/argentina\/la-cgt-y-otros-espacios-ratifican-predisposicion-a-discutir-un-acuerdo-pero-quieren-paritarias-libres\/","title":{"rendered":"La CGT y otros espacios ratifican predisposici\u00f3n a discutir un acuerdo, pero quieren paritarias libres"},"content":{"rendered":"<p>De cara a los encuentros con representantes del Gobierno y empresarios la central obrera coincide con los funcionarios en que los ingresos deben superar a la inflaci\u00f3n en porcentual de entre 2 y 4 puntos y que deben controlarse los mecanismos de formaci\u00f3n de precios.<\/p>\n<p>La CGT y los espacios sindicales que coexisten en el movimiento obrero alistan la agenda de debate sobre precios y salarios para el mi\u00e9rcoles 10 de febrero pr\u00f3ximo, en el marco de un plan anti-inflacionario integral, cuando comience la ronda por separado de di\u00e1logo social convocada por el Gobierno, iniciativa de la que formar\u00e1n parte los gremialistas aunque ratifican que \u00ablas paritarias deben ser libres\u00bb.<\/p>\n<p>\u00abLas paritarias deben ser libres y sin techo, porque no es posible anclar otra vez el salario. La CGT coincide con los funcionarios del Gobierno en que este a\u00f1o los ingresos deben superar el proceso inflacionario entre 2 y 4 puntos\u00bb, se encarg\u00f3 de aclarar H\u00e9ctor Daer (ATSA, Sanidad), quien encabeza la central madre de los trabajadores junto a Carlos Acu\u00f1a (estaciones de servicio).<\/p>\n<p>Para Daer, esa discusi\u00f3n y el posible acuerdo final deben contemplar el proceso inflacionario y un sano equilibrio entre precios y salarios y revisar \u00ablas ganancias empresarias para evitar esa peligrosa escalada inflacionaria\u00bb.<\/p>\n<p>\u00abLos salarios deben ganarle este a\u00f1o a la inflaci\u00f3n porque el poder adquisitivo ya sufri\u00f3 demasiado\u00bb, asegur\u00f3 hace algunos d\u00edas Daer tras la reuni\u00f3n de la mesa chica de CGT.<\/p>\n<p>La central, que deber\u00e1 renovar autoridades este a\u00f1o, ya adelant\u00f3 que \u00abel sindicalismo no discutir\u00e1 ninguna pol\u00edtica econ\u00f3mica que procure anclar el salario\u00bb y, al igual que otros dirigentes gremiales, sostuvo la necesidad de controlar \u00abla formaci\u00f3n de precios\u00bb.<\/p>\n<p>En tanto, el presidente\u00a0Alberto Fern\u00e1ndez\u00a0asegur\u00f3 en el marco de una entrevista que publica hoy P\u00e1gina 12 que necesita que\u00a0\u00abel salario mejore en t\u00e9rminos reales\u00bb.<\/p>\n<p>Adem\u00e1s, cuando le preguntaron si el Gobierno ten\u00eda un porcentaje promedio de incremento salarial para el 2021, el Presidente respondi\u00f3: \u00abNo, porque yo digo las paritarias son libres y es una discusi\u00f3n de cada sindicato\u00bb.<\/p>\n<p><strong>La b\u00fasqueda de un acuerdo<\/strong><\/p>\n<p>El acuerdo de precios y salarios es motorizado por el Gobierno, que aspira a cumplimentar la meta anual del 29 por ciento de inflaci\u00f3n, seg\u00fan el proyecto de presupuesto 2021 enviado al Congreso, al tiempo que el titular de la Uni\u00f3n del Personal Civil de la Naci\u00f3n (UPCN) y adjunto de la CGT, Andr\u00e9s Rodr\u00edguez, ya adelant\u00f3 que \u00abser\u00e1 un gran paso si las paritarias superan en 2 o 3 puntos a la inflaci\u00f3n\u00bb.<\/p>\n<p>Para iniciar la ronda de negociaciones, el Gobierno convoc\u00f3 en esta primera instancia a la CGT y a otros espacios gremiales para el pr\u00f3ximo mi\u00e9rcoles 10 de febrero, mientras que el sector empresario ser\u00e1 citado para un d\u00eda despu\u00e9s -el jueves 11- o una semana m\u00e1s tarde, el mi\u00e9rcoles 17, para luego converger ambos sectores en una amplia mesa de encuentro con el gabinete econ\u00f3mico el mi\u00e9rcoles 24 de febrero.<\/p>\n<p><strong>El cronograma<\/strong><\/p>\n<p>Los detalles del cronograma, al igual que la definici\u00f3n de qu\u00e9 sectores sindicales participar\u00e1n de la actividad del mi\u00e9rcoles, se terminar\u00e1n de resolver ma\u00f1ana en comunicaciones entre la Casa Rosada y los actores involucrados.<\/p>\n<p>Algunos sectores gremiales, como la CTA de los Trabajadores, consideran que\u00a0la ronda de di\u00e1logo por precios y salarios debe incluir no s\u00f3lo a los dirigentes sindicales y a las principales c\u00e1maras empresarias sino tambi\u00e9n al sector de las PYMES.<\/p>\n<p>En esa l\u00ednea, el titular de la CTA, el docente Hugo Yasky, sostuvo que el Ejecutivo debe ampliar la convocatoria a las peque\u00f1as y medianas empresas, respald\u00f3 la iniciativa oficial y asegur\u00f3 que los contactos que comenzar\u00e1n el mi\u00e9rcoles deben contribuir a \u00abla valorizaci\u00f3n de los salarios, que perdieron 20 puntos con el macrismo\u00bb.<\/p>\n<p>\u00abSe trata de acordar una pol\u00edtica integral frente a los abusivos aumentos de precios por parte de los grupos concentrados de la econom\u00eda, que esmerilan a diario el poder adquisitivo de los trabajadores y de los sectores populares\u00bb, remarc\u00f3 Yasky.<\/p>\n<p>Por su parte, sus pares de la\u00a0CTA Aut\u00f3noma Ricardo Peidro\u00a0(visitadores m\u00e9dicos), Hugo Godoy (ATE Nacional) y Claudia Baigorria (universitarios) aguardan que esa central obrera sea convocada por el Gobierno -se definir\u00e1 ma\u00f1ana-, con la intenci\u00f3n de participar en el debate.<\/p>\n<p>Seg\u00fan confirm\u00f3 Peidro a T\u00e9lam, la CTA Aut\u00f3noma aguarda para el lunes o martes que el Gobierno la convoque para discutir \u00abla inflaci\u00f3n y tambi\u00e9n la especulaci\u00f3n financiera\u00bb.<\/p>\n<p>A su vez,\u00a0la Corriente Federal de Trabajadores (CFT), que forma parte de la CGT aunque no tenga cargos en el consejo directivo, consider\u00f3 \u00abpositiva\u00bb la iniciativa de abrir un di\u00e1logo y reafirm\u00f3 la necesidad de ratificar el \u00abrespeto a las paritarias libres y sin techo y que los incrementos salariales superen por varios puntos este a\u00f1o a la inflaci\u00f3n\u00bb.<\/p>\n<p>La CFT, encabezada por H\u00e9ctor Amichetti (gr\u00e1ficos), Sergio Palazzo (bancarios) y Pablo Biro (APLA, pilotos a\u00e9reos), remarc\u00f3 que los incrementos salariales por sobre la inflaci\u00f3n constituyen la \u00fanica v\u00eda para la recuperaci\u00f3n econ\u00f3mica en este contexto del pa\u00eds.<\/p>\n<p>Amichetti, en di\u00e1logo con T\u00e9lam, afirm\u00f3 que ese es \u00abel \u00fanico camino para recuperar el poder adquisitivo y reactivar la econom\u00eda nacional\u00bb, y enfatiz\u00f3 que para evitar que un posible acuerdo se frustre en el corto plazo \u00abes esencial relacionar el tema precios y salarios con necesarias reformas estructurales, para convertir el sistema financiero en un servicio p\u00fablico\u00bb.<\/p>\n<p>\u00abEsas reformas estructurales fueron anunciadas por la CFT en su programa de 27 puntos. Hay que producir una reforma tributaria progresiva: el Estado debe controlar el comercio exterior, desarmar los monopolios que forman los precios y activar el Consejo Econ\u00f3mico y Social, cuyos protagonistas principales deben ser el movimiento obrero, las PYMES de la industria, el comercio, los peque\u00f1os y medianos productores agropecuarios, el cooperativismo y los movimientos sociales\u00bb, apunt\u00f3 Amichetti.<\/p>\n<p>Para Palazzo, quien acaba de coronar con \u00e9xito la paritaria bancaria anual, hasta que no haya una CGT unificada la totalidad de los actores del sindicalismo \u00abdeben estar sentados en esa mesa de discusi\u00f3n, que es un puntapi\u00e9 inicial importante\u00bb, afirm\u00f3.<\/p>\n<p>\u00abEs el principio de un posible decreto para constituir el Consejo Econ\u00f3mico y Social, que ser\u00eda un buen \u00e1mbito de di\u00e1logo para procurar la reconstrucci\u00f3n del pa\u00eds\u00bb, puntualiz\u00f3 Palazzo, quien sin embargo reconoci\u00f3 que \u00abse requiere de mucho di\u00e1logo y consenso para emerger de la profunda crisis de la Covid-19 y de las pol\u00edticas neoliberales macristas\u00bb.<\/p>\n<p>\u00abLos trabajadores deben ocupar un lugar esencial en esa reconstrucci\u00f3n y a la hora de sostener al Gobierno popular\u00bb, a\u00f1adi\u00f3 Palazzo.<\/p>\n<p>Por otro lado,\u00a0tanto la CGT como los otros espacios del sindicalismo argentino -CTA de los Trabajadores, CTA Aut\u00f3noma- valoran la convocatoria oficial y la enmarcan en el llamado al di\u00e1logo social tripartito\u00a0que, desde siempre, impulsa la Organizaci\u00f3n Internacional del Trabajo (OIT).<\/p>\n<p>En suma, para la CGT y para los otros actores del gremialismo, las paritarias libres forman parte de \u00abese di\u00e1logo social\u00bb.<\/p>\n<p>En los \u00faltimos d\u00edas, y en paralelo a las declaraciones del Presidente que se conocieron hoy, el Gobierno ratific\u00f3 que no se propone condicionar las negociaciones paritarias y aval\u00f3 que los ingresos de los trabajadores este a\u00f1o deben superar la inflaci\u00f3n promedio anual.<\/p>\n<p>As\u00ed lo manifestaron el ministro de Econom\u00eda, Mart\u00edn Guzm\u00e1n -en declaraciones al canal C5N-, la vicejefa de Gabinete, Cecilia Todesca, y el ministro de Trabajo, Claudio Moroni.<\/p>\n<p>Los dirigentes sindicales, sin embargo, mantienen algunas reservas respecto de la buena fe negociadora del sector empresario:\u00a0apuestan a que la intervenci\u00f3n del Gobierno contribuya a equilibrar la balanza en un contexto muy complejo, en el que la mayor\u00eda de los trabajadores, como se\u00f1al\u00f3 el Presidente a P\u00e1gina12, vienen de una p\u00e9rdida del 20% del poder adquisitivo del salario heredada de los cuatro a\u00f1os del gobierno de Macri.<\/p>\n<p>\u00abNecesito que el salario mejore en t\u00e9rminos reales. Ahora, si alguien pretende recomponer los 20 puntos en un a\u00f1o, estamos en un problema. Hay que ir paulatinamente mejorando el ingreso\u00bb, dijo Fern\u00e1ndez en esa entrevista.<\/p>\n<p>Las patronales, por su parte, prefieren referirse a la reactivaci\u00f3n de la producci\u00f3n y a la totalidad de los factores que la posibilitan en vez de hacer hincapi\u00e9 en los aumentos salariales.<\/p>\n<h6>Fuente: Telam<\/h6>\n","protected":false},"excerpt":{"rendered":"<p>De cara a los encuentros con representantes del Gobierno y empresarios la central obrera coincide con los funcionarios en que los ingresos deben superar a la inflaci\u00f3n en porcentual de entre 2 y 4 puntos y que deben controlarse los mecanismos de formaci\u00f3n de precios.<\/p>\n","protected":false},"author":2,"featured_media":112115,"comment_status":"closed","ping_status":"closed","sticky":false,"template":"","format":"standard","meta":{"footnotes":""},"categories":[8],"tags":[21],"class_list":["post-112114","post","type-post","status-publish","format-standard","has-post-thumbnail","hentry","category-informe-nacional","tag-argentina"],"_links":{"self":[{"href":"http:\/\/argentinamunicipal.com.ar\/argentina\/wp-json\/wp\/v2\/posts\/112114","targetHints":{"allow":["GET"]}}],"collection":[{"href":"http:\/\/argentinamunicipal.com.ar\/argentina\/wp-json\/wp\/v2\/posts"}],"about":[{"href":"http:\/\/argentinamunicipal.com.ar\/argentina\/wp-json\/wp\/v2\/types\/post"}],"author":[{"embeddable":true,"href":"http:\/\/argentinamunicipal.com.ar\/argentina\/wp-json\/wp\/v2\/users\/2"}],"replies":[{"embeddable":true,"href":"http:\/\/argentinamunicipal.com.ar\/argentina\/wp-json\/wp\/v2\/comments?post=112114"}],"version-history":[{"count":0,"href":"http:\/\/argentinamunicipal.com.ar\/argentina\/wp-json\/wp\/v2\/posts\/112114\/revisions"}],"wp:featuredmedia":[{"embeddable":true,"href":"http:\/\/argentinamunicipal.com.ar\/argentina\/wp-json\/wp\/v2\/media\/112115"}],"wp:attachment":[{"href":"http:\/\/argentinamunicipal.com.ar\/argentina\/wp-json\/wp\/v2\/media?parent=112114"}],"wp:term":[{"taxonomy":"category","embeddable":true,"href":"http:\/\/argentinamunicipal.com.ar\/argentina\/wp-json\/wp\/v2\/categories?post=112114"},{"taxonomy":"post_tag","embeddable":true,"href":"http:\/\/argentinamunicipal.com.ar\/argentina\/wp-json\/wp\/v2\/tags?post=112114"}],"curies":[{"name":"wp","href":"https:\/\/api.w.org\/{rel}","templated":true}]}}