{"id":112117,"date":"2021-02-08T05:27:29","date_gmt":"2021-02-08T08:27:29","guid":{"rendered":"http:\/\/argentinamunicipal.com.ar\/argentina\/?p=112117"},"modified":"2021-02-08T06:30:24","modified_gmt":"2021-02-08T09:30:24","slug":"fernandez-volvio-a-criticar-a-la-corte-es-un-tribunal-muy-poco-calificado-socialmente","status":"publish","type":"post","link":"http:\/\/argentinamunicipal.com.ar\/argentina\/fernandez-volvio-a-criticar-a-la-corte-es-un-tribunal-muy-poco-calificado-socialmente\/","title":{"rendered":"Fern\u00e1ndez volvi\u00f3 a criticar a la Corte: \u00abEs un tribunal muy poco calificado socialmente\u00bb"},"content":{"rendered":"<p>El presidente cuestion\u00f3 el funcionamiento del \u00f3rgano m\u00e1ximo del Poder Judicial y neg\u00f3 que los planes de reformas en la Justicia que impulsa su Gobierno tengan como fin \u00abla impunidad de Cristina\u00bb.<\/p>\n<p>\u00abEl presidente Alberto Fern\u00e1ndez afirm\u00f3 este domingo que la Corte Suprema \u00abest\u00e1 mal\u00bb, y advirti\u00f3 que \u00ablo que era un tribunal prestigioso\u00bb se transform\u00f3 en \u00abun tribunal muy poco calificado socialmente\u00bb.<\/p>\n<p>\u00abLa Corte est\u00e1 mal y lo que era un tribunal prestigioso en los a\u00f1os de (el ex presidente) N\u00e9stor (Kirchner) hoy es un tribunal muy poco calificado socialmente\u00bb, resalt\u00f3 el jefe de Estado.<\/p>\n<p>Durante una entrevista con P\u00e1gina 12, el Presidente destac\u00f3 que \u00abla justicia tiene que darse cuenta de que est\u00e1 funcionando mal\u00bb, y precis\u00f3: \u00abLos argentinos tenemos que darnos cuenta que cada vez que uno habla de la justicia, inmediatamente los medios plantean que estamos buscando la impunidad de Cristina y eso no es as\u00ed\u00bb.<\/p>\n<p>En ese marco, afirm\u00f3 que la vicepresidenta Cristina Kirchner \u00abquiere que haya un sistema legal que le permita probar su inocencia y no un sistema de persecuci\u00f3n que no quiere escucharla\u00bb.<\/p>\n<p>Consultado sobre su perspectiva respecto de ampliar el n\u00famero de integrantes de la Corte, respondi\u00f3: \u00abSupongamos que ampliamos a 9, a 12, a 44 miembros la Corte Suprema. Mientras siga con las mismas l\u00f3gicas del presente, donde uno llega con un recurso extraordinario y con arbitrariedad dicen cu\u00e1l toman y cu\u00e1l no, nada va a servir\u00bb.<\/p>\n<p>\u00abHay un problema de inicio de origen en el funcionamiento de la Corte que es el alcance del recurso extraordinario\u00bb, subray\u00f3 Fern\u00e1ndez.<\/p>\n<p>En esa l\u00ednea, el Presidente afirm\u00f3 que \u00abla crisis de la justicia es un tema que no se debat\u00eda y que hoy se debate. Es un tema que estaba oculto y que hoy est\u00e1 presente\u00bb.<\/p>\n<p>\u00abY yo lo he puesto en el escenario. Esto antes no se hablaba as\u00ed y as\u00ed habla el Presidente. Ahora, claro, tengo cierta impotencia porque es un poder aut\u00f3nomo en la Rep\u00fablica y como yo soy un republicano de verdad, respeto esa autonom\u00eda, pero no quiere decir que yo avale lo que ellos hacen\u00bb, enfatiz\u00f3.<\/p>\n<p>Respecto de la situaci\u00f3n judicial de la dirigente social Milagro Sala, el jefe de Estado explic\u00f3: \u00abYo creo que hay un caso del lawfare por antonomasia y es el de Milagro Sala\u00bb.<\/p>\n<p>\u00abFue perseguida por la justicia juje\u00f1a. Con una finalidad pol\u00edtica. Se construye un escenario judicial en torno a ella que le est\u00e1 haciendo padecer una detenci\u00f3n absolutamente impropia\u00bb, manifest\u00f3.<\/p>\n<p>Fern\u00e1ndez revel\u00f3 que habl\u00f3 del tema con el gobernador de Jujuy, Gerardo Morales, pero \u00abno comparte\u00bb su \u00abopini\u00f3n\u00bb, y ampli\u00f3: \u00abA Morales lo eligieron los juje\u00f1os. Y yo tengo que respetar eso\u00bb.<\/p>\n<p>\u00abAhora, eso no quiere decir que yo comparta lo que ha pasado con Milagro Sala. Cuando ped\u00ed autorizaci\u00f3n para ir a verla (en 2016), me la dieron para el 31 de diciembre a las 4 de la tarde\u00bb, relat\u00f3 el Presidente.<\/p>\n<p>En esa l\u00ednea, continu\u00f3: \u00abMe present\u00e9 con mi credencial de abogado, me hicieron pasar a una sala donde me sacaron toda la ropa para controlar. Nunca en mi vida profesional viv\u00ed eso. Nunca. A\u00fan as\u00ed, la vi y pude dar testimonio ante la CIDH de lo que estaba pasando\u00bb.<\/p>\n<p>Por \u00faltimo, consider\u00f3 que la Corte \u00abdeber\u00eda revisar con cuidado lo que ha pasado en el caso Milagro Sala, con cuidado y con atenci\u00f3n\u00bb.<\/p>\n<h6>Fuente: El Litoral<\/h6>\n","protected":false},"excerpt":{"rendered":"<p>El presidente\u00a0cuestion\u00f3\u00a0el funcionamiento del \u00f3rgano m\u00e1ximo del Poder Judicial y\u00a0neg\u00f3 que los planes de reformas en la Justicia que impulsa su Gobierno tengan como fin \u00abla impunidad de Cristina\u00bb.\u00a0<\/p>\n","protected":false},"author":2,"featured_media":112118,"comment_status":"closed","ping_status":"closed","sticky":false,"template":"","format":"standard","meta":{"footnotes":""},"categories":[4],"tags":[21],"class_list":["post-112117","post","type-post","status-publish","format-standard","has-post-thumbnail","hentry","category-informe-politico","tag-argentina"],"_links":{"self":[{"href":"http:\/\/argentinamunicipal.com.ar\/argentina\/wp-json\/wp\/v2\/posts\/112117","targetHints":{"allow":["GET"]}}],"collection":[{"href":"http:\/\/argentinamunicipal.com.ar\/argentina\/wp-json\/wp\/v2\/posts"}],"about":[{"href":"http:\/\/argentinamunicipal.com.ar\/argentina\/wp-json\/wp\/v2\/types\/post"}],"author":[{"embeddable":true,"href":"http:\/\/argentinamunicipal.com.ar\/argentina\/wp-json\/wp\/v2\/users\/2"}],"replies":[{"embeddable":true,"href":"http:\/\/argentinamunicipal.com.ar\/argentina\/wp-json\/wp\/v2\/comments?post=112117"}],"version-history":[{"count":0,"href":"http:\/\/argentinamunicipal.com.ar\/argentina\/wp-json\/wp\/v2\/posts\/112117\/revisions"}],"wp:featuredmedia":[{"embeddable":true,"href":"http:\/\/argentinamunicipal.com.ar\/argentina\/wp-json\/wp\/v2\/media\/112118"}],"wp:attachment":[{"href":"http:\/\/argentinamunicipal.com.ar\/argentina\/wp-json\/wp\/v2\/media?parent=112117"}],"wp:term":[{"taxonomy":"category","embeddable":true,"href":"http:\/\/argentinamunicipal.com.ar\/argentina\/wp-json\/wp\/v2\/categories?post=112117"},{"taxonomy":"post_tag","embeddable":true,"href":"http:\/\/argentinamunicipal.com.ar\/argentina\/wp-json\/wp\/v2\/tags?post=112117"}],"curies":[{"name":"wp","href":"https:\/\/api.w.org\/{rel}","templated":true}]}}