{"id":112129,"date":"2021-02-08T06:48:14","date_gmt":"2021-02-08T09:48:14","guid":{"rendered":"http:\/\/argentinamunicipal.com.ar\/argentina\/?p=112129"},"modified":"2021-02-08T06:48:14","modified_gmt":"2021-02-08T09:48:14","slug":"por-que-rosario-no-tiene-ni-siquiera-un-solo-museo-nacional","status":"publish","type":"post","link":"http:\/\/argentinamunicipal.com.ar\/argentina\/por-que-rosario-no-tiene-ni-siquiera-un-solo-museo-nacional\/","title":{"rendered":"\u00bfPor qu\u00e9 Rosario no tiene ni siquiera un solo museo nacional?"},"content":{"rendered":"<p>De 47 dependencias que est\u00e1n a cargo del Ministerio de Cultura de la Naci\u00f3n, 39 tienen su sede en la ciudad de Buenos Aires, y ninguna en la provincia de Santa Fe. El centralismo porte\u00f1o es voraz.<\/p>\n<p>La presencia del Estado nacional en la cultura de Rosario es inexistente. Solo promesas hasta ahora incumplidas. Nada muy diferente a lo que sucede en el resto del interior del pa\u00eds. El Ministerio de Cultura de la Naci\u00f3n tiene 27 museos, 19 de los cuales funcionan en la ciudad de Buenos Aires y de los ocho restantes ninguno en la provincia de Santa Fe; y doce institutos y ocho organismos, todos ellos con sede en la Capital Federal. Una prueba m\u00e1s de la macrocefalia que padece la Argentina. El centralismo porte\u00f1o fue y es voraz.<br \/>\nHace un a\u00f1o, el 19 de febrero de 2020, la secretaria de Patrimonio Cultural de la Naci\u00f3n, Valeria Gonz\u00e1lez, anunci\u00f3 que uno de los objetivos principales de su gesti\u00f3n era que el Museo Nacional del Grabado, que funciona en Capital Federal, se mude a Rosario en el marco de una decisi\u00f3n que responde a \u201cuna mirada federal\u201d.\u00a0\u201cLa idea es convertir el Museo del Grabado en un museo de la gr\u00e1fica. El sue\u00f1o del ministro de Cultura (Trist\u00e1n Bauer) es que este museo pueda tomar lugar no solo en la ciudad de la Bandera, sino que adem\u00e1s podr\u00edamos llamarla la ciudad de la gr\u00e1fica, que es Rosario\u201d (ver ac\u00e1). Pero doce meses despu\u00e9s no se avanz\u00f3 ni un cent\u00edmetro con esta iniciativa. \u201cNo tenemos nada al respecto. Todo el a\u00f1o de pandemia fren\u00f3 ese proyecto. No hay nada nuevo\u201d, es lo que repiten por estos d\u00edas en el Ministerio de Cultura de la Naci\u00f3n cuando alguien indaga sobre qu\u00e9 pas\u00f3 con esta \u201cmirada federal\u201d. En rigor, nadie dice que la iniciativa no siga en pie, pero los antecedentes no son favorables.<\/p>\n<p>Es que los memoriosos recuerdan que el 17 de septiembre de 2003 el entonces secretario de Cultura de la Naci\u00f3n, Torcuato Di Tella, hab\u00eda anunciado que el Museo Nacional de Arte Oriental, con sede en Capital Federal, se mudar\u00eda a Rosario. \u201cLa concentraci\u00f3n de la oferta cultural en Buenos Aires no es buena, porque somos un pa\u00eds, no un mercado\u201d, argumentaba el entonces funcionario para justificar el proyecto. R\u00e1pido de reflejos, una semana despu\u00e9s el establishment porte\u00f1o reaccion\u00f3 sin sutilezas a trav\u00e9s de la entonces vicepresidenta de la Asociaci\u00f3n de Amigos del Museo de Arte Oriental, Elsie de Rivero Haedo: \u201cTrasladarlo a Rosario es fatal: ser\u00e1 el fin del museo. Adem\u00e1s, la gente que don\u00f3 piezas ya amenaz\u00f3 con que va a retirarlas si se traslada. A Rosario no va a ir ning\u00fan diplom\u00e1tico a menos que lo lleven de la oreja\u201d. As\u00ed y todo, el 3 de diciembre de ese mismo a\u00f1o Di Tella lleg\u00f3 a Rosario para recorrer lo que iba a ser la sede de ese museo: el antiguo edificio del Banco Naci\u00f3n, de San Mart\u00edn 750 (se firm\u00f3 hasta un comodato para la cesi\u00f3n del inmueble). Y dijo ante la prensa local que en seis meses se mudar\u00eda desde Buenos Aires. Entre idas y vueltas los semestres comenzaron a acumularse. Y finalmente todo qued\u00f3 en la nada (ver ac\u00e1).<\/p>\n<p>Esto contrasta con la generosidad que hasta ahora siempre exhibi\u00f3 el Estado nacional, tanto con gobiernos peronistas o antiperonistas, para seguir sumando oferta cultural en Buenos Aires. Es lo que ocurri\u00f3 hace apenas una semana: el Ministerio de Cultura de la Naci\u00f3n anunci\u00f3 que se hizo cargo del Centro Cultural Borges, que funciona en las Galer\u00edas Pac\u00edfico de la ciudad de Buenos Aires y que estaba gestionado por una fundaci\u00f3n privada que ahora aduce problemas econ\u00f3micos para poder seguir con la actividad (ver ac\u00e1). Con el mismo criterio, \u00bfpor qu\u00e9 el Estado nacional no se hace cargo econ\u00f3micamente tambi\u00e9n del Museo Castagnino de Rosario, donde las goteras producto del mal estado edilicio casi arruinan la semana pasada un cuadro de Lucio Fontana tasado en seis millones de euros?<\/p>\n<p>Con el Centro Cultural Borges ahora solventado con los impuestos de todos los argentinos, el Ministerio de Cultura ya tiene a su cargo ocho organismos, todos con sede en la ciudad de Buenos Aires. A esto se suman 27 museos nacionales, 19 en Capital Federal y ocho repartidos en las provincias de C\u00f3rdoba (2), Salta, San Juan, Tucum\u00e1n, Jujuy, Entre R\u00edos y Buenos Aires. Y la lista se completa con 12 institutos, que tambi\u00e9n funcionan en el distrito porte\u00f1o (hasta qu\u00e9 punto se naturaliza el centralismo porte\u00f1o que no hace ni ruido que el Belgraniano no tenga la sede en Rosario o el Sanmartiano en Mendoza). Toda una vasta oferta cultural del Estado nacional para los porte\u00f1os, que pueden disfrutar de la Biblioteca Nacional, el Museo de Bellas Artes, el Teatro Cervantes o el Centro Cultural Kirchner, entre otros.<\/p>\n<p>De ah\u00ed que no sorprende cuando se ven los n\u00fameros del Ministerio de Cultura de la Naci\u00f3n: para este a\u00f1o\u00a0tiene un presupuesto total de $9.134 millones, de los cuales $7.949 millones (el 90%) los gastar\u00e1 en la ciudad de Buenos Aires\u00a0(ver ac\u00e1).<\/p>\n<p>De esta manera, el Estado nacional potencia una especie de darwinismo cultural, favoreciendo con infraestructura y recursos al distrito m\u00e1s fuerte.<\/p>\n<p>As\u00ed y todo, una esperanza se prendi\u00f3 en noviembre pasado cuando el Congreso nacional sancion\u00f3 un proyecto enviado por el presidente Alberto Fern\u00e1ndez que cre\u00f3 24 capitales alternas en el interior del pa\u00eds (una de ellas Rosario), donde el gabinete ya empez\u00f3 a realizar peri\u00f3dicamente reuniones de trabajo. En la misma iniciativa se aprob\u00f3 que el Ministerio del Interior coordinar\u00e1 el proceso de evaluaci\u00f3n y selecci\u00f3n de los organismos y entidades del sector p\u00fablico nacional cuyas sedes centrales ser\u00e1n relocalizadas desde la ciudad de Buenos Aires al interior del pa\u00eds. Si esta ley no termina en una expresi\u00f3n de buenos deseos deber\u00eda ser el principio de una esperada descentralizaci\u00f3n de la Argentina.<\/p>\n<p>\u00bfPor qu\u00e9 la inmensa mayor\u00eda de las dependencias nacionales en todas las \u00e1reas del Estado tiene su sede en la ciudad de Buenos Aires? \u00bfEl Museo del Grabado finalmente llegar\u00e1 a Rosario? \u00bfPor qu\u00e9 el propio Ministerio de Cultura de la Naci\u00f3n no puede funcionar en C\u00f3rdoba, por ejemplo?\u00a0\u00bfPor qu\u00e9 la sede del Instituto Nacional de Tecnolog\u00eda Agropecuaria (Inta) no est\u00e1 en Rosario, la de YPF en Neuqu\u00e9n, la de Parques Nacionales en Bariloche o la del Instituto de Asuntos Ind\u00edgenas en Resistencia o Jujuy?<\/p>\n<p>Hay que romper con el centralismo porte\u00f1o descentralizando y federalizando el Estado nacional. Es una necesidad imperiosa para tener un pa\u00eds con un desarrollo m\u00e1s equilibrado en lo pol\u00edtico, econ\u00f3mico, social y cultural.<\/p>\n<h6>Fuente: La Capital<\/h6>\n","protected":false},"excerpt":{"rendered":"<p>De 47 dependencias que est\u00e1n a cargo del Ministerio de Cultura de la Naci\u00f3n, 39 tienen su sede en la ciudad de Buenos Aires, y ninguna en la provincia de Santa Fe. El centralismo porte\u00f1o es voraz.<\/p>\n","protected":false},"author":2,"featured_media":112130,"comment_status":"closed","ping_status":"closed","sticky":false,"template":"","format":"standard","meta":{"footnotes":""},"categories":[2],"tags":[10],"class_list":["post-112129","post","type-post","status-publish","format-standard","has-post-thumbnail","hentry","category-informe-municipal","tag-santa-fe"],"_links":{"self":[{"href":"http:\/\/argentinamunicipal.com.ar\/argentina\/wp-json\/wp\/v2\/posts\/112129","targetHints":{"allow":["GET"]}}],"collection":[{"href":"http:\/\/argentinamunicipal.com.ar\/argentina\/wp-json\/wp\/v2\/posts"}],"about":[{"href":"http:\/\/argentinamunicipal.com.ar\/argentina\/wp-json\/wp\/v2\/types\/post"}],"author":[{"embeddable":true,"href":"http:\/\/argentinamunicipal.com.ar\/argentina\/wp-json\/wp\/v2\/users\/2"}],"replies":[{"embeddable":true,"href":"http:\/\/argentinamunicipal.com.ar\/argentina\/wp-json\/wp\/v2\/comments?post=112129"}],"version-history":[{"count":0,"href":"http:\/\/argentinamunicipal.com.ar\/argentina\/wp-json\/wp\/v2\/posts\/112129\/revisions"}],"wp:featuredmedia":[{"embeddable":true,"href":"http:\/\/argentinamunicipal.com.ar\/argentina\/wp-json\/wp\/v2\/media\/112130"}],"wp:attachment":[{"href":"http:\/\/argentinamunicipal.com.ar\/argentina\/wp-json\/wp\/v2\/media?parent=112129"}],"wp:term":[{"taxonomy":"category","embeddable":true,"href":"http:\/\/argentinamunicipal.com.ar\/argentina\/wp-json\/wp\/v2\/categories?post=112129"},{"taxonomy":"post_tag","embeddable":true,"href":"http:\/\/argentinamunicipal.com.ar\/argentina\/wp-json\/wp\/v2\/tags?post=112129"}],"curies":[{"name":"wp","href":"https:\/\/api.w.org\/{rel}","templated":true}]}}