{"id":112133,"date":"2021-02-09T05:12:50","date_gmt":"2021-02-09T08:12:50","guid":{"rendered":"http:\/\/argentinamunicipal.com.ar\/argentina\/?p=112133"},"modified":"2021-02-08T14:32:33","modified_gmt":"2021-02-08T17:32:33","slug":"carlos-paz-difunden-carta-de-apoyo-en-defensa-de-las-cooperativas-y-la-economia-social","status":"publish","type":"post","link":"http:\/\/argentinamunicipal.com.ar\/argentina\/carlos-paz-difunden-carta-de-apoyo-en-defensa-de-las-cooperativas-y-la-economia-social\/","title":{"rendered":"Carlos Paz: Difunden carta de apoyo en defensa de las cooperativas y la Econom\u00eda Social"},"content":{"rendered":"<p>En respaldo a la Coopi de Villa Carlos Paz, distintas entidades cooperativistas realizar\u00e1n una caravana con destino al municipio tur\u00edstico el mi\u00e9rcoles 10 de febrero, a las 10.<\/p>\n<p>El conflicto originado en torno a la quita del servicio de agua potable a la Cooperativa integral de Villa Carlos Paz por parte de la Municipalidad de Villa Carlos Paz, sum\u00f3 un nuevo cap\u00edtulo\u00a0en las \u00faltimas horas con una solicitad de apoyo que\u00a0emitieron otras entidades y federaciones cooperativistas y el Instituto Movilizador de Fondos Coooperativos.<\/p>\n<p>En la misma anuncian una\u00a0caravana hasta el municipio tur\u00edstico en apoyo a la Coopi el pr\u00f3ximo mi\u00e9rcoles 10 de febrero a las 10 horas.<\/p>\n<p>\u00abAnte el avance sistem\u00e1tico de destrucci\u00f3n Institucional por parte del Poder Ejecutivo de la Municipalidad de Villa Carlos Paz mediante la quita injustificada de la prestaci\u00f3n del servicio de agua que brinda la Cooperativa Integral de Villa Carlos Paz (COOPI)\u00a0exigimos una instancia de di\u00e1logo local y una mediaci\u00f3n provincial y nacional en el conflicto que permita llegar a un acuerdo de trabajo conjunto municipio\/cooperativa por el bien de la comunidad;\u00a0de la posibilidad que adultos accedan a la educaci\u00f3n, como as\u00ed tambi\u00e9n el acceso al<br \/>\nservicio de internet\/telefon\u00eda o a talleres art\u00edsticos-culturales, y todo ello, con la consiguiente p\u00e9rdida para 400 familias de sus fuentes de trabajo y sustento socializador\u00bb, se\u00f1ala el texto de la convocatoria.<\/p>\n<p>\u00abNo se puede avalar una quita de concesi\u00f3n de prestaci\u00f3n de Servicios P\u00fablicos basada en arbitrariedades del Ejecutivo Local desestimando hasta la propia Carta Org\u00e1nica Municipal, la cual exige mayor\u00edas especiales de su<br \/>\nConcejo de Representantes para la quita de la concesi\u00f3n de este tipo de servicios\u00bb, asevera tambi\u00e9n.<\/p>\n<p>\u00abLa inminente acci\u00f3n que podr\u00eda concretarse el\u00a0pr\u00f3ximo 26 de febrero de 2021 pone en riesgo, no s\u00f3lo la subsistencia de la Cooperativa, sino el bien com\u00fan social y ambiental de la regi\u00f3n.\u00a0Esto significar\u00e1 una p\u00e9rdida para m\u00e1s de 150.000 usuarios de Carlos Paz y Zona, que dejar\u00e1n de recibir un servicio de agua eficaz, eficiente y de calidad, que padecer\u00e1n la desaparici\u00f3n del banco de sangre, que ha salvado la vida de nuestras familias, vecinos y afectos cercanos, o precisamente, en momentos en que la sociedad reclama m\u00e1s \u00abinstitucionalidad\u00bb, la Municipalidad de Villa Carlos Paz atenta contra una Instituci\u00f3n aut\u00f3noma y democr\u00e1tica basada en los preceptos del cooperativismo, que hace 57 a\u00f1os viene aportando econ\u00f3mica, social y culturalmente al desarrollo local de la villa\u00bb, indica tambi\u00e9n.<\/p>\n<p>La solicitada es firmada por: COOPERAR (Confederaci\u00f3n de Cooperativas de la Rep\u00fablica Argentina); CAM (Confederaci\u00f3n Argentina de Mutualismo); FECESCOR (Federaci\u00f3n de Cooperativas El\u00e9ctricas y de Obras y Servicios P\u00fablicos de la Provincia de C\u00f3rdoba); FACE Cba (Federaci\u00f3n Argentina de Cooperativas de Electricidad y Otros Servicios P\u00fablicos); IMFC Cba (Instituto Movilizador de Fondos Cooperativos), ARCOOP (Asociaci\u00f3n Regional de Cooperativas); COLSECOR (Cooperativa de Provisi\u00f3n y Comercializaci\u00f3n de Servicios Comunitarios de<br \/>\nRadiodifusi\u00f3n); FECOSEP (Federaci\u00f3n de Cooperativas de Obras y Servicios P\u00fablicos y Sociales Limitada-Cba.); IFICOTRA (Instituto para el Financiamiento de Cooperativas de Trabajo); CTF Sur (Cooperativas de Trabajo Federadas del Sur de C\u00f3rdoba); FESUBGAS (Federaci\u00f3n de Subdistribuidores de Gas de la Rep\u00fablica Argentina), FAESS (Federaci\u00f3n Argentina de Entidades Solidarias de Salud), FEMUCOR (Federaci\u00f3n de Mutualidades de C\u00f3rdoba).<\/p>\n<p>Asimismo, anticipa que el movimiento cooperativo y mutual se movilizar\u00e1 al municipio de Villa Carlos Paz para\u00a0solicitar al intendente Daniel G\u00f3mez Gesteira que genere una instancia de di\u00e1logo que habilite un trabajo<br \/>\ncooperativo conjunto por el bien de la comunidad. Ser\u00e1 el 10 de febrero a las 10 horas,\u00a0con concentraci\u00f3n en sobre la colectora Autopista Justiniano Posse a la altura del Espacio de la Memoria La Perla.<\/p>\n<p>Movilizaci\u00f3n frente al Ministerio de Trabajo<br \/>\nEste lunes a las 11,se concretar\u00e1 una nueva audiencia en el Ministerio de Trabajo en la sede de Avenida Rogelio Nores Mart\u00ednez 2649, en C\u00f3rdoba capital. Los trabajadores y las trabajadoras se manifestar\u00e1n en la ocasi\u00f3n en defensa del servicio de agua de calidad y de las fuentes de trabajo dignas que garantiza la Coopi.<\/p>\n<h6>Fuente: La Nueva Ma\u00f1ana<\/h6>\n","protected":false},"excerpt":{"rendered":"<p>En respaldo a la Coopi de Villa Carlos Paz, distintas entidades cooperativistas realizar\u00e1n una caravana con destino al municipio tur\u00edstico el mi\u00e9rcoles 10 de febrero, a las 10.<\/p>\n","protected":false},"author":2,"featured_media":112134,"comment_status":"closed","ping_status":"closed","sticky":false,"template":"","format":"standard","meta":{"footnotes":""},"categories":[2],"tags":[3],"class_list":["post-112133","post","type-post","status-publish","format-standard","has-post-thumbnail","hentry","category-informe-municipal","tag-cordoba"],"_links":{"self":[{"href":"http:\/\/argentinamunicipal.com.ar\/argentina\/wp-json\/wp\/v2\/posts\/112133","targetHints":{"allow":["GET"]}}],"collection":[{"href":"http:\/\/argentinamunicipal.com.ar\/argentina\/wp-json\/wp\/v2\/posts"}],"about":[{"href":"http:\/\/argentinamunicipal.com.ar\/argentina\/wp-json\/wp\/v2\/types\/post"}],"author":[{"embeddable":true,"href":"http:\/\/argentinamunicipal.com.ar\/argentina\/wp-json\/wp\/v2\/users\/2"}],"replies":[{"embeddable":true,"href":"http:\/\/argentinamunicipal.com.ar\/argentina\/wp-json\/wp\/v2\/comments?post=112133"}],"version-history":[{"count":0,"href":"http:\/\/argentinamunicipal.com.ar\/argentina\/wp-json\/wp\/v2\/posts\/112133\/revisions"}],"wp:featuredmedia":[{"embeddable":true,"href":"http:\/\/argentinamunicipal.com.ar\/argentina\/wp-json\/wp\/v2\/media\/112134"}],"wp:attachment":[{"href":"http:\/\/argentinamunicipal.com.ar\/argentina\/wp-json\/wp\/v2\/media?parent=112133"}],"wp:term":[{"taxonomy":"category","embeddable":true,"href":"http:\/\/argentinamunicipal.com.ar\/argentina\/wp-json\/wp\/v2\/categories?post=112133"},{"taxonomy":"post_tag","embeddable":true,"href":"http:\/\/argentinamunicipal.com.ar\/argentina\/wp-json\/wp\/v2\/tags?post=112133"}],"curies":[{"name":"wp","href":"https:\/\/api.w.org\/{rel}","templated":true}]}}