{"id":112136,"date":"2021-02-08T04:00:26","date_gmt":"2021-02-08T07:00:26","guid":{"rendered":"http:\/\/argentinamunicipal.com.ar\/argentina\/?p=112136"},"modified":"2021-02-08T14:41:53","modified_gmt":"2021-02-08T17:41:53","slug":"la-francia-aporto-las-primeras-750-cubiertas-para-fabricar-cemento","status":"publish","type":"post","link":"http:\/\/argentinamunicipal.com.ar\/argentina\/la-francia-aporto-las-primeras-750-cubiertas-para-fabricar-cemento\/","title":{"rendered":"La Francia aport\u00f3 las primeras 750 cubiertas para fabricar cemento"},"content":{"rendered":"<p>Se trata del segundo cami\u00f3n que parte hacia la planta de Holcim, en Malague\u00f1o. El pr\u00f3ximo objetivo es la recolecci\u00f3n de aceite de cocina, para su venta y elaboraci\u00f3n de biodiesel.<\/p>\n<p>Hace aproximadamente cuatro meses, el municipio puso en marcha la campa\u00f1a de recolecci\u00f3n de neum\u00e1ticos en desuso.\u00a0Recientemente realiz\u00f3 la segunda entrega de 400 cubiertas que ser\u00e1n coprocesadas de manera sustentable por la empresa Holcim en Malague\u00f1o.<\/p>\n<p>Junto a la primera carga realizada hace unos dos meses, el pueblo ya aport\u00f3 750 unidades que son destinadas a la fabricaci\u00f3n de cemento.<\/p>\n<p>Para recuperarlos, Holcim posee un programa que bautiz\u00f3 como \u00b4Neumaton\u00b4, a partir del cual los neum\u00e1ticos son integrados en el proceso productivo del cemento para aprovechar su energ\u00eda reemplazando el uso de combustibles f\u00f3siles y recursos naturales no renovables.<\/p>\n<p>La campa\u00f1a sigue en marcha como muchas otras de las que se propuso el municipio para \u00abdarle una mano\u00bb al ambiente y en los pr\u00f3ximos d\u00edas sumar\u00e1 la recolecci\u00f3n de aceite vegetal usado.<\/p>\n<p><strong>Pioneros<\/strong><br \/>\nLa Francia tom\u00f3 la posta en la iniciativa de reciclar neum\u00e1ticos, a la que luego se sumaron otros municipios de la regi\u00f3n como San Francisco, Devoto y Porte\u00f1a. As\u00ed lo destac\u00f3 la encargada del \u00e1rea de Ambiente Carmen Molina Fern\u00e1ndez.<\/p>\n<p>\u00abEn cuatro meses logramos recolectar 750 neum\u00e1ticos que ser\u00e1n destinados a coprocesamiento para luego obtener cemento\u00bb,\u00a0puntualiz\u00f3 la funcionaria municipal.<\/p>\n<p>En este sentido remarc\u00f3 la respuesta de los vecinos. \u00abLa campa\u00f1a super\u00f3 nuestras expectativas. Cuando salimos a recolectar las chatarras ve\u00edamos la necesidad de los neum\u00e1ticos, ya que nadie los llevaba\u00bb.<\/p>\n<p>Asimismo record\u00f3 que \u00ablas campa\u00f1as tratamos de instituirlas como permanentes para que la gente pueda seguir sacando\u00bb. Y que en este caso, los neum\u00e1ticos se recolectan martes y jueves.<\/p>\n<p><strong>Puntos limpios en los\u00a0barrios para el aceite<\/strong><br \/>\nUn acuerdo similar al celebrado con Holcim es el que rubric\u00f3 el municipio de La Francia con Ambiental Cor, una empresa cordobesa que recolecta el aceite vegetal usado de cocina, lo filtra y lo vende para la elaboraci\u00f3n de biodiesel.<\/p>\n<p>Al respecto, Molina Fern\u00e1ndez anunci\u00f3 que en los pr\u00f3ximos d\u00edas se pondr\u00e1 en marcha la campa\u00f1a de recolecci\u00f3n de este fluido.\u00a0\u00abLa idea es que la gente vaya recolectando el aceite usado y en aproximadamente un mes dispondr\u00e1 de puntos limpios en los barrios donde podr\u00e1 llenar las botellas con el aceite\u00bb.<\/p>\n<p>\u00abLuego, la empresa ser\u00e1 la encargada de la recolecci\u00f3n\u00bb, agreg\u00f3.<\/p>\n<p>La funcionaria municipal estim\u00f3 que en el pueblo se desechan alrededor de 4.000 litros mensuales de aceite de cocina, el cual a partir de esta iniciativa se podr\u00e1 reciclar.<\/p>\n<p><strong>Vereda sustentable\u00a0con tapitas pl\u00e1sticas\u00a0<\/strong><\/p>\n<p>Otro de los materiales que recupera el pueblo es el pl\u00e1stico, a trav\u00e9s de diferentes iniciativas. Una de ellas es a trav\u00e9s de las ecobotellas que ser\u00e1n destinadas a la construcci\u00f3n de una vivienda ecol\u00f3gica, algo que ya se prev\u00e9 desde el a\u00f1o pasado.<\/p>\n<p>Ahora, proyectan contar con la primera vereda sustentable a partir de la utilizaci\u00f3n de tapitas pl\u00e1sticas que fueron recolectadas en Plaza San Mart\u00edn donde se dispuso una gran estructura en forma de coraz\u00f3n.<\/p>\n<p>\u00abSe llen\u00f3 por primera vez y ya fue vaciado para continuar con la campa\u00f1a\u00bb, dijo la encargada de Ambiente.<\/p>\n<p>Asimismo precis\u00f3 que\u00a0\u00abuna parte de las tapitas ser\u00e1n vendidas para y los fondos se volcar\u00e1n tambi\u00e9n a proyectos sustentables, con la otra parte se construir\u00e1 una vereda sustentable en el sector del ferrocarril que se est\u00e1 recuperando como paseo recreativo\u00bb.<\/p>\n<p>En ese mismo sector\u00a0quieren crear un \u00ab\u00e1rea verde\u00bb con contenedores para recolectar\u00a0latas, vidrios, pl\u00e1stico y papel.<\/p>\n<h6>Fuente: La Voz de San Justo<\/h6>\n","protected":false},"excerpt":{"rendered":"<p>Se trata del segundo cami\u00f3n que parte hacia la planta de Holcim, en Malague\u00f1o. El pr\u00f3ximo objetivo es la recolecci\u00f3n de aceite de cocina, para su venta y elaboraci\u00f3n de biodiesel.<\/p>\n","protected":false},"author":2,"featured_media":112137,"comment_status":"closed","ping_status":"closed","sticky":false,"template":"","format":"standard","meta":{"footnotes":""},"categories":[2],"tags":[3],"class_list":["post-112136","post","type-post","status-publish","format-standard","has-post-thumbnail","hentry","category-informe-municipal","tag-cordoba"],"_links":{"self":[{"href":"http:\/\/argentinamunicipal.com.ar\/argentina\/wp-json\/wp\/v2\/posts\/112136","targetHints":{"allow":["GET"]}}],"collection":[{"href":"http:\/\/argentinamunicipal.com.ar\/argentina\/wp-json\/wp\/v2\/posts"}],"about":[{"href":"http:\/\/argentinamunicipal.com.ar\/argentina\/wp-json\/wp\/v2\/types\/post"}],"author":[{"embeddable":true,"href":"http:\/\/argentinamunicipal.com.ar\/argentina\/wp-json\/wp\/v2\/users\/2"}],"replies":[{"embeddable":true,"href":"http:\/\/argentinamunicipal.com.ar\/argentina\/wp-json\/wp\/v2\/comments?post=112136"}],"version-history":[{"count":0,"href":"http:\/\/argentinamunicipal.com.ar\/argentina\/wp-json\/wp\/v2\/posts\/112136\/revisions"}],"wp:featuredmedia":[{"embeddable":true,"href":"http:\/\/argentinamunicipal.com.ar\/argentina\/wp-json\/wp\/v2\/media\/112137"}],"wp:attachment":[{"href":"http:\/\/argentinamunicipal.com.ar\/argentina\/wp-json\/wp\/v2\/media?parent=112136"}],"wp:term":[{"taxonomy":"category","embeddable":true,"href":"http:\/\/argentinamunicipal.com.ar\/argentina\/wp-json\/wp\/v2\/categories?post=112136"},{"taxonomy":"post_tag","embeddable":true,"href":"http:\/\/argentinamunicipal.com.ar\/argentina\/wp-json\/wp\/v2\/tags?post=112136"}],"curies":[{"name":"wp","href":"https:\/\/api.w.org\/{rel}","templated":true}]}}