{"id":112144,"date":"2021-02-09T06:00:09","date_gmt":"2021-02-09T09:00:09","guid":{"rendered":"http:\/\/argentinamunicipal.com.ar\/argentina\/?p=112144"},"modified":"2021-02-09T06:00:09","modified_gmt":"2021-02-09T09:00:09","slug":"un-director-del-fmi-sugiere-que-la-argentina-podria-alcanzar-un-acuerdo-en-mayo","status":"publish","type":"post","link":"http:\/\/argentinamunicipal.com.ar\/argentina\/un-director-del-fmi-sugiere-que-la-argentina-podria-alcanzar-un-acuerdo-en-mayo\/","title":{"rendered":"Un director del FMI sugiere que la Argentina \u00abpodr\u00eda alcanzar un acuerdo en mayo\u00bb"},"content":{"rendered":"<p>Seg\u00fan Alejandro Werner, director del departamento Occidental del FMI, el Fondo apoyar\u00e1 \u00abun programa dom\u00e9stico que logre un buen equilibrio\u00bb, a la vez que se vayan \u00abrecuperando de efectos tan importantes que tuvo en la econom\u00eda argentina durante la pandemia\u00bb.<\/p>\n<p>La Argentina y el FMI negocian la reprogramaci\u00f3n de los US$ 45.000 millones de vencimientos que el pa\u00eds debe pagar al organismo, a ra\u00edz del \u00faltimo programa aprobado en 2018, durante la gesti\u00f3n de Mauricio Macri.<\/p>\n<p>El director del departamento Occidental del Fondo Monetario Internacional (FMI), Alejandro Werner, consider\u00f3 este lunes posible que la Argentina y el organismo logren alcanzar un acuerdo \u00aben mayo\u00bb como pretende el Gobierno Nacional.<\/p>\n<p>As\u00ed lo afirm\u00f3 durante la presentaci\u00f3n del informe de actualizaci\u00f3n de las perspectivas de Am\u00e9rica Latina, en la que indic\u00f3 que los equipos t\u00e9cnicos del FMI \u00abtrabajan intensamente y de manera importante para atender la necesidad de poder llegar a la fecha de mayo\u00bb.<\/p>\n<p>\u00abNo lo veo inviable; es ambiciosa y se tiene que trabajar de manera muy intensa para lograr los apoyos necesarios\u00bb, para alcanzar un acuerdo, dijo, acerca de la la fecha l\u00edmite de mayo que puso sobre la mesa el ministro de Econom\u00eda, Mart\u00edn Guzm\u00e1n.<\/p>\n<p>Con un acuerdo del FMI bajo el brazo, Guzm\u00e1n espera poder llegar con los tiempos para renegociar tambi\u00e9n la deuda con el Club de Paris, cuyos vencimientos por US$ 2.400 millones son en mayo.<\/p>\n<p>Seg\u00fan Werner, el Fondo apoyar\u00e1 \u00abun programa dom\u00e9stico que logre un buen equilibrio, entre ir moviendo la econom\u00eda argentina hacia una situaci\u00f3n en donde se vayan equilibrando las cuentas externas y la situaci\u00f3n fiscal y monetaria\u00bb, a la vez que se vayan \u00abrecuperando de efectos tan importantes que tuvo en la econom\u00eda argentina durante la pandemia\u00bb.<\/p>\n<p>La Argentina y el FMI negocian la reprogramaci\u00f3n de los US$ 45.000 millones de vencimientos que el pa\u00eds debe pagar al organismo\u00a0-a ra\u00edz del \u00faltimo programa aprobado en 2018-, a trav\u00e9s de un Acuerdo de Facilidades Extendidas.<\/p>\n<p>Este acuerdo, seg\u00fan las normas vigentes del Fondo, permitir\u00e1 a la Argentina estirar los pagos hasta 10 a\u00f1os, con cuatro a\u00f1os y medio de gracia.<\/p>\n<p>Consultado por la prensa argentina acerca de la posibilidad de que el pa\u00eds pueda negociar tambi\u00e9n un estiramiento de plazos mayor, por ejemplo a 20 a\u00f1os,\u00a0Werner manifest\u00f3 que esta repuesta est\u00e1 fuera de su alcance como t\u00e9cnico, y que, en \u00faltima instancia, se tratar\u00eda de un asunto del directorio.<\/p>\n<p>Asimismo, consultado sobre especulaciones por eventuales subas de las retenciones para contener los precios, Werner consider\u00f3 que, \u00abdesde el punto de vista inflacionario, el punto m\u00e1s importante para ir revirtiendo la tendencia a la alza, son las pol\u00edticas fiscales y monetarias que tengan un marco referencia de mediano plazo, que conduzca a la estabilizaci\u00f3n del crecimiento de los precios, y no tanto operar directamente sobre algunos precios\u00bb, expres\u00f3.<\/p>\n<p>Werner evit\u00f3, en el marco de las negociaciones secretas, referirse a las pol\u00edticas espec\u00edficas para combatir la inflaci\u00f3n en las que el FMI y el Gobierno argentino trabajan para alcanzar un acuerdo.<\/p>\n<p>No obstante, adelant\u00f3: \u00abNuestros equipos trabajan tanto con las autoridades del Banco Central como del Ministerio de Econom\u00eda, tratando de entender las causas de este incremento inflacionario que en el corto plazo puede tener diferentes fuentes y cu\u00e1l puede ser la respuesta dentro del contexto en que se negocia el acuerdo con las autoridades para contener la suba\u00bb,<\/p>\n<p>Werner ahond\u00f3 que, mientras duren las negociaciones, \u00abes prematuro hacer p\u00fablicos ciertos resultados preliminares que hacen actualmente tanto nuestro equipo como las autoridades\u00bb, aunque aclar\u00f3 que \u00abvemos muchos factores que han influido sobre este fen\u00f3meno\u00bb de la inflaci\u00f3n.<\/p>\n<p>Para el funcionario del FMI \u00abes importante un programa integral de pol\u00edticas p\u00fablicas que logre balancear el establecimiento y la normalizaci\u00f3n de variables financieras y de precios, y por otro lado seguir apoyando recuperaci\u00f3n despu\u00e9s de efectos tan devastadores de la pandemia\u00bb.<\/p>\n<p>El FMI considera que la Argentina crecer\u00e1 en 2021 un 4,5%, aunque la recuperaci\u00f3n no alcanzar\u00e1 para compensar la ca\u00edda de 10,4% estimada para 2020.<\/p>\n<p>Por \u00faltimo, para Am\u00e9rica Latina en general el Fondo observa una recuperaci\u00f3n de 4,1% \u00abincierta y desigual y que requiere un apoyo importante\u00bb de la comunidad internacional y del organismo en particular.<\/p>\n<p>\u00abM\u00e1s de 17 millones de personas entraron en la pobreza a ra\u00edz de la pandemia, con 18 millones de personas infectadas y medio mill\u00f3n de muertes\u00bb, expres\u00f3 Werner acerca de los resultados del efecto de la Covid-19 en la regi\u00f3n, por lo que llam\u00f3 a \u00abno retirar los apoyos fiscales\u00bb prematuramente.<\/p>\n<p>\u00abSe estima que Am\u00e9rica Latina retornar\u00e1 a los niveles previos de ingreso de los pa\u00edses en alrededor de 2023 y de ingreso per c\u00e1pita reci\u00e9n en 2025\u00bb, concluy\u00f3, tras indicar que 21 pa\u00edses de la regi\u00f3n recibieron asistencia por US$ 66.000 millones.<\/p>\n<h6>Fuente: Telam<\/h6>\n","protected":false},"excerpt":{"rendered":"<p>Seg\u00fan Alejandro Werner, director del departamento Occidental del FMI, el Fondo apoyar\u00e1 \u00abun programa dom\u00e9stico que logre un buen equilibrio\u00bb, a la vez que se vayan \u00abrecuperando de efectos tan importantes que tuvo en la econom\u00eda argentina durante la pandemia\u00bb.<\/p>\n","protected":false},"author":2,"featured_media":112145,"comment_status":"closed","ping_status":"closed","sticky":false,"template":"","format":"standard","meta":{"footnotes":""},"categories":[8],"tags":[21],"class_list":["post-112144","post","type-post","status-publish","format-standard","has-post-thumbnail","hentry","category-informe-nacional","tag-argentina"],"_links":{"self":[{"href":"http:\/\/argentinamunicipal.com.ar\/argentina\/wp-json\/wp\/v2\/posts\/112144","targetHints":{"allow":["GET"]}}],"collection":[{"href":"http:\/\/argentinamunicipal.com.ar\/argentina\/wp-json\/wp\/v2\/posts"}],"about":[{"href":"http:\/\/argentinamunicipal.com.ar\/argentina\/wp-json\/wp\/v2\/types\/post"}],"author":[{"embeddable":true,"href":"http:\/\/argentinamunicipal.com.ar\/argentina\/wp-json\/wp\/v2\/users\/2"}],"replies":[{"embeddable":true,"href":"http:\/\/argentinamunicipal.com.ar\/argentina\/wp-json\/wp\/v2\/comments?post=112144"}],"version-history":[{"count":0,"href":"http:\/\/argentinamunicipal.com.ar\/argentina\/wp-json\/wp\/v2\/posts\/112144\/revisions"}],"wp:featuredmedia":[{"embeddable":true,"href":"http:\/\/argentinamunicipal.com.ar\/argentina\/wp-json\/wp\/v2\/media\/112145"}],"wp:attachment":[{"href":"http:\/\/argentinamunicipal.com.ar\/argentina\/wp-json\/wp\/v2\/media?parent=112144"}],"wp:term":[{"taxonomy":"category","embeddable":true,"href":"http:\/\/argentinamunicipal.com.ar\/argentina\/wp-json\/wp\/v2\/categories?post=112144"},{"taxonomy":"post_tag","embeddable":true,"href":"http:\/\/argentinamunicipal.com.ar\/argentina\/wp-json\/wp\/v2\/tags?post=112144"}],"curies":[{"name":"wp","href":"https:\/\/api.w.org\/{rel}","templated":true}]}}