{"id":112150,"date":"2021-02-09T06:05:36","date_gmt":"2021-02-09T09:05:36","guid":{"rendered":"http:\/\/argentinamunicipal.com.ar\/argentina\/?p=112150"},"modified":"2021-02-09T06:05:36","modified_gmt":"2021-02-09T09:05:36","slug":"la-pandemia-y-el-cierre-de-fronteras-no-detienen-las-caravanas-migrantes-de-centroamerica","status":"publish","type":"post","link":"http:\/\/argentinamunicipal.com.ar\/argentina\/la-pandemia-y-el-cierre-de-fronteras-no-detienen-las-caravanas-migrantes-de-centroamerica\/","title":{"rendered":"La pandemia y el cierre de fronteras no detienen las caravanas migrantes de Centroam\u00e9rica"},"content":{"rendered":"<p>Estados Unidos, M\u00e9xico y Guatemala acordaron prohibir el paso contingentes de personas desplazadas hacia el norte. Sin embargo, el argumento de la emergencia sanitaria no detiene el flujo de quienes escapan de la pobreza y el hambre.<\/p>\n<p>Las caravanas de migrantes que parten cada a\u00f1o desde Centroam\u00e9rica hacia Estados Unidos\u00a0ten\u00edan entre sus m\u00e1ximos riesgos la posibilidad de ser\u00a0v\u00edctimas del crimen organizado y la trata de personas.\u00a0A esas amenazas se sumaron la pandemia y el cierre de fronteras.<\/p>\n<p>Sin embargo,\u00a0\u00abni la pandemia, ni sus consecuencias detienen el desplazamiento forzado\u00bb, afirm\u00f3 a T\u00e9lam Angelita Caredda, directora de Norte de Centroam\u00e9rica y M\u00e9xico para el Consejo Noruego para Refugiados.<\/p>\n<p>La \u00faltima gran columna parti\u00f3 a mitad de enero desde el norte de Honduras con la esperanza de que haya una flexibilizaci\u00f3n de las pol\u00edticas migratorias tras la llegada de Joe Biden a la Casa Blanca.<\/p>\n<p>A los pocos d\u00edas\u00a0la marcha fue frenada con palos y gases lacrim\u00f3genos por militares y polic\u00edas de Guatemala\u00a0en el departamento fronterizo de Chiquimula.<\/p>\n<p>La autorizaci\u00f3n para el uso de la fuerza parti\u00f3 de un decreto del presidente guatemalteco Alejandro Giammattei, con el argumento de evitar la propagaci\u00f3n de la Covid-19, detectada en una veintena de integrantes de las caravanas de unas 7.500 personas, entre ellos familias enteras con ni\u00f1os.<\/p>\n<p>\u00abLas autoridades guatemaltecas identificaron casos positivos entre la poblaci\u00f3n que se movilizaba desde Honduras y que se encontraba en Chiquimula. Pese a esta situaci\u00f3n, el temor por la expansi\u00f3n de la Covid-19 no puede ser una causante de deportaci\u00f3n\u00bb, afirm\u00f3 Caredda.<\/p>\n<p>La \u00faltima gran columna parti\u00f3 a mitad de enero desde el norte de Honduras.<\/p>\n<p>\u00abLos retos para garantizar la salud de la poblaci\u00f3n pueden y deben abordarse sabiendo que las personas solicitantes de asilo que huyen en estas caravanas pueden encontrar la muerte por el virus, pero tambi\u00e9n si son deportadas a sus lugares de origen\u00bb, agreg\u00f3 la directiva de la ONG humanitaria con presencia en 30 pa\u00edses.<\/p>\n<p>Tras la represi\u00f3n, la Organizaci\u00f3n Internacional para las Migraciones (OIM) pidi\u00f3 evitar el uso de la fuerza \u00abinjustificada o excesiva contra migrantes, solicitantes de asilo o refugiados\u00bb y el Secretariado Episcopal de Centroam\u00e9rica, que representa a obispos de la regi\u00f3n, inst\u00f3 a los Gobiernos a \u00abno vulnerar sus derechos humanos y tener una actitud profundamente humanitaria\u00bb.<\/p>\n<p>Pese a que el derecho internacional obliga a los pa\u00edses a proteger a solicitantes de asilo y refugiados,\u00a0autoridades de Estados Unidos, M\u00e9xico y Guatemala acordaron prohibir el paso de las caravanas de migrantes debido a la pandemia.<\/p>\n<p>\u00abNo vengan\u00bb, fue el mensaje del flamante secretario de Estado estadounidense, Antony Blinken, un antiguo defensor de los refugiados, cuando en la audiencia de confirmaci\u00f3n para el cargo que tuvo lugar en el Senado le preguntaron sobre la \u00faltima caravana.<\/p>\n<p>\u00abLas personas solicitantes de asilo que huyen en estas caravanas pueden encontrar la muerte por el virus, pero tambi\u00e9n si son deportadas a sus lugares de origen\u00bb\u00a0ANGELITA CAREDDA<\/p>\n<p>Sin embargo, el argumento de la emergencia sanitaria no parar\u00e1 el flujo migratorio, como explic\u00f3 Caredda: \u00abNi la pandemia, ni las consecuencias de la pandemia han detenido el desplazamiento forzado. Ni las cuarentenas, ni las medidas de distanciamiento social propuestas por los Gobiernos frenaron los reportes de amenazas, intimidaciones o extorsiones de grupos criminales\u00bb.<\/p>\n<p>\u00abUna persona que durante la cuarentena es amenazada tiene dos opciones: quedarse y cumplir con las medidas impuestas por su Gobierno y pagar el precio de las amenazas o huir y romper con la cuarentena. Cientos de personas no tienen otra opci\u00f3n que huir\u00bb, a\u00f1adi\u00f3.<\/p>\n<p><strong>Escapar del hambre y la pobreza<\/strong><\/p>\n<p>As\u00ed como la pandemia llev\u00f3 a los pa\u00edses a intensificar los controles en sus fronteras, tambi\u00e9n agrav\u00f3 la pobreza: el PBI de Honduras, punto de partida de las caravanas, se contrajo a la cifra r\u00e9cord de 10,5% en 2020, seg\u00fan admiti\u00f3 el presidente Juan Orlando Hern\u00e1ndez, muy cuestionado por la gesti\u00f3n ante el coronavirus y la crisis econ\u00f3mica.<\/p>\n<p>En noviembre del a\u00f1o pasado la ya dif\u00edcil situaci\u00f3n empeor\u00f3 con el paso de los huracanes Eta e Iota que afectaron a al menos 5,5 millones de personas en Centroam\u00e9rica, m\u00e1s de la mitad en Honduras (2,8 millones), seg\u00fan las cifras difundidas por el Consejo Noruego para los Refugiados que trabaja en el terreno para brindar asistencia.<\/p>\n<p>\u00abEl n\u00famero de personas que huyen a trav\u00e9s de las denominadas caravanas puede aumentar en 2021 si la situaci\u00f3n de violencia, los desastres y la pandemia no dan tregua a la poblaci\u00f3n\u00bb\u00a0ANGELITA CAREDDA<\/p>\n<p>Las consecuencias fueron devastadoras, relat\u00f3 Caredda: \u00abComunidades enteras fueron inundadas y miles de familias afectadas perdieron sus casas y todos sus bienes. Personas que no lograron acceder a los alojamientos de emergencia pasaron a vivir en la calle, debajo de puentes y en los costados de las rutas. Estas personas necesitan ser asistidas y protegidas, no es el momento de dejar a nadie atr\u00e1s\u00bb.<\/p>\n<p>La representante de la ONG indic\u00f3 que tres meses despu\u00e9s de los huracanes hay 6.937 personas en albergues, aunque hay muchas m\u00e1s que \u00abviven en condiciones a\u00fan m\u00e1s precarias, sin acceso a alojamiento, agua, elementos de higiene, salud o educaci\u00f3n\u00bb de las cuales no se tiene registro.<\/p>\n<p>\u00abEl n\u00famero de personas que huyen a trav\u00e9s de las denominadas caravanas puede aumentar en 2021 si la situaci\u00f3n de violencia, los desastres y la pandemia no dan tregua a la poblaci\u00f3n y si no hay una atenci\u00f3n a tiempo y efectiva para la poblaci\u00f3n\u00bb, alert\u00f3.<\/p>\n<p>Ante este panorama, el reclamo del Consejo Noruego para los Refugiados y de otras organizaciones humanitarias es claro: mejorar las condiciones de vida de la poblaci\u00f3n y garantizar la protecci\u00f3n de qui\u00e9nes huyen para salvar sus vidas dentro y fuera de su pa\u00eds.<\/p>\n<p>\u00abHace casi tres a\u00f1os se present\u00f3 ante el Congreso de Honduras una ley para prevenir, asistir y proteger a las personas desplazadas por la violencia. Su aprobaci\u00f3n e implementaci\u00f3n podr\u00eda brindar oportunidades a qui\u00e9nes reciben amenazas de las maras y pandillas y que no encuentran m\u00e1s opci\u00f3n que dejar su pa\u00eds atr\u00e1s para salvar la vida de sus familias\u00bb, ejemplific\u00f3 Caredda.<\/p>\n<h6>Fuente: Telam<\/h6>\n","protected":false},"excerpt":{"rendered":"<p>Estados Unidos, M\u00e9xico y Guatemala acordaron prohibir el paso contingentes de personas desplazadas hacia el norte. Sin embargo, el argumento de la emergencia sanitaria no detiene el flujo de quienes escapan de la pobreza y el hambre.<\/p>\n","protected":false},"author":2,"featured_media":112151,"comment_status":"closed","ping_status":"closed","sticky":false,"template":"","format":"standard","meta":{"footnotes":""},"categories":[22],"tags":[57],"class_list":["post-112150","post","type-post","status-publish","format-standard","has-post-thumbnail","hentry","category-el-mundo","tag-el-mundo"],"_links":{"self":[{"href":"http:\/\/argentinamunicipal.com.ar\/argentina\/wp-json\/wp\/v2\/posts\/112150","targetHints":{"allow":["GET"]}}],"collection":[{"href":"http:\/\/argentinamunicipal.com.ar\/argentina\/wp-json\/wp\/v2\/posts"}],"about":[{"href":"http:\/\/argentinamunicipal.com.ar\/argentina\/wp-json\/wp\/v2\/types\/post"}],"author":[{"embeddable":true,"href":"http:\/\/argentinamunicipal.com.ar\/argentina\/wp-json\/wp\/v2\/users\/2"}],"replies":[{"embeddable":true,"href":"http:\/\/argentinamunicipal.com.ar\/argentina\/wp-json\/wp\/v2\/comments?post=112150"}],"version-history":[{"count":0,"href":"http:\/\/argentinamunicipal.com.ar\/argentina\/wp-json\/wp\/v2\/posts\/112150\/revisions"}],"wp:featuredmedia":[{"embeddable":true,"href":"http:\/\/argentinamunicipal.com.ar\/argentina\/wp-json\/wp\/v2\/media\/112151"}],"wp:attachment":[{"href":"http:\/\/argentinamunicipal.com.ar\/argentina\/wp-json\/wp\/v2\/media?parent=112150"}],"wp:term":[{"taxonomy":"category","embeddable":true,"href":"http:\/\/argentinamunicipal.com.ar\/argentina\/wp-json\/wp\/v2\/categories?post=112150"},{"taxonomy":"post_tag","embeddable":true,"href":"http:\/\/argentinamunicipal.com.ar\/argentina\/wp-json\/wp\/v2\/tags?post=112150"}],"curies":[{"name":"wp","href":"https:\/\/api.w.org\/{rel}","templated":true}]}}