{"id":112180,"date":"2021-02-10T04:40:26","date_gmt":"2021-02-10T07:40:26","guid":{"rendered":"http:\/\/argentinamunicipal.com.ar\/argentina\/?p=112180"},"modified":"2021-02-09T07:45:18","modified_gmt":"2021-02-09T10:45:18","slug":"municipios-entrerrianos-reciben-financiamiento-para-mejorar-las-condiciones-de-vida-de-familias-vulnerables","status":"publish","type":"post","link":"http:\/\/argentinamunicipal.com.ar\/argentina\/municipios-entrerrianos-reciben-financiamiento-para-mejorar-las-condiciones-de-vida-de-familias-vulnerables\/","title":{"rendered":"Municipios entrerrianos reciben financiamiento para mejorar las condiciones de vida de familias vulnerables"},"content":{"rendered":"<p>\u201cNuestro fin es garantizar un Estado presente que posibilite la accesibilidad de derechos y la posibilidad de llevar adelante un proyecto de vida\u201d, afirm\u00f3 la ministra de Desarrollo Social, Marisa Paira, al poner en marcha el Programa Nacional de Protecci\u00f3n Social junto a intendentes entrerrianos<\/p>\n<p>En ese marco, los municipios de Diamante, Federaci\u00f3n, Villa Paranacito, Alcaraz, Nogoy\u00e1 y Concepci\u00f3n del Uruguay, la comuna de Las Cuevas, y el Hogar de Cristo de Paran\u00e1, recibieron financiamiento para mejorar las condiciones de vida de las personas que habitan hogares con mayor grado de exclusi\u00f3n y vulnerabilidad promoviendo procesos de inclusi\u00f3n social.<\/p>\n<p>Estos proyectos suponen un monto total de inversi\u00f3n de 8.640.000 pesos en esta primera etapa. \u201cDesde el Estado tenemos la necesidad de mirar y apoyar a estas familias en las que muchas veces los j\u00f3venes tienen que comenzar a cuidar y a sostener la maternidad y la paternidad a temprana edad\u201d, expres\u00f3 la ministra.<\/p>\n<p>Durante la actividad, Paira expres\u00f3: \u201cEste programa se complementa con la mirada integral que construimos en materia de pol\u00edticas p\u00fablicas, como nos ha pedido el gobernador Gustavo Bordet, porque adem\u00e1s de promover la inclusi\u00f3n social de personas en situaci\u00f3n de vulnerabilidad nos permite consolidar el trabajo articulado entre las diversas instituciones del Estado y la sociedad civil\u201d.<\/p>\n<p>\u201cEn los proyectos presentados estaremos poniendo especial atenci\u00f3n al universo de ni\u00f1os, ni\u00f1as y adolescentes perceptores o potenciales perceptores de la AUH y aquellas familias conformadas por adolescentes y j\u00f3venes, desde una perspectiva comunitaria fundamental para que puedan continuar desarroll\u00e1ndose.<\/p>\n<p>La funcionaria, junto al secretario de Econom\u00eda Social, Luis Precerutti, y la subsecretaria de Pol\u00edticas Comunitarias y Territoriales, Rosa Silva, llevaron a cabo el lanzamiento del Programa Nacional de Protecci\u00f3n Social en la provincia. El Programa se implementa desde la Direcci\u00f3n Nacional de Acompa\u00f1amiento e Integraci\u00f3n Social de la Secretar\u00eda de Inclusi\u00f3n Social, dependiente del Ministerio de Desarrollo Social de la Naci\u00f3n.<\/p>\n<p>Por su parte Precerutti explic\u00f3: \u201cEste programa nacional tiene como objetivo fundamental atender las situaciones de mayor vulnerabilidad social en las distintas localidades, a trav\u00e9s de promotores comunitarios, profesionales y talleres de formaci\u00f3n laboral y econom\u00eda social para adolescentes y j\u00f3venes. En esta primera etapa son ocho proyectos y luego se van a sumar otros 20\u201d.<\/p>\n<p>\u201cHemos estado trabajando varios meses de manera articulada para poder concretar este sue\u00f1o. Fue un trabajo exigente, pero estamos a la altura de las circunstancias para dar respuestas a las situaciones que se presentan\u201d, subray\u00f3 el funcionario.<\/p>\n<p>\u2022 Trabajo mancomunado<\/p>\n<p>En el encuentro, la subsecretaria de Inclusi\u00f3n e Integraci\u00f3n Social del Ministerio de Desarrollo Social de la Naci\u00f3n, Micaela Ferraro, sostuvo: \u201cEs una gran decisi\u00f3n la de vincular en el trabajo a los gobiernos locales y organizaciones con estas pol\u00edticas. Hemos trabajado con mucha rapidez gracias al compromiso con el que articulamos en esta primera etapa\u201d.<\/p>\n<p>A su turno, la directora nacional de Acompa\u00f1amiento e Integraci\u00f3n Social, Ver\u00f3nica Lorenzo, se\u00f1al\u00f3: \u201cAgradezco la articulaci\u00f3n con los equipos provinciales y municipales porque trabajaron con tanta voluntad que permiti\u00f3 acompa\u00f1ar con agilidad la formulaci\u00f3n de los proyectos\u201d.<\/p>\n<p>\u2022 La implementaci\u00f3n en el territorio<\/p>\n<p>El intendente de Nogoy\u00e1, Rafal Cavagna, manifest\u00f3: \u201cAgradezco a los gobiernos nacional y provincial por tener esta posibilidad de trabajar en la comunidad. En un barrio de la ciudad vamos a estar dando un taller de panificaci\u00f3n, donde m\u00e1s de 20 chicas van a aprender un oficio\u201d.<\/p>\n<p>Adem\u00e1s, el intendente de Federaci\u00f3n, Ricardo Bravo, a\u00f1adi\u00f3: \u201cEstas pol\u00edticas son muy importantes para trabajar en el territorio y para los vecinos que necesitan este tipo de atenci\u00f3n\u201d.<\/p>\n<p>\u201cEstos proyectos hacen al verdadero desarrollo social y acompa\u00f1an los derechos que existen. Son muchos proyectos que potencian a otros que se vienen desarrollando\u201d, celebr\u00f3 el intendente de Villa Paranacito, Gabriel Garc\u00eda.<\/p>\n<p>En la actividad participaron la presidenta de la Comuna de Las Cuevas, Susana Sol\u00eds, y la viceintendenta de Paran\u00e1, Andrea Zoff. Tambi\u00e9n acompa\u00f1aron el titular del Consejo Provincial del Ni\u00f1o, el Adolescente y la Familia, Gabriel Leconte; la subsecretaria de la Juventud, Brenda Ulman; los senadores Juan Carlos Kloss, Claudia Gieco y Amilcar Genre Bert; y la diputada Vanesa Castillo.<\/p>\n<h6>Fuente: APFDigital<\/h6>\n","protected":false},"excerpt":{"rendered":"<p>\u201cNuestro fin es garantizar un Estado presente que posibilite la accesibilidad de derechos y la posibilidad de llevar adelante un proyecto de vida\u201d, afirm\u00f3 la ministra de Desarrollo Social, Marisa Paira, al poner en marcha el Programa Nacional de Protecci\u00f3n Social junto a intendentes entrerrianos<\/p>\n","protected":false},"author":2,"featured_media":112181,"comment_status":"closed","ping_status":"closed","sticky":false,"template":"","format":"standard","meta":{"footnotes":""},"categories":[2],"tags":[17],"class_list":["post-112180","post","type-post","status-publish","format-standard","has-post-thumbnail","hentry","category-informe-municipal","tag-entre-rios"],"_links":{"self":[{"href":"http:\/\/argentinamunicipal.com.ar\/argentina\/wp-json\/wp\/v2\/posts\/112180","targetHints":{"allow":["GET"]}}],"collection":[{"href":"http:\/\/argentinamunicipal.com.ar\/argentina\/wp-json\/wp\/v2\/posts"}],"about":[{"href":"http:\/\/argentinamunicipal.com.ar\/argentina\/wp-json\/wp\/v2\/types\/post"}],"author":[{"embeddable":true,"href":"http:\/\/argentinamunicipal.com.ar\/argentina\/wp-json\/wp\/v2\/users\/2"}],"replies":[{"embeddable":true,"href":"http:\/\/argentinamunicipal.com.ar\/argentina\/wp-json\/wp\/v2\/comments?post=112180"}],"version-history":[{"count":0,"href":"http:\/\/argentinamunicipal.com.ar\/argentina\/wp-json\/wp\/v2\/posts\/112180\/revisions"}],"wp:featuredmedia":[{"embeddable":true,"href":"http:\/\/argentinamunicipal.com.ar\/argentina\/wp-json\/wp\/v2\/media\/112181"}],"wp:attachment":[{"href":"http:\/\/argentinamunicipal.com.ar\/argentina\/wp-json\/wp\/v2\/media?parent=112180"}],"wp:term":[{"taxonomy":"category","embeddable":true,"href":"http:\/\/argentinamunicipal.com.ar\/argentina\/wp-json\/wp\/v2\/categories?post=112180"},{"taxonomy":"post_tag","embeddable":true,"href":"http:\/\/argentinamunicipal.com.ar\/argentina\/wp-json\/wp\/v2\/tags?post=112180"}],"curies":[{"name":"wp","href":"https:\/\/api.w.org\/{rel}","templated":true}]}}