{"id":112239,"date":"2021-02-10T05:47:53","date_gmt":"2021-02-10T08:47:53","guid":{"rendered":"http:\/\/argentinamunicipal.com.ar\/argentina\/?p=112239"},"modified":"2021-02-09T20:39:17","modified_gmt":"2021-02-09T23:39:17","slug":"alberto-pidio-preservar-la-gran-inversion-en-el-sector-de-los-biocombustibles-en-el-norte","status":"publish","type":"post","link":"http:\/\/argentinamunicipal.com.ar\/argentina\/alberto-pidio-preservar-la-gran-inversion-en-el-sector-de-los-biocombustibles-en-el-norte\/","title":{"rendered":"Alberto pidi\u00f3 preservar \u00abla gran inversi\u00f3n\u00bb en el sector de los biocombustibles en el norte"},"content":{"rendered":"<p>El Presidente visit\u00f3 la provincia de Tucum\u00e1n e indic\u00f3 que esta regi\u00f3n \u00abno tiene que preocuparse por qu\u00e9 va a pasar con el biodiesel o el bioetanol\u00bb.<\/p>\n<p>Alberto Fern\u00e1ndez visit\u00f3 la provincia de Tucum\u00e1n esta ma\u00f1ana y luego, al dar una conferencia de prensa, se refiri\u00f3 a la \u00abgran inversi\u00f3n\u00bb que se realiz\u00f3 en el Norte argentino en el sector de los biocombustibles y consider\u00f3 necesario \u00abpreservarla\u00bb, haciendo que funcione mejor, produzca m\u00e1s y genere m\u00e1s empleo, al ofrecer una definici\u00f3n sobre el futuro de esa industria.<\/p>\n<p>\u00abEl Norte no tiene que preocuparse por qu\u00e9 va a pasar con el biodiesel o el bioetanol; all\u00ed ha habido una inversi\u00f3n muy grande y lo que hay que hacer es preservar esa inversi\u00f3n\u00bb, precis\u00f3 el mandatario sobre uno de los temas que mayor preocupaci\u00f3n genera en el sector industrial del noroeste argentino, como lo es la producci\u00f3n de bioetanol a base de ca\u00f1a de az\u00facar\u00bb, indic\u00f3 el mandatario nacional.<\/p>\n<p>\u00abHay que hacer que las cosas funcionen porque tal como est\u00e1n no funcionan; pero que las cosas funcionen no quiere decir que se deje de producir, eso creen otros. Para nosotros decir que las cosas funcionen quiere decir que se produzca, se venda y se crezca\u00bb, concluy\u00f3 al respecto.<\/p>\n<h6>Fuente: El Tribuno<\/h6>\n","protected":false},"excerpt":{"rendered":"<p>El Presidente visit\u00f3 la provincia de Tucum\u00e1n e indic\u00f3 que esta regi\u00f3n \u00abno tiene que preocuparse por qu\u00e9 va a pasar con el biodiesel o el bioetanol\u00bb.<\/p>\n","protected":false},"author":2,"featured_media":112240,"comment_status":"closed","ping_status":"closed","sticky":false,"template":"","format":"standard","meta":{"footnotes":""},"categories":[8],"tags":[21],"class_list":["post-112239","post","type-post","status-publish","format-standard","has-post-thumbnail","hentry","category-informe-nacional","tag-argentina"],"_links":{"self":[{"href":"http:\/\/argentinamunicipal.com.ar\/argentina\/wp-json\/wp\/v2\/posts\/112239","targetHints":{"allow":["GET"]}}],"collection":[{"href":"http:\/\/argentinamunicipal.com.ar\/argentina\/wp-json\/wp\/v2\/posts"}],"about":[{"href":"http:\/\/argentinamunicipal.com.ar\/argentina\/wp-json\/wp\/v2\/types\/post"}],"author":[{"embeddable":true,"href":"http:\/\/argentinamunicipal.com.ar\/argentina\/wp-json\/wp\/v2\/users\/2"}],"replies":[{"embeddable":true,"href":"http:\/\/argentinamunicipal.com.ar\/argentina\/wp-json\/wp\/v2\/comments?post=112239"}],"version-history":[{"count":0,"href":"http:\/\/argentinamunicipal.com.ar\/argentina\/wp-json\/wp\/v2\/posts\/112239\/revisions"}],"wp:featuredmedia":[{"embeddable":true,"href":"http:\/\/argentinamunicipal.com.ar\/argentina\/wp-json\/wp\/v2\/media\/112240"}],"wp:attachment":[{"href":"http:\/\/argentinamunicipal.com.ar\/argentina\/wp-json\/wp\/v2\/media?parent=112239"}],"wp:term":[{"taxonomy":"category","embeddable":true,"href":"http:\/\/argentinamunicipal.com.ar\/argentina\/wp-json\/wp\/v2\/categories?post=112239"},{"taxonomy":"post_tag","embeddable":true,"href":"http:\/\/argentinamunicipal.com.ar\/argentina\/wp-json\/wp\/v2\/tags?post=112239"}],"curies":[{"name":"wp","href":"https:\/\/api.w.org\/{rel}","templated":true}]}}