{"id":112254,"date":"2021-02-11T04:54:28","date_gmt":"2021-02-11T07:54:28","guid":{"rendered":"http:\/\/argentinamunicipal.com.ar\/argentina\/?p=112254"},"modified":"2021-02-10T18:56:40","modified_gmt":"2021-02-10T21:56:40","slug":"el-gobierno-ratifico-su-voluntad-de-acuerdo-y-la-necesidad-de-garantizar-precios-razonables","status":"publish","type":"post","link":"http:\/\/argentinamunicipal.com.ar\/argentina\/el-gobierno-ratifico-su-voluntad-de-acuerdo-y-la-necesidad-de-garantizar-precios-razonables\/","title":{"rendered":"El Gobierno ratific\u00f3 su voluntad de acuerdo y la necesidad de garantizar precios razonables"},"content":{"rendered":"<p>Durante la reuni\u00f3n con las entidades agropecuarias \u00abel presidente dijo que las retenciones no son el instrumento que tiene la voluntad de aplicar\u00bb, afirm\u00f3 el ministro de Agricultura, Luis Basterra.<\/p>\n<p>El presidente, Alberto Fern\u00e1ndez, encabez\u00f3 esta tarde en la Casa Rosada una reuni\u00f3n con los integrantes de la Mesa de Enlace de las Entidades Agropecuarias.<\/p>\n<p>Seg\u00fan explic\u00f3 Basterra, que particip\u00f3 del encuentro, el mandatario \u00abdijo que las retenciones no son el instrumento que tiene la voluntad de aplicar sino que propone que se alcance un acuerdo\u00bb.<\/p>\n<p>\u00abUn acuerdo para que cada uno sea part\u00edcipe del objetivo central de que la mesa de los argentinos tenga alimentos accesibles\u00bb, ampli\u00f3 el ministro.<\/p>\n<p>Basterra sostuvo tambi\u00e9n que el Gobierno va a \u00abconvocar a otros actores de la cadena para debatir estructuras de costos en determinados productos que hacen a la canasta familiar\u00bb.<\/p>\n<p>\u00abAc\u00e1 no se trata de encontrar villanos sino ver qu\u00e9 compromiso puede sumar cada sector, sin que se pierda la rentabilidad, pero entendiendo que hay determinados productos que tienen que llegare a la mesa de los argentinos\u00bb, defini\u00f3.<\/p>\n<p>Tras la reuni\u00f3n, el titular de la Sociedad Rural Argentina, Daniel Pelegrina, indic\u00f3 que\u00a0las entidades agrarias se sumar\u00e1n a la mesa del Consejo econ\u00f3mico y social.<\/p>\n<p>\u00abHay que construir hacia futuro por eso nos vamos a sumar al Consejo econ\u00f3mico y social. La econom\u00eda se tiene que sanear\u00bb, dijo, y agreg\u00f3 que\u00a0\u00abhay un problema de ingresos que es producto de la inflaci\u00f3n. Por eso es lo que hay que controlar\u00bb.<\/p>\n<p>El encuentro<\/p>\n<p>Adem\u00e1s del por el ministro de Agricultura, Fern\u00e1ndez estuvo acompa\u00f1ado por el canciller, Felipe Sol\u00e1; el secretario de Asuntos Estrat\u00e9gicos, Gustavo B\u00e9liz, y la vicejefa de Gabinete, Cecilia Todesca Bocco.<\/p>\n<p>A la audiencia con el Presidente llegaron los titulares de Coninagro, Carlos Iannizzotto; de la Federaci\u00f3n Agraria Argentina, Carlos Achetoni; de Confederaciones Rurales Argentinas, Jorge Chemes; y de la Sociedad Rural Argentina, Daniel Pelegrina, acompa\u00f1ados por los vicepresidentes de cada entidad.<\/p>\n<p>La reuni\u00f3n hab\u00eda sido agendada por el Presidente luego de que\u00a0las entidades del campo le solicitaran debatir propuestas sobre c\u00f3mo estimular la producci\u00f3n y reducir costos\u00a0que afectan su precio en g\u00f3ndola, y manifestar personalmente su rechazo ante un posible aumento de retenciones o la aplicaci\u00f3n de cupos a la exportaci\u00f3n de productos primarios.<\/p>\n<p>La reacci\u00f3n del sector se produjo luego de que\u00a0el Presidente planteara la posibilidad de aplicar tales medidas para evitar un traslado al consumidor del aumento del precio internacional de productos\u00a0como la carne, el ma\u00edz y el trigo para, as\u00ed, \u00abgarantizarle a los argentinos que tengan la comida que necesitan a precios razonables\u00bb.<\/p>\n<p>En ese sentido, Fern\u00e1ndez dijo esta semana que no est\u00e1 \u00abcontra el campo\u00bb sino enfocado en una recuperaci\u00f3n del salario \u00aben t\u00e9rminos reales\u00bb despu\u00e9s de una p\u00e9rdida que, en los \u00faltimos cuatro a\u00f1os, \u00abfue del 20 por ciento\u00bb, seg\u00fan expres\u00f3 durante un reportaje concedido d\u00edas atr\u00e1s.<\/p>\n<p>\u00abLo que tienen que entender los productores es que los pastos no est\u00e1n dolarizados. La producci\u00f3n del ma\u00edz no est\u00e1 dolarizada.\u00a0No pueden trasladar a la mesa de los argentinos los precios internacionales porque no producen a precios internacionales\u00bb, se\u00f1al\u00f3 el Presidente durante un reportaje.<\/p>\n<p>La convocatoria del mandatario a los ruralistas se da tambi\u00e9n en momentos en que el gobierno nacional comenz\u00f3 una instancia de di\u00e1logo con sectores empresariales y sindicales en procura de alcanzar acuerdos que tengan como premisa lograr la mejora real de los salarios por sobre los precios.<\/p>\n<p>Desde la provincia de Tucum\u00e1n, Fern\u00e1ndez el martes volvi\u00f3 a referirse sobre el \u00abcuidado a los consumidores\u00bb a partir de \u00abgarantizar que los precios internacionales no se vuelvan en desmedro de los argentinos\u00bb.<\/p>\n<h6>Fuente: Telam<\/h6>\n","protected":false},"excerpt":{"rendered":"<p>Durante la reuni\u00f3n con las entidades agropecuarias \u00abel presidente dijo que las retenciones no son el instrumento que tiene la voluntad de aplicar\u00bb, afirm\u00f3 el ministro de Agricultura, Luis Basterra.\u00a0\u00a0<\/p>\n","protected":false},"author":2,"featured_media":112255,"comment_status":"closed","ping_status":"closed","sticky":false,"template":"","format":"standard","meta":{"footnotes":""},"categories":[8],"tags":[21],"class_list":["post-112254","post","type-post","status-publish","format-standard","has-post-thumbnail","hentry","category-informe-nacional","tag-argentina"],"_links":{"self":[{"href":"http:\/\/argentinamunicipal.com.ar\/argentina\/wp-json\/wp\/v2\/posts\/112254","targetHints":{"allow":["GET"]}}],"collection":[{"href":"http:\/\/argentinamunicipal.com.ar\/argentina\/wp-json\/wp\/v2\/posts"}],"about":[{"href":"http:\/\/argentinamunicipal.com.ar\/argentina\/wp-json\/wp\/v2\/types\/post"}],"author":[{"embeddable":true,"href":"http:\/\/argentinamunicipal.com.ar\/argentina\/wp-json\/wp\/v2\/users\/2"}],"replies":[{"embeddable":true,"href":"http:\/\/argentinamunicipal.com.ar\/argentina\/wp-json\/wp\/v2\/comments?post=112254"}],"version-history":[{"count":0,"href":"http:\/\/argentinamunicipal.com.ar\/argentina\/wp-json\/wp\/v2\/posts\/112254\/revisions"}],"wp:featuredmedia":[{"embeddable":true,"href":"http:\/\/argentinamunicipal.com.ar\/argentina\/wp-json\/wp\/v2\/media\/112255"}],"wp:attachment":[{"href":"http:\/\/argentinamunicipal.com.ar\/argentina\/wp-json\/wp\/v2\/media?parent=112254"}],"wp:term":[{"taxonomy":"category","embeddable":true,"href":"http:\/\/argentinamunicipal.com.ar\/argentina\/wp-json\/wp\/v2\/categories?post=112254"},{"taxonomy":"post_tag","embeddable":true,"href":"http:\/\/argentinamunicipal.com.ar\/argentina\/wp-json\/wp\/v2\/tags?post=112254"}],"curies":[{"name":"wp","href":"https:\/\/api.w.org\/{rel}","templated":true}]}}