{"id":112257,"date":"2021-02-11T05:45:11","date_gmt":"2021-02-11T08:45:11","guid":{"rendered":"http:\/\/argentinamunicipal.com.ar\/argentina\/?p=112257"},"modified":"2021-02-10T19:01:00","modified_gmt":"2021-02-10T22:01:00","slug":"el-gobierno-garantizo-a-los-gremios-paritarias-sin-limites-y-dialogos-periodicos","status":"publish","type":"post","link":"http:\/\/argentinamunicipal.com.ar\/argentina\/el-gobierno-garantizo-a-los-gremios-paritarias-sin-limites-y-dialogos-periodicos\/","title":{"rendered":"El Gobierno garantiz\u00f3 a los gremios paritarias sin l\u00edmites y di\u00e1logos peri\u00f3dicos"},"content":{"rendered":"<p>Fue en el marco de la primera de las reuniones impulsadas por la Casa Rosada para trabajar con los distintos actores en un entendimiento que apunte a contener las expectativas entre los precios y los salarios. Ma\u00f1ana ser\u00e1 el turno de los empresarios.<\/p>\n<p>El gobierno nacional -representado por el jefe de Gabinete, Santiago Cafiero, y por los principales funcionarios del \u00e1rea econ\u00f3mica- ratific\u00f3 que uno de los ejes del Presupuesto 2021 apunta a lograr que los \u00absalarios le ganen a la inflaci\u00f3n\u00bb e insisti\u00f3 en que no habr\u00e1 limitaciones para las negociaciones paritarias, al mantener este mi\u00e9rcoles una reuni\u00f3n con representantes de gremios y sindicatos en Casa Rosada.<\/p>\n<p>Seg\u00fan afirm\u00f3 el ministro de Trabajo, Claudio Moroni, el encuentro -el primero de una ronda que incluir\u00e1 di\u00e1logo con otros actores de la econom\u00eda nacional- busca \u00abgenerar las conductas y las pol\u00edticas necesarias\u00bb para que salarios y precios \u00abconverjan\u00bb dentro de las estimaciones del presupuesto nacional.<\/p>\n<p>El funcionario reiter\u00f3 que las reuniones impulsadas por el gobierno no tienen por objetivo la firma de un \u00abcontrato\u00bb sino que\u00a0apuntan a establecer \u00abacuerdos pol\u00edticos\u00bb.<\/p>\n<p>\u00abTenemos un proyecto econ\u00f3mico y lo que hacemos es tener charlas con los actores econ\u00f3micos\u00bb\u00a0CLAUDIO MORONI<\/p>\n<p>\u00abTenemos un proyecto econ\u00f3mico y lo que hacemos es tener charlas con los actores econ\u00f3micos\u00bb, observ\u00f3 Moroni, quien a\u00f1adi\u00f3 que la idea es establecer una \u00abperiodicidad\u00bb en las reuniones para seguir el pulso de esas variables.<\/p>\n<p>Por los sindicatos, el vocero ante la prensa acreditada fue el secretario general de la CGT y del sindicato de la Sanidad, H\u00e9ctor Daer, quien afirm\u00f3 -coincidentemente con la versi\u00f3n gubernamental- que\u00a0la b\u00fasqueda es \u00abla recuperaci\u00f3n del salario, bajar la inflaci\u00f3n\u00a0y generar las condiciones pol\u00edticas para acompasar todo con los valores del presupuesto\u00bb.<\/p>\n<p>Sin embargo, otros sindicalistas advirtieron que se debe prestar atenci\u00f3n a la reuni\u00f3n que el Gobierno llevar\u00e1 adelante el jueves con el sector empresarial, que, seg\u00fan entienden, \u00abveladamente\u00bb apuesta a erosionar la gesti\u00f3n de Alberto Fern\u00e1ndez con un discurso de \u00ablibremercado\u00bb.<\/p>\n<p>Antes de la reuni\u00f3n, el propio Daer y el dirigente de la CTA Aut\u00f3noma, Ricardo Peidro,\u00a0hab\u00edan apuntado contra los que \u00abprovocan la inflaci\u00f3n\u00bb desde el rol que ejercen en la econom\u00eda nacional como \u00abformadores de precios\u00bb.<\/p>\n<p>Pero m\u00e1s all\u00e1 de lo que pueda suceder el jueves, Moroni dej\u00f3 claro dos conceptos: que \u00abun gobierno peronista no le fija techo a las paritarias\u00bb y que la inserci\u00f3n de \u00abclausulas gatillo\u00bb en las paritarias es \u00abdesaconsejable\u00bb.<\/p>\n<p>\u00abEso no quiere decir que no haya pautas de revisi\u00f3n\u00bb, a\u00f1adi\u00f3 el titular de Trabajo.<\/p>\n<p>\u00abLas paritarias no tienen piso ni techo\u00bb\u00a0H\u00c9CTOR DAER<\/p>\n<p>Daer acompa\u00f1\u00f3 esa idea: \u00abLas paritarias no tienen piso ni techo\u00bb, dijo, para luego afirmar que la meta es tener \u00abuna recuperaci\u00f3n del salario de entre un 2 al 4% en el a\u00f1o calendario\u00bb.<\/p>\n<p>Finalmente, uno de los dirigentes gremiales participantes de la reuni\u00f3n coment\u00f3 &#8211;en el mismo sentido que lo hizo el titular de la CGT&#8211; que\u00a0el modelo a seguir debe ser similar al acuerdo alcanzado por la Asociaci\u00f3n Bancaria, que contempla un aumento del 29%, pero con revisiones en septiembre y diciembre.<\/p>\n<p><strong>Los asistentes<\/strong><\/p>\n<p>Por parte del Gobierno, participaron de la reuni\u00f3n los ministros de Econom\u00eda, Mart\u00edn Guzm\u00e1n; de la Producci\u00f3n, Mat\u00edas Kulfas, y de Trabajo, Claudio Moroni; la titular de la AFIP, Mercedes Marc\u00f3 del Pont y la vicejefa de Gabinete, Cecilia Todesca Bocco.<\/p>\n<p>Entre los representantes sindicales tambi\u00e9n estuvieron presentes Hugo Moyano, Hugo Yasky, V\u00edctor Santamaria, Jos\u00e9 Luis Lingieri, Antonio Cal\u00f3 y Armando Cavallieri, entre otros.<\/p>\n<p>El encuentro con los sindicalistas se realiza en el marco de la mesa de di\u00e1logo que impulsa el presidente Alberto Fern\u00e1ndez para generar acuerdos.<\/p>\n<p><strong>Con los empresarios<\/strong><\/p>\n<p>La ronda de reuniones continuar\u00e1 el jueves con un \u00abcap\u00edtulo empresarial\u00bb al que est\u00e1n convocados los directivos de las principales empresas del pa\u00eds.<\/p>\n<p>Entre ellos figuran Luis Pagani, titular de Arcor; Luis P\u00e9rez Companc, de Molinos R\u00edo de la Plata; Jean Carlo Aubry, de Nestl\u00e9; Karla Schlieper, de Mondelez; Juan Garibaldi, de Danone; Miguel Acevedo, de Aceitera General Deheza; Teodoro Karagozian, de TN Platex; Mario Ravettino, de ABC y Joaqu\u00edn de Grazia, de Granja Tres Arroyos.<\/p>\n<p>Tambi\u00e9n est\u00e1n invitados Claudio Drescher, de Jazm\u00edn Chebar; Alberto \u00c1lvarez Saavedra, de Gador; Hugo Sigman, de ELEA; Daniel Herrero, de Toyota; Laura Barnator, de Unilever; Gabriela Bard\u00edn, de Procter &amp; Gamble; Carlos Blaquier, de Ledesma; Mart\u00edn Ticinese, de Cervecer\u00eda Quilmes; Rub\u00e9n Chernajowsky, de Newsan; Alfredo Coto, de COTO y Paolo Rocca, de Ternium.<\/p>\n<p>La n\u00f3mina se comprleta con Everton Negresiolo, de Acindar; Javier Madanes Quintanilla, de Aluar; Sergio Faifman, de Loma Negra; Guillermo Mausel, de Solvay Indupa; Diego Ordo\u00f1ez, de DOW Qu\u00edmica \/ PBB Polisur; Humberto Cattorini, de Rigolleau; Javier Quel, de Tetrapak; Sergio Affronti, de YPF; Pablo Ruival, de Arauco; Christophe Dumont, de Monsanto \/ Bayer; Diego Pino, de Transclor; Mart\u00edn Castro, de Bridgestone e Iv\u00e1n Szczech, de Camarco.<\/p>\n<h6>Fuente: Telam<\/h6>\n","protected":false},"excerpt":{"rendered":"<p>Fue en el marco de la\u00a0primera de las reuniones impulsadas por la Casa Rosada para trabajar con los distintos actores en un entendimiento que apunte a contener las expectativas entre los precios y los salarios.\u00a0Ma\u00f1ana ser\u00e1 el turno de los empresarios.<\/p>\n","protected":false},"author":2,"featured_media":112258,"comment_status":"closed","ping_status":"closed","sticky":false,"template":"","format":"standard","meta":{"footnotes":""},"categories":[8],"tags":[21],"class_list":["post-112257","post","type-post","status-publish","format-standard","has-post-thumbnail","hentry","category-informe-nacional","tag-argentina"],"_links":{"self":[{"href":"http:\/\/argentinamunicipal.com.ar\/argentina\/wp-json\/wp\/v2\/posts\/112257","targetHints":{"allow":["GET"]}}],"collection":[{"href":"http:\/\/argentinamunicipal.com.ar\/argentina\/wp-json\/wp\/v2\/posts"}],"about":[{"href":"http:\/\/argentinamunicipal.com.ar\/argentina\/wp-json\/wp\/v2\/types\/post"}],"author":[{"embeddable":true,"href":"http:\/\/argentinamunicipal.com.ar\/argentina\/wp-json\/wp\/v2\/users\/2"}],"replies":[{"embeddable":true,"href":"http:\/\/argentinamunicipal.com.ar\/argentina\/wp-json\/wp\/v2\/comments?post=112257"}],"version-history":[{"count":0,"href":"http:\/\/argentinamunicipal.com.ar\/argentina\/wp-json\/wp\/v2\/posts\/112257\/revisions"}],"wp:featuredmedia":[{"embeddable":true,"href":"http:\/\/argentinamunicipal.com.ar\/argentina\/wp-json\/wp\/v2\/media\/112258"}],"wp:attachment":[{"href":"http:\/\/argentinamunicipal.com.ar\/argentina\/wp-json\/wp\/v2\/media?parent=112257"}],"wp:term":[{"taxonomy":"category","embeddable":true,"href":"http:\/\/argentinamunicipal.com.ar\/argentina\/wp-json\/wp\/v2\/categories?post=112257"},{"taxonomy":"post_tag","embeddable":true,"href":"http:\/\/argentinamunicipal.com.ar\/argentina\/wp-json\/wp\/v2\/tags?post=112257"}],"curies":[{"name":"wp","href":"https:\/\/api.w.org\/{rel}","templated":true}]}}