{"id":112308,"date":"2021-02-12T05:00:49","date_gmt":"2021-02-12T08:00:49","guid":{"rendered":"http:\/\/argentinamunicipal.com.ar\/argentina\/?p=112308"},"modified":"2021-02-11T19:20:57","modified_gmt":"2021-02-11T22:20:57","slug":"guzman-se-podria-haber-reconstruido-la-infraestructura-del-pais-no-quedo-nada","status":"publish","type":"post","link":"http:\/\/argentinamunicipal.com.ar\/argentina\/guzman-se-podria-haber-reconstruido-la-infraestructura-del-pais-no-quedo-nada\/","title":{"rendered":"Guzm\u00e1n: \u00abSe podr\u00eda haber reconstruido la infraestructura del pa\u00eds, no qued\u00f3 nada\u00bb"},"content":{"rendered":"<p>Guzm\u00e1n habl\u00f3 en el programa A Dos Voces por el canal TN y defendi\u00f3 la estrategia de negociaci\u00f3n del Gobierno para solucionar el endeudamiento con el FMI.<\/p>\n<p>El ministro de Econom\u00eda, Mart\u00edn Guzm\u00e1n, afirm\u00f3 esta noche que \u00abla idea es ir bajando la inflaci\u00f3n y que eso sea consistente con una recuperaci\u00f3n del poder adquisitivo del salario\u00bb.<\/p>\n<p>Guzm\u00e1n habl\u00f3 en el programa A Dos Voces por el canal TN y dijo que\u00a0\u00abtiene que haber una actualizaci\u00f3n de las tarifas para asegurar la rentabilidad de las empresas, pero va a haber un marco de transici\u00f3n,\u00a0para evitar que las subas sean por encima de la inflaci\u00f3n\u00bb.<\/p>\n<p>El ministro subray\u00f3 que \u00abno se puede continuar aumentando el ratio de subsidios sobre PBI y desestabilizar la econom\u00eda y nuestra idea es que se mantenga en 1,7% del PBI\u00bb.<\/p>\n<p>Guzm\u00e1n remarc\u00f3 que \u00ablo que se est\u00e1 haciendo es un marco de transici\u00f3n y tiene que haber una actualizaci\u00f3n de las tarifas. Si no se reemplazase el actual cuadro tarifario tendr\u00eda que haber aumentos superiores al 100%\u00bb.<\/p>\n<p>El jefe del Palacio de Hacienda sostuvo que \u00abhay sectores que se est\u00e1n recuperando pero hay otros que tienen problemas y hay que atender sus necesidades. Nosotros buscamos que el salario real crezca\u00bb.<\/p>\n<p>Guzm\u00e1n agreg\u00f3 que \u00abla econom\u00eda argentina tiene algunos controles de precios pero esa no es la parte central del programa para reducir la inflaci\u00f3n. El trabajo de control de precios es de la Secretar\u00eda de Comercio\u00bb.<\/p>\n<p>El ministro destac\u00f3 que \u00aben el a\u00f1o 2020 la inflaci\u00f3n se redujo 18 puntos porcentuales, en el contexto de la pandemia, la inflaci\u00f3n en los \u00faltimos meses del 2020 y el comienzo de 2021 reflejan los factores que no deber\u00edan estar presentes en el resto del a\u00f1o\u00bb.<\/p>\n<p>M\u00e1s adelante, dijo que \u00abtodos los a\u00f1os subestimaron la inflaci\u00f3n y para reducir la inflaci\u00f3n en 5 puntos por a\u00f1o es importante la coordinaci\u00f3n de las pol\u00edticas de Estado\u00bb.<\/p>\n<p>Guzm\u00e1n expres\u00f3 que \u00abhay factores como los precios internacionales, debido a la pandemia, que generaron inflaci\u00f3n de los commodities y relajamos ciertos controles por los efectos de la pandemia\u00bb.<\/p>\n<p>El ministro le baj\u00f3 el volumen a las diferencias con el\u00a0campo\u00a0y sostuvo que \u00abno es una cuesti\u00f3n de echar culpas, el campo enfrenta un shock que es positivo para la econom\u00eda que es la suba de los precios de sus productos de exportaci\u00f3n, lo importante es que ese shock no beneficie a unos pocos.y perjudique a muchos y eso es lo que buscamos\u00bb.<\/p>\n<p>Guzm\u00e1n puso en relieve que \u00abhay\u00a0inflaci\u00f3n\u00a0porque durante muchos a\u00f1os no resolvimos los problemas macroecon\u00f3micos. Durante mucho tiempo, las exportaciones quedaron estancadas y eso hace que empiece a haber tensiones sobre la balanza de pagos porque no hay divisas suficientes. Si a esto se le agregan los problemas fiscales, completamos una figura compleja para los precios y para la inflaci\u00f3n porque la emisi\u00f3n monetaria es uno de los factores que alimenta la inflaci\u00f3n. El pa\u00eds necesita poner las cuentas fiscales en orden, hay que ir reduciendo el d\u00e9ficit fiscal pero el Estado debe jugar un rol contrac\u00edclico, un rol para propiciar la recuperaci\u00f3n econ\u00f3mica\u00bb.<\/p>\n<p>El ministro puntualiz\u00f3 que \u00abnosotros basamos la pol\u00edtica econ\u00f3mica en dos principios. Por un lado, el Estado redefiniendo los recursos para determinar como se invierte en la econom\u00eda. Por lado, decimos que hay que ir poniendo las cuentas en orden y reducir a\u00f1o a a\u00f1o el financiamiento que hace el Banco Central al Tesoro\u00bb.<\/p>\n<p>El ministro defini\u00f3 que \u00abhay que ser pragm\u00e1ticos y como pa\u00eds hay que actuar de forma razonable y hay que tener un orden y respetar las velocidades a las que se pueden resolver los problemas\u00bb.<\/p>\n<p>Respecto de la\u00a0negociaci\u00f3n con el Fondo Monetario Internacional, Guzm\u00e1n dijo que \u00abcon los 45.000 millones de d\u00f3lares de deuda se podr\u00eda haber reconstruido toda la infraestructura del pa\u00eds. No qued\u00f3 nada y ahora hay que resolver este problemas. El\u00a0gobierno anterior hizo un acuerdo de espaldas a la sociedad no involucrando al Congreso\u00bb.<\/p>\n<p>\u00abLo que la Argentina necesita es ir resolviendo uno a uno sus problemas\u00bb, agreg\u00f3 el ministro, para luego a\u00f1adir que \u00abahora toca resolver el problema con el FMI por eso mandamos al Congreso un proyecto que dice que cualquier acuerdo con el FMI deber\u00e1 ser aprobado por el Congreso de la Naci\u00f3n. Esa iniciativa que ya tiene media sanci\u00f3n y ser\u00e1 tratada por la C\u00e1mara de Diputados\u00bb.<\/p>\n<p>Finalmente, Guzm\u00e1n expres\u00f3 que \u00abla ca\u00edda del PBI para 2020 va a ser del 10%, menor al 12,5% estimado en septiembre. La pandemia deja en una situaci\u00f3n de vulnerabilidad a mucha gente pero seguimos protegiendo a las empresas mediante los REPRO\u00bb.<\/p>\n<h6>Fuente: Telam<\/h6>\n","protected":false},"excerpt":{"rendered":"<p>Guzm\u00e1n habl\u00f3 en el programa A Dos Voces por el canal TN y defendi\u00f3 la estrategia de negociaci\u00f3n del Gobierno para solucionar el endeudamiento con el FMI.\u00a0<\/p>\n","protected":false},"author":2,"featured_media":112309,"comment_status":"closed","ping_status":"closed","sticky":false,"template":"","format":"standard","meta":{"footnotes":""},"categories":[8],"tags":[21],"class_list":["post-112308","post","type-post","status-publish","format-standard","has-post-thumbnail","hentry","category-informe-nacional","tag-argentina"],"_links":{"self":[{"href":"http:\/\/argentinamunicipal.com.ar\/argentina\/wp-json\/wp\/v2\/posts\/112308","targetHints":{"allow":["GET"]}}],"collection":[{"href":"http:\/\/argentinamunicipal.com.ar\/argentina\/wp-json\/wp\/v2\/posts"}],"about":[{"href":"http:\/\/argentinamunicipal.com.ar\/argentina\/wp-json\/wp\/v2\/types\/post"}],"author":[{"embeddable":true,"href":"http:\/\/argentinamunicipal.com.ar\/argentina\/wp-json\/wp\/v2\/users\/2"}],"replies":[{"embeddable":true,"href":"http:\/\/argentinamunicipal.com.ar\/argentina\/wp-json\/wp\/v2\/comments?post=112308"}],"version-history":[{"count":0,"href":"http:\/\/argentinamunicipal.com.ar\/argentina\/wp-json\/wp\/v2\/posts\/112308\/revisions"}],"wp:featuredmedia":[{"embeddable":true,"href":"http:\/\/argentinamunicipal.com.ar\/argentina\/wp-json\/wp\/v2\/media\/112309"}],"wp:attachment":[{"href":"http:\/\/argentinamunicipal.com.ar\/argentina\/wp-json\/wp\/v2\/media?parent=112308"}],"wp:term":[{"taxonomy":"category","embeddable":true,"href":"http:\/\/argentinamunicipal.com.ar\/argentina\/wp-json\/wp\/v2\/categories?post=112308"},{"taxonomy":"post_tag","embeddable":true,"href":"http:\/\/argentinamunicipal.com.ar\/argentina\/wp-json\/wp\/v2\/tags?post=112308"}],"curies":[{"name":"wp","href":"https:\/\/api.w.org\/{rel}","templated":true}]}}