{"id":112358,"date":"2021-02-17T07:58:26","date_gmt":"2021-02-17T10:58:26","guid":{"rendered":"http:\/\/argentinamunicipal.com.ar\/argentina\/?p=112358"},"modified":"2021-02-17T07:58:26","modified_gmt":"2021-02-17T10:58:26","slug":"112358-2","status":"publish","type":"post","link":"http:\/\/argentinamunicipal.com.ar\/argentina\/112358-2\/","title":{"rendered":"Untitled"},"content":{"rendered":"<p>Avanza la conformaci\u00f3n del Consejo Econ\u00f3mico y Social, una mesa de trabajo multisectorial que el Presidente crear\u00e1 por decreto para abordar estrategias y pol\u00edticas p\u00fablicas de mediano y largo plazo. La presidencia estar\u00e1 cargo de Gustavo B\u00e9liz.<\/p>\n<p>El Gobierno nacional avanza en la conformaci\u00f3n del Consejo Econ\u00f3mico y Social, una mesa de trabajo multisectorial que el presidente Alberto Fern\u00e1ndez crear\u00e1 por decreto para abordar estrategias y pol\u00edticas p\u00fablicas de mediano y largo plazo a trav\u00e9s de \u00e1reas vinculadas con la educaci\u00f3n, el desarrollo regional, ciencia y tecnolog\u00eda, empleo y jubilaciones.<\/p>\n<p>El secretario de Asuntos Estrat\u00e9gicos, Gustavo B\u00e9liz, quien ocupar\u00e1 la presidencia del Consejo, mantuvo en los \u00faltimos d\u00edas reuniones preliminares, a la espera del decreto del presidente Alberto Fern\u00e1ndez que lo ponga en marcha oficialmente antes de que concluya febrero.<\/p>\n<p>En la misma semana que el Presidente recib\u00eda a los dirigentes del campo que conforman la Mesa de Enlace y el Gabinete Econ\u00f3mico a sindicalistas y empresarios, B\u00e9liz se reun\u00eda -el viernes- con representantes de los cultos, en una continuidad de los encuentros que ya mantuvo el a\u00f1o pasado con sindicalistas y empresarios con vistas a la postergada creaci\u00f3n del organismo como consecuencia de la crisis sanitaria.<\/p>\n<p>Siempre con perfil bajo, trabaja silenciosamente por estos d\u00edas en la presentaci\u00f3n del proyecto ante algunos de los sectores que se sentar\u00e1n a la mesa de trabajo y haciendo eje en el intercambio de ideas para superar la crisis que deja la pandemia de coronavirus y su impacto socio-econ\u00f3mico, dijeron fuentes oficiales.<\/p>\n<p>En principio, el Consejo estar\u00eda conformado por empresarios, sindicatos, movimientos sociales, cultos y representantes de la comunidad cient\u00edfica, educativa y del Gobierno nacional, mientras que el mandato de su titular podr\u00eda ser de cinco a\u00f1os.<\/p>\n<p>Durante la reuni\u00f3n con las instituciones religiosas, en la que tambi\u00e9n particip\u00f3 el secretario de Culto, Guillermo Olivieri, como representante del Gobierno, algunos de los invitados se comprometieron a hacerle llegar a B\u00e9liz algunos documentos con ideas y propuestas sobre cuestiones econ\u00f3micas, sociales y educativas, seg\u00fan precisaron a T\u00e9lam allegados al encuentro.<\/p>\n<p>Participaron Jorge Knoblovits (DAIA), M\u00e1ximo Jurcinovic (Conferencia Episcopal Argentina), An\u00edbal Bachir Bakir (Centro Isl\u00e1mico Argentino), N\u00e9stor Miguens (Federaci\u00f3n Argentina de Iglesias Evang\u00e9licas), Jorge G\u00f3mez (Aciera) y Marcelo Figueroa (Iglesia Presbiteriana de San Andr\u00e9s).<\/p>\n<p>\u00abFue una reuni\u00f3n preliminar porque se pone en marcha el Consejo Econ\u00f3mico y Social y las representaciones religiosas tienen un lugar. Casi con seguridad va a haber alg\u00fan anuncio antes de fin de mes. Fue una reuni\u00f3n muy buena\u00bb, se\u00f1alaron a esta agencia fuentes oficiales.<\/p>\n<p>El decreto presidencial que le dar\u00e1 nacimiento formal al Consejo Econ\u00f3mico y Social todav\u00eda se encuentra en proceso de redacci\u00f3n en el despacho de la secretaria Legal y T\u00e9cnica, Vilma Ibarra, quien acostumbra siempre compartir las revisiones finales de los puntos m\u00e1s destacados con el Presidente antes de la publicaci\u00f3n en el Bolet\u00edn Oficial.<\/p>\n<p>Con la creaci\u00f3n del organismo, respaldado formalmente por las Naciones Unidas, Fern\u00e1ndez cumplir\u00e1 con una de sus promesas de campa\u00f1a y ejes de su discurso ante la Asamblea Legislativa del a\u00f1o pasado.<\/p>\n<p>Finalmente, luego de idas y vueltas respecto de su env\u00edo al Congreso de la Naci\u00f3n para que fuera tratado como proyecto de ley durante las sesiones extraordinarias, el primer mandatario resolvi\u00f3 que ser\u00e1n los miembros del Consejo los que le dar\u00e1n forma a un texto que reglamente su funcionamiento para que, luego s\u00ed, sea abordado por los diputados y senadores nacionales.<\/p>\n<p>En la apertura de las sesiones legislativas, Fern\u00e1ndez habl\u00f3 el a\u00f1o pasado de generar un nuevo contrato social que se base en responder en modo \u00abcolaborativo y cooperativo\u00bb, que responda sobre la promoci\u00f3n de \u00abprofesiones estrat\u00e9gicas y trabajos del futuro\u00bb, la agenda del \u00abcambio clim\u00e1tico y el financiamiento de una infraestructura verde, sobre c\u00f3mo atraer \u00abla riqueza que est\u00e1 en el exterior con fines productivos nacionales\u00bb, adem\u00e1s de otros interrogantes sobre como afianzar \u00abinstituciones republicanas m\u00e1s transparentes y socialmente eficaces\u00bb.<\/p>\n<p>\u00abSoy consciente de que esta iniciativa supone una autolimitaci\u00f3n a mis facultades administrativas. S\u00e9 muy bien que implica estar dispuesto a abrir cauces de participaci\u00f3n novedosos en nuestro sistema democr\u00e1tico\u00bb, dijo.<\/p>\n<p>\u00abQuiero desplegar esos cauces, propiciar la llegada de un aire nuevo y renovador. Durante demasiado tiempo nuestra democracia ha estado asfixiada en el microclima de intereses mezquinos, de miradas tecnocr\u00e1ticas o de pujas est\u00e9riles. Queremos que sea el motor no s\u00f3lo de pol\u00edticas de Estado, sino de pol\u00edticas de la sociedad\u00bb, sostuvo en la jornada del 1\u00b0 de marzo pasado.<\/p>\n<p>Entre los lineamientos, anticip\u00f3 que los dirigentes y especialistas que representar\u00e1n a los diferentes sectores deber\u00e1n compartir una \u00abresponsabilidad hist\u00f3rica\u00bb y ser \u00abcreativos, movilizar propuestas de excelencia, innovar, saber renunciar a miradas individuales cuando se establecen iniciativas superadoras de conjunto\u00bb.<\/p>\n<p>\u00abDesde este Consejo tenemos que ser capaces, todos juntos, de dise\u00f1ar la agenda de futuro, ajena a la puja distributiva y a la coyuntura de corto plazo. No pretendemos que desde su \u00e1mbito se discutan ni precios ni salarios ni paritarias, elementos que estar\u00e1n contenidos en la institucionalidad ya existente del Consejo del Salario M\u00ednimo Vital y M\u00f3vil\u00bb, a\u00f1adi\u00f3 Fern\u00e1ndez.<\/p>\n<h6>Fuente: Telam<\/h6>\n","protected":false},"excerpt":{"rendered":"<p>Avanza la conformaci\u00f3n del Consejo Econ\u00f3mico y Social, una mesa de trabajo multisectorial que el Presidente crear\u00e1 por decreto para abordar estrategias y pol\u00edticas p\u00fablicas de mediano y largo plazo. La presidencia estar\u00e1 cargo de Gustavo B\u00e9liz.<\/p>\n","protected":false},"author":2,"featured_media":112359,"comment_status":"closed","ping_status":"closed","sticky":false,"template":"","format":"standard","meta":{"footnotes":""},"categories":[8],"tags":[21],"class_list":["post-112358","post","type-post","status-publish","format-standard","has-post-thumbnail","hentry","category-informe-nacional","tag-argentina"],"_links":{"self":[{"href":"http:\/\/argentinamunicipal.com.ar\/argentina\/wp-json\/wp\/v2\/posts\/112358","targetHints":{"allow":["GET"]}}],"collection":[{"href":"http:\/\/argentinamunicipal.com.ar\/argentina\/wp-json\/wp\/v2\/posts"}],"about":[{"href":"http:\/\/argentinamunicipal.com.ar\/argentina\/wp-json\/wp\/v2\/types\/post"}],"author":[{"embeddable":true,"href":"http:\/\/argentinamunicipal.com.ar\/argentina\/wp-json\/wp\/v2\/users\/2"}],"replies":[{"embeddable":true,"href":"http:\/\/argentinamunicipal.com.ar\/argentina\/wp-json\/wp\/v2\/comments?post=112358"}],"version-history":[{"count":0,"href":"http:\/\/argentinamunicipal.com.ar\/argentina\/wp-json\/wp\/v2\/posts\/112358\/revisions"}],"wp:featuredmedia":[{"embeddable":true,"href":"http:\/\/argentinamunicipal.com.ar\/argentina\/wp-json\/wp\/v2\/media\/112359"}],"wp:attachment":[{"href":"http:\/\/argentinamunicipal.com.ar\/argentina\/wp-json\/wp\/v2\/media?parent=112358"}],"wp:term":[{"taxonomy":"category","embeddable":true,"href":"http:\/\/argentinamunicipal.com.ar\/argentina\/wp-json\/wp\/v2\/categories?post=112358"},{"taxonomy":"post_tag","embeddable":true,"href":"http:\/\/argentinamunicipal.com.ar\/argentina\/wp-json\/wp\/v2\/tags?post=112358"}],"curies":[{"name":"wp","href":"https:\/\/api.w.org\/{rel}","templated":true}]}}