{"id":112367,"date":"2021-02-18T06:10:17","date_gmt":"2021-02-18T09:10:17","guid":{"rendered":"http:\/\/argentinamunicipal.com.ar\/argentina\/?p=112367"},"modified":"2021-02-18T06:10:17","modified_gmt":"2021-02-18T09:10:17","slug":"abdo-benitez-y-lacalle-pou-coinciden-en-la-necesidad-de-abrir-el-mercosur-a-acuerdos-bilaterales","status":"publish","type":"post","link":"http:\/\/argentinamunicipal.com.ar\/argentina\/abdo-benitez-y-lacalle-pou-coinciden-en-la-necesidad-de-abrir-el-mercosur-a-acuerdos-bilaterales\/","title":{"rendered":"Abdo Ben\u00edtez y Lacalle Pou coinciden en la necesidad de \u00ababrir el Mercosur\u00bb a acuerdos bilaterales"},"content":{"rendered":"<p>\u00abEl avance de Paraguay y Uruguay al mundo es determinante. Necesitamos entrar a los mercados en igualdad de condiciones que nuestros competidores\u00bb, expres\u00f3 Lacalle Pou.<\/p>\n<p>Los presidentes de Uruguay, Luis Lacalle Pou, y de Paraguay, Mario Abdo Ben\u00edtez, coincidieron en que el Mercosur \u201cest\u00e1 siempre arriba de la mesa\u201d, pero tambi\u00e9n en la necesidad de que el bloque no sea \u201cun cors\u00e9\u201d, sino que permita cierta flexibilidad para que sus pa\u00edses lleguen a nuevos mercados con sus productos.<\/p>\n<p>\u00abEl avance de Paraguay y Uruguay al mundo es determinante. Necesitamos entrar a los mercados en igualdad de condiciones que nuestros competidores\u00bb, expres\u00f3 Lacalle Pou tras su primera reuni\u00f3n presencial con Abdo Ben\u00edtez desde que asumi\u00f3 el poder, en marzo de 2020.<\/p>\n<p>En declaraciones que parecieron jugar en espejo, Lacalle Pou afirm\u00f3 que \u00abParaguay necesita la salida al mundo y Uruguay en sus costas tiene territorio para que Paraguay tenga su salida al mundo\u00bb, y su par ratific\u00f3 que \u00abUruguay tiene grandes oportunidades para que Paraguay pueda llevar a los grandes mercados lo que hoy produce\u201d.<\/p>\n<p>\u201cSomos un pa\u00eds sin litoral; no tenemos acceso al mar. El potencial log\u00edstico que tiene Uruguay puede ser de gran utilidad para esta alianza y cooperaci\u00f3n mutua entre las naciones\u00bb, resalt\u00f3 el mandatario guaran\u00ed, seg\u00fan la agencia AFP.<\/p>\n<p>Los dos presidentes hicieron una declaraci\u00f3n ante la prensa \u2013en la que no hubo preguntas- tras compartir un almuerzo y una reuni\u00f3n a solas en la residencia del gobierno uruguayo en Punta del Este.<\/p>\n<p>En medio de cumplidos por la charla y el entendimiento, Abdo Ben\u00edtez -con barbijo permanente- consider\u00f3 que \u201centre la carne paraguaya y la carne uruguaya hay empate\u201d, luego de que el anfitri\u00f3n informara que el men\u00fa hab\u00eda sido asado.<\/p>\n<p>Los dos socios menores del bloque, que en marzo cumple 30 a\u00f1os, aspiran a que cada pa\u00eds pueda negociar acuerdos bilaterales con otras naciones sin la anuencia de los dem\u00e1s integrantes del Mercosur como est\u00e1 establecido actualmente.<\/p>\n<p>\u00abEl tema Mercosur est\u00e1 arriba de la mesa\u00bb, insisti\u00f3 el presidente uruguayo. \u00abPuedo decir con mucho agrado que la vocaci\u00f3n paraguaya de abrirse al mundo a los codazos, que es igual a la uruguaya y es parte de nuestro \u00e9xito hist\u00f3rico, sigue vigente\u00bb, agreg\u00f3.<\/p>\n<p>En esa l\u00ednea, Abdo Ben\u00edtez subray\u00f3 que su pa\u00eds es \u201cel cuarto exportador de soja del mundo y esa producci\u00f3n necesita acceso a los mercados de manera competitiva\u00bb.<\/p>\n<p>Lacalle Pou, que el 1 de marzo cumplir\u00e1 un a\u00f1o de gesti\u00f3n, complet\u00f3 hoy su ronda de reuniones presenciales con todos los mandatarios del Mercosur, tras recibir en noviembre al argentino Alberto Fern\u00e1ndez, y viajar a Brasilia a principios de febrero para visitar al local Jair Bolsonaro.<\/p>\n<p>El mandatario anfitri\u00f3n destac\u00f3 la \u201crelaci\u00f3n hist\u00f3rica\u201d entre Asunci\u00f3n y Montevideo, insisti\u00f3 en que es \u201cun muy buen momento\u00bb para la salida al mundo y juzg\u00f3 que para los dos pa\u00edses son \u201cdeterminantes los tiempos que se vienen\u00bb.<\/p>\n<p>\u00abEl mundo se est\u00e1 abriendo a nuestros commodities, a nuestras materias primas, y nosotros estamos capacitados a ofrecerlas. Necesitamos entrarle al mundo, a esos mercados, en igual de condiciones que nuestros competidores. Por eso el avance con pa\u00edses del mundo que son consumidores mayores de nuestros materias primas: hacia all\u00ed tenemos que ir a negociar\u00bb, indic\u00f3 Lacalle Pou, seg\u00fan el sitio del diario local El Pa\u00eds.<\/p>\n<p>El uruguayo fue el m\u00e1s punzante al hablar del Mercosur: \u00abAlgunos hablar\u00e1n de flexibilizaci\u00f3n, otros de elasticidad, otros de distintas velocidades; pero como ustedes saben, en estos 30 a\u00f1os de Mercosur hay que rever lo recorrido, quedarse con lo bueno e impulsar lo mejor\u00bb.<\/p>\n<p>Si Abdo Ben\u00edtez hab\u00eda bromeado con la cualidad de las carnes, Lacalle Pou tuvo su momento de humor, al explicar que esta charla \u201cno fue por los puntos, es amistoso\u201d, porque despu\u00e9s le tocar\u00e1 a los cancilleres Francisco Bustillo y Euclides Acevedo \u201chablar formalmente las cosas\u00bb.<\/p>\n<h6>Fuente: Telam<\/h6>\n","protected":false},"excerpt":{"rendered":"<p>\u00abEl avance de Paraguay y Uruguay al mundo es determinante. Necesitamos entrar a los mercados en igualdad de condiciones que nuestros competidores\u00bb, expres\u00f3 Lacalle Pou.<\/p>\n","protected":false},"author":2,"featured_media":112368,"comment_status":"closed","ping_status":"closed","sticky":false,"template":"","format":"standard","meta":{"footnotes":""},"categories":[22],"tags":[57],"class_list":["post-112367","post","type-post","status-publish","format-standard","has-post-thumbnail","hentry","category-el-mundo","tag-el-mundo"],"_links":{"self":[{"href":"http:\/\/argentinamunicipal.com.ar\/argentina\/wp-json\/wp\/v2\/posts\/112367","targetHints":{"allow":["GET"]}}],"collection":[{"href":"http:\/\/argentinamunicipal.com.ar\/argentina\/wp-json\/wp\/v2\/posts"}],"about":[{"href":"http:\/\/argentinamunicipal.com.ar\/argentina\/wp-json\/wp\/v2\/types\/post"}],"author":[{"embeddable":true,"href":"http:\/\/argentinamunicipal.com.ar\/argentina\/wp-json\/wp\/v2\/users\/2"}],"replies":[{"embeddable":true,"href":"http:\/\/argentinamunicipal.com.ar\/argentina\/wp-json\/wp\/v2\/comments?post=112367"}],"version-history":[{"count":0,"href":"http:\/\/argentinamunicipal.com.ar\/argentina\/wp-json\/wp\/v2\/posts\/112367\/revisions"}],"wp:featuredmedia":[{"embeddable":true,"href":"http:\/\/argentinamunicipal.com.ar\/argentina\/wp-json\/wp\/v2\/media\/112368"}],"wp:attachment":[{"href":"http:\/\/argentinamunicipal.com.ar\/argentina\/wp-json\/wp\/v2\/media?parent=112367"}],"wp:term":[{"taxonomy":"category","embeddable":true,"href":"http:\/\/argentinamunicipal.com.ar\/argentina\/wp-json\/wp\/v2\/categories?post=112367"},{"taxonomy":"post_tag","embeddable":true,"href":"http:\/\/argentinamunicipal.com.ar\/argentina\/wp-json\/wp\/v2\/tags?post=112367"}],"curies":[{"name":"wp","href":"https:\/\/api.w.org\/{rel}","templated":true}]}}